{"id":7954,"date":"2022-07-12T09:04:02","date_gmt":"2022-07-12T12:04:02","guid":{"rendered":"https:\/\/imais.online\/portal\/?p=7954"},"modified":"2022-07-12T09:04:04","modified_gmt":"2022-07-12T12:04:04","slug":"indaiatuba-sedia-competicao-internacional-de-danca-ate-domingo","status":"publish","type":"post","link":"https:\/\/imais.online\/portal\/indaiatuba-sedia-competicao-internacional-de-danca-ate-domingo\/","title":{"rendered":"Indaiatuba sedia competi\u00e7\u00e3o internacional de dan\u00e7a at\u00e9 domingo"},"content":{"rendered":"<div class=\"imais-before-content-placement\" id=\"imais-35717369\"><script async src=\"\/\/pagead2.googlesyndication.com\/pagead\/js\/adsbygoogle.js?client=ca-pub-8787528412751566\" crossorigin=\"anonymous\"><\/script><ins class=\"adsbygoogle\" style=\"display:block;\" data-ad-client=\"ca-pub-8787528412751566\" \ndata-ad-slot=\"\" \ndata-ad-format=\"auto\"><\/ins>\n<script> \n(adsbygoogle = window.adsbygoogle || []).push({}); \n<\/script>\n<\/div>\n<p class=\"has-text-align-center\"><em>Programa\u00e7\u00e3o traz coreografias de dan\u00e7as populares e ballet cl\u00e1ssico e de repert\u00f3rio<\/em><\/p>\n\n\n\n<p>O&nbsp;<a href=\"https:\/\/www.passodearte.com.br\/i\" target=\"_blank\" rel=\"noreferrer noopener\">29\u00ba Passo de Arte Grand Prix<\/a>&nbsp;\u2014 competi\u00e7\u00e3o internacional de dan\u00e7a, que re\u00fane, em Indaiatuba (SP), mais de 3 mil bailarinos, d\u00e1 in\u00edcio, a&nbsp;partir desta quarta-feira, 13, a segunda fase da mostra competitiva, que contempla dan\u00e7as populares, ballet cl\u00e1ssico e de repert\u00f3rio. Os melhores trabalhos do <strong>Passo de Arte<\/strong> recebem pr\u00eamios que somam R$25 mil, al\u00e9m de indica\u00e7\u00f5es para bolsas de estudo nos EUA e Europa.&nbsp;O evento vai at\u00e9 o dia 17 de julho, no Centro Integrado de Apoio \u00e0 Educa\u00e7\u00e3o de Indaiatuba (CIAEI) e conta tamb\u00e9m com feira de produtos voltados ao mundo da dan\u00e7a, cursos e workshops. Confira a programa\u00e7\u00e3o <a href=\"https:\/\/www.passodearte.com.br\/eventos_detalhes.php?id_festival=21\" target=\"_blank\" rel=\"noreferrer noopener\">aqui.<\/a>&nbsp;<\/p>\n\n\n\n<p><strong>V\u00cdDEOS<\/strong><strong><br><\/strong>Canal do YouTube Passo de Arte &#8211; Clique<a href=\"https:\/\/www.youtube.com\/user\/passoarte\"> aqui<\/a>&nbsp;<\/p>\n\n\n\n<p><strong>SERVI\u00c7O<\/strong><strong><br>29\u00ba Passo de Arte Grand Prix<br><\/strong>Data: at\u00e9 17 de julho<br>Local: Ciaei \u2013 avenida Engenheiro F\u00e1bio Roberto Barnab\u00e9, 3655, Jardim Regina, Indaiatuba (SP) &#8211;<a href=\"https:\/\/goo.gl\/maps\/zH6vrPPhRQ2kYrVD8\"> MAPA AQUI<\/a>&nbsp;<br>Ingresso: R$ 60 (inteira) \/ R$30 (meia) &#8211; Venda online <a href=\"https:\/\/www.sympla.com.br\/evento\/passo-de-arte-grand-prix\/1599804\">aqui<\/a>&nbsp;<br>Informa\u00e7\u00f5es: (11) 99480 8501 | contato@passodearte.com.br<\/p>\n\n\n\n<p>Site<strong> <\/strong><strong>www.passodearte.com.br<\/strong> | Facebook\/YouTube: <strong>passodearte<\/strong><\/p>\n","protected":false},"excerpt":{"rendered":"<p>Programa\u00e7\u00e3o traz coreografias de dan\u00e7as populares e ballet cl\u00e1ssico e de repert\u00f3rio O&nbsp;29\u00ba Passo de Arte Grand Prix&nbsp;\u2014 competi\u00e7\u00e3o internacional de dan\u00e7a, que re\u00fane, em Indaiatuba (SP), mais de 3 mil bailarinos, d\u00e1 in\u00edcio, a&nbsp;partir desta quarta-feira, 13, a segunda fase da mostra competitiva, que contempla dan\u00e7as populares, ballet cl\u00e1ssico e de repert\u00f3rio. Os melhores [&hellip;]<\/p>\n","protected":false},"author":7,"featured_media":7955,"comment_status":"closed","ping_status":"open","sticky":false,"template":"","format":"standard","meta":{"rop_custom_images_group":[],"rop_custom_messages_group":[],"rop_publish_now":"initial","rop_publish_now_accounts":[],"rop_publish_now_history":[],"rop_publish_now_status":"pending","footnotes":""},"categories":[188],"tags":[],"class_list":["post-7954","post","type-post","status-publish","format-standard","has-post-thumbnail","hentry","category-indaiatuba"],"amp_enabled":true,"_links":{"self":[{"href":"https:\/\/imais.online\/portal\/wp-json\/wp\/v2\/posts\/7954","targetHints":{"allow":["GET"]}}],"collection":[{"href":"https:\/\/imais.online\/portal\/wp-json\/wp\/v2\/posts"}],"about":[{"href":"https:\/\/imais.online\/portal\/wp-json\/wp\/v2\/types\/post"}],"author":[{"embeddable":true,"href":"https:\/\/imais.online\/portal\/wp-json\/wp\/v2\/users\/7"}],"replies":[{"embeddable":true,"href":"https:\/\/imais.online\/portal\/wp-json\/wp\/v2\/comments?post=7954"}],"version-history":[{"count":1,"href":"https:\/\/imais.online\/portal\/wp-json\/wp\/v2\/posts\/7954\/revisions"}],"predecessor-version":[{"id":7956,"href":"https:\/\/imais.online\/portal\/wp-json\/wp\/v2\/posts\/7954\/revisions\/7956"}],"wp:featuredmedia":[{"embeddable":true,"href":"https:\/\/imais.online\/portal\/wp-json\/wp\/v2\/media\/7955"}],"wp:attachment":[{"href":"https:\/\/imais.online\/portal\/wp-json\/wp\/v2\/media?parent=7954"}],"wp:term":[{"taxonomy":"category","embeddable":true,"href":"https:\/\/imais.online\/portal\/wp-json\/wp\/v2\/categories?post=7954"},{"taxonomy":"post_tag","embeddable":true,"href":"https:\/\/imais.online\/portal\/wp-json\/wp\/v2\/tags?post=7954"}],"curies":[{"name":"wp","href":"https:\/\/api.w.org\/{rel}","templated":true}]}}