{"id":7979,"date":"2022-07-12T15:25:56","date_gmt":"2022-07-12T18:25:56","guid":{"rendered":"https:\/\/imais.online\/portal\/?p=7979"},"modified":"2022-07-12T15:25:58","modified_gmt":"2022-07-12T18:25:58","slug":"360-pessoas-participam-de-confraternizacoes-julinas-organizadas-pelos-equipamentos-da-secretaria-de-assistencia-social","status":"publish","type":"post","link":"https:\/\/imais.online\/portal\/360-pessoas-participam-de-confraternizacoes-julinas-organizadas-pelos-equipamentos-da-secretaria-de-assistencia-social\/","title":{"rendered":"360 pessoas participam de confraterniza\u00e7\u00f5es julinas organizadas pelos equipamentos da Secretaria de Assist\u00eancia Social"},"content":{"rendered":"<div class=\"imais-before-content-placement\" id=\"imais-2008972428\"><script async src=\"\/\/pagead2.googlesyndication.com\/pagead\/js\/adsbygoogle.js?client=ca-pub-8787528412751566\" crossorigin=\"anonymous\"><\/script><ins class=\"adsbygoogle\" style=\"display:block;\" data-ad-client=\"ca-pub-8787528412751566\" \ndata-ad-slot=\"\" \ndata-ad-format=\"auto\"><\/ins>\n<script> \n(adsbygoogle = window.adsbygoogle || []).push({}); \n<\/script>\n<\/div>\n<p><strong><em>Centro PCD e Paasi realizaram festa julina na \u00faltima sexta com os familiares e participantes dos projetos<\/em><\/strong><\/p>\n\n\n\n<p>A Secretaria de Assist\u00eancia Social por meio do Centro PCD e do Paasi, organizaram na \u00faltima sexta-feira (8), duas festas julinas com os familiares e participantes dos projetos. Ao todo, 360 pessoas participaram das confraterniza\u00e7\u00f5es e puderam desfrutar de comidas t\u00edpicas, brincadeiras, gincanas e dan\u00e7as. O objetivo dos eventos, que contaram com a presen\u00e7a do prefeito de Indaiatuba, Nilson Gaspar, foi a socializa\u00e7\u00e3o e a inclus\u00e3o social.<\/p>\n\n\n\n<p>Segundo o secret\u00e1rio de Assist\u00eancia Social, D\u00e9cio Rocha, promover eventos deste n\u00edvel auxilia na socializa\u00e7\u00e3o e desenvolvimento dos participantes. \u201cFizemos a festa no Centro PCD, que \u00e9 o centro que cuida de pessoas com defici\u00eancia e notamos que os nossos participantes ficaram muito felizes em ter uma festinha para chamar deles, onde eles puderam se reunir com seus familiares e amigos. Isso tem um ganho social muito grande\u201d, celebrou Rocha. \u201cNo Bem Viver, onde organizamos a festinha do Paasi, 280 pessoas estiverem em uma sexta \u00e0 noite para socializar entre si, entre pais, alunos e professores. Estou muito feliz. S\u00f3 elogios\u201d, concluiu o secret\u00e1rio.<\/p>\n\n\n\n<p>O Centro PCD tem como objetivo proceder as orienta\u00e7\u00f5es e encaminhamentos voltados aos direitos da pessoa com defici\u00eancia. Executa os servi\u00e7os e programas que desenvolvem a inclus\u00e3o social dessas pessoas. O Centro PCD fica localizado&nbsp;na Rua da Caixa D&#8217;\u00c1gua, 162, Jardim Santa Cruz.<\/p>\n\n\n\n<p><img decoding=\"async\" src=\"blob:https:\/\/imais.online\/738c8284-5609-4038-ab91-f3668a65e771\">Festa Julina no Centro PCD &#8211; Foto: Eliandro Figueira RIC\/PMI<\/p>\n\n\n\n<p>O Paasi \u00e9 o Polo de Assist\u00eancia e Apoio Socioeducativo Infantil, atende crian\u00e7as de 6 a 11 anos e 11 meses de idade e suas fam\u00edlias que se encontram em vulnerabilidade social. Trabalha no contraturno escolar, oferecendo atividades esportivas, culturais, artesanais e de lazer. O Paasi est\u00e1 localizado na Rua Jos\u00e9 Maria de Almeida, s\/n, Jo\u00e3o Pioli.<\/p>\n\n\n\n<p><img decoding=\"async\" src=\"blob:https:\/\/imais.online\/25bf12b0-8bea-4dda-a665-29e1c2e832f7\">Festa Julina no Bem Viver do Paasi &#8211; Foto: Eliandro Figueira RIC\/PMI.<\/p>\n","protected":false},"excerpt":{"rendered":"<p>Centro PCD e Paasi realizaram festa julina na \u00faltima sexta com os familiares e participantes dos projetos A Secretaria de Assist\u00eancia Social por meio do Centro PCD e do Paasi, organizaram na \u00faltima sexta-feira (8), duas festas julinas com os familiares e participantes dos projetos. Ao todo, 360 pessoas participaram das confraterniza\u00e7\u00f5es e puderam desfrutar [&hellip;]<\/p>\n","protected":false},"author":8,"featured_media":7980,"comment_status":"closed","ping_status":"open","sticky":false,"template":"","format":"standard","meta":{"rop_custom_images_group":[],"rop_custom_messages_group":[],"rop_publish_now":"initial","rop_publish_now_accounts":[],"rop_publish_now_history":[],"rop_publish_now_status":"pending","footnotes":""},"categories":[188],"tags":[],"class_list":["post-7979","post","type-post","status-publish","format-standard","has-post-thumbnail","hentry","category-indaiatuba"],"amp_enabled":true,"_links":{"self":[{"href":"https:\/\/imais.online\/portal\/wp-json\/wp\/v2\/posts\/7979","targetHints":{"allow":["GET"]}}],"collection":[{"href":"https:\/\/imais.online\/portal\/wp-json\/wp\/v2\/posts"}],"about":[{"href":"https:\/\/imais.online\/portal\/wp-json\/wp\/v2\/types\/post"}],"author":[{"embeddable":true,"href":"https:\/\/imais.online\/portal\/wp-json\/wp\/v2\/users\/8"}],"replies":[{"embeddable":true,"href":"https:\/\/imais.online\/portal\/wp-json\/wp\/v2\/comments?post=7979"}],"version-history":[{"count":1,"href":"https:\/\/imais.online\/portal\/wp-json\/wp\/v2\/posts\/7979\/revisions"}],"predecessor-version":[{"id":7981,"href":"https:\/\/imais.online\/portal\/wp-json\/wp\/v2\/posts\/7979\/revisions\/7981"}],"wp:featuredmedia":[{"embeddable":true,"href":"https:\/\/imais.online\/portal\/wp-json\/wp\/v2\/media\/7980"}],"wp:attachment":[{"href":"https:\/\/imais.online\/portal\/wp-json\/wp\/v2\/media?parent=7979"}],"wp:term":[{"taxonomy":"category","embeddable":true,"href":"https:\/\/imais.online\/portal\/wp-json\/wp\/v2\/categories?post=7979"},{"taxonomy":"post_tag","embeddable":true,"href":"https:\/\/imais.online\/portal\/wp-json\/wp\/v2\/tags?post=7979"}],"curies":[{"name":"wp","href":"https:\/\/api.w.org\/{rel}","templated":true}]}}