{"id":8012,"date":"2022-07-13T15:36:44","date_gmt":"2022-07-13T18:36:44","guid":{"rendered":"https:\/\/imais.online\/portal\/?p=8012"},"modified":"2022-07-13T15:36:46","modified_gmt":"2022-07-13T18:36:46","slug":"funssol-realiza-balanco-semestral-do-projeto-maos-dadas","status":"publish","type":"post","link":"https:\/\/imais.online\/portal\/funssol-realiza-balanco-semestral-do-projeto-maos-dadas\/","title":{"rendered":"Funssol realiza balan\u00e7o semestral do Projeto M\u00e3os Dadas"},"content":{"rendered":"<div class=\"imais-before-content-placement\" id=\"imais-1528426371\"><script async src=\"\/\/pagead2.googlesyndication.com\/pagead\/js\/adsbygoogle.js?client=ca-pub-8787528412751566\" crossorigin=\"anonymous\"><\/script><ins class=\"adsbygoogle\" style=\"display:block;\" data-ad-client=\"ca-pub-8787528412751566\" \ndata-ad-slot=\"\" \ndata-ad-format=\"auto\"><\/ins>\n<script> \n(adsbygoogle = window.adsbygoogle || []).push({}); \n<\/script>\n<\/div>\n<p>O Fundo Social de Solidariedade (Funssol) disponibiliza o balan\u00e7o semestral de distribui\u00e7\u00e3o de doa\u00e7\u00f5es do Projeto M\u00e3os Dadas. Foram atendidos 37 projetos sociais e 182 familias em car\u00e1ter emergencial. Nestes seis meses foram repassadas 2.045 cestas b\u00e1sicas, 3.346 quilos de alimentos n\u00e3o perec\u00edveis, 2.456 litros de leite, 1.616 unidades de materiais de limpeza, 521 unidades de materiais de higiene pessoal e 474 pacotes de fraldas.<\/p>\n\n\n\n<p>As OSCs e projetos sociais beneficiados foram: Associa\u00e7\u00e3o Beneficente ABID, Amor Solid\u00e1rio em A\u00e7\u00e3o, Apae (Associa\u00e7\u00e3o de Pais e Amigos dos Excepcionais de Indaiatuba), Associa\u00e7\u00e3o Humanit\u00e1ria Casa Esperan\u00e7a, Caminho da Luz, Casa da Crian\u00e7a Jesus de Nazar\u00e9, Casa da Fraternidade, Casa da Mulher An\u00e1lia Franco, Casa da Provid\u00eancia, Casa de Ora\u00e7\u00e3o, Casa de Passagem Atos 4,&nbsp; Cecal (Centro de Conviv\u00eancia Amor sem Limites), Ciaspe (Centro de Inclus\u00e3o, Assist\u00eancia \u00e0s Pessoas com Necessidades Especiais), Cirva (Centro de Integra\u00e7\u00e3o, Reabilita\u00e7\u00e3o e Viv\u00eancia dos Autistas), Comunidade Farol, Cresans (Centro de Refer\u00eancia em Seguran\u00e7a Alimentar e Nutricional Sustent\u00e1vel), Cristolandia, Dispens\u00e1rio Ant\u00f4nio Frederico Ozanam \u2013 Vicentinos, Educand\u00e1rio Deus e a Natureza, Gruvec (Grupo de Volunt\u00e1rios em Emerg\u00eancias e Conting\u00eancias), Haoc (Hospital Augusto de Oliveira Camargo), IAPC (Instituto de Assist\u00eancia e Preven\u00e7\u00e3o ao C\u00e2ncer), Lar de Velhos \u201cEmmanuel\u201d,&nbsp; Lar S\u00e3o Francisco de Assis (Assoc. Fil. e Asist. S\u00e3o Francisco de Assis), Manaem &#8211; Obras Sociais e Educacionais, M\u00e3os Ajudadoras, Nasf (N\u00facleo de Apoio \u00e0 Sa\u00fade da Familia), Organiza\u00e7\u00e3o Assistencial Bolha de Sab\u00e3o, Pastoral Da Caridade S\u00e3o Francisco de Assis &#8211; Parque Indai\u00e1, Projeto Restaurar, Resid\u00eancia Inclusiva, Rever a Cidadania, Sisni (Sociedade Interativa Sol Nascente de Indaiatuba), Sociedade Amigos de Bairro Sobrasil, Turma do Tutty, Um ato de Amor e Volacc (Volunt\u00e1rios de Apoio \u00e0 Fam\u00edlia com Pessoas Portadoras de C\u00e2ncer e Patologias Hematol\u00f3gicas).<\/p>\n\n\n\n<p>A Presidente do Funssol, Maria das Gra\u00e7as Ara\u00fajo Massimo, expressa a import\u00e2ncia de cada contribui\u00e7\u00e3o. \u201c\u00c9 gratificante ver esse montante e saber que conseguimos, por meio da popula\u00e7\u00e3o e de empresas parceiras, suprir a necessidade de muitas pessoas que est\u00e3o em vulnerabilidade. Nos surpreendemos a cada balan\u00e7o ao vermos a solidariedade de todos. S\u00f3 tenho que agradecer a oportunidade de estar \u00e0 frente do Fundo Social, concedida pelo prefeito, e tamb\u00e9m a cada um que nos permite manter nossas a\u00e7\u00f5es atrav\u00e9s de cada item doado\u201d, pontua.<\/p>\n\n\n\n<p><strong>Sobre o Projeto M\u00e3os Dadas<\/strong><\/p>\n\n\n\n<p>O Projeto M\u00e3os Dadas tem como finalidade receber doa\u00e7\u00f5es de alimentos, fralda geri\u00e1trica,&nbsp; leite, produtos de higiene e limpeza da popula\u00e7\u00e3o e iniciativa privada para repasse aos Projetos Sociais do Munic\u00edpio e atendimento as fam\u00edlias que estejam em vulnerabilidade social.<\/p>\n","protected":false},"excerpt":{"rendered":"<p>O Fundo Social de Solidariedade (Funssol) disponibiliza o balan\u00e7o semestral de distribui\u00e7\u00e3o de doa\u00e7\u00f5es do Projeto M\u00e3os Dadas. Foram atendidos 37 projetos sociais e 182 familias em car\u00e1ter emergencial. Nestes seis meses foram repassadas 2.045 cestas b\u00e1sicas, 3.346 quilos de alimentos n\u00e3o perec\u00edveis, 2.456 litros de leite, 1.616 unidades de materiais de limpeza, 521 unidades [&hellip;]<\/p>\n","protected":false},"author":8,"featured_media":8013,"comment_status":"closed","ping_status":"open","sticky":false,"template":"","format":"standard","meta":{"rop_custom_images_group":[],"rop_custom_messages_group":[],"rop_publish_now":"initial","rop_publish_now_accounts":[],"rop_publish_now_history":[],"rop_publish_now_status":"pending","footnotes":""},"categories":[188],"tags":[],"class_list":["post-8012","post","type-post","status-publish","format-standard","has-post-thumbnail","hentry","category-indaiatuba"],"amp_enabled":true,"_links":{"self":[{"href":"https:\/\/imais.online\/portal\/wp-json\/wp\/v2\/posts\/8012","targetHints":{"allow":["GET"]}}],"collection":[{"href":"https:\/\/imais.online\/portal\/wp-json\/wp\/v2\/posts"}],"about":[{"href":"https:\/\/imais.online\/portal\/wp-json\/wp\/v2\/types\/post"}],"author":[{"embeddable":true,"href":"https:\/\/imais.online\/portal\/wp-json\/wp\/v2\/users\/8"}],"replies":[{"embeddable":true,"href":"https:\/\/imais.online\/portal\/wp-json\/wp\/v2\/comments?post=8012"}],"version-history":[{"count":1,"href":"https:\/\/imais.online\/portal\/wp-json\/wp\/v2\/posts\/8012\/revisions"}],"predecessor-version":[{"id":8014,"href":"https:\/\/imais.online\/portal\/wp-json\/wp\/v2\/posts\/8012\/revisions\/8014"}],"wp:featuredmedia":[{"embeddable":true,"href":"https:\/\/imais.online\/portal\/wp-json\/wp\/v2\/media\/8013"}],"wp:attachment":[{"href":"https:\/\/imais.online\/portal\/wp-json\/wp\/v2\/media?parent=8012"}],"wp:term":[{"taxonomy":"category","embeddable":true,"href":"https:\/\/imais.online\/portal\/wp-json\/wp\/v2\/categories?post=8012"},{"taxonomy":"post_tag","embeddable":true,"href":"https:\/\/imais.online\/portal\/wp-json\/wp\/v2\/tags?post=8012"}],"curies":[{"name":"wp","href":"https:\/\/api.w.org\/{rel}","templated":true}]}}