{"id":8018,"date":"2022-07-14T15:42:39","date_gmt":"2022-07-14T18:42:39","guid":{"rendered":"https:\/\/imais.online\/portal\/?p=8018"},"modified":"2022-07-14T15:42:48","modified_gmt":"2022-07-14T18:42:48","slug":"encontro-musical-de-indaiatuba-promove-quatro-dias-de-atracoes-com-entrada-gratuita","status":"publish","type":"post","link":"https:\/\/imais.online\/portal\/encontro-musical-de-indaiatuba-promove-quatro-dias-de-atracoes-com-entrada-gratuita\/","title":{"rendered":"Encontro Musical de Indaiatuba promove quatro dias de atra\u00e7\u00f5es com entrada gratuita"},"content":{"rendered":"<div class=\"imais-before-content-placement\" id=\"imais-1884793704\"><script async src=\"\/\/pagead2.googlesyndication.com\/pagead\/js\/adsbygoogle.js?client=ca-pub-8787528412751566\" crossorigin=\"anonymous\"><\/script><ins class=\"adsbygoogle\" style=\"display:block;\" data-ad-client=\"ca-pub-8787528412751566\" \ndata-ad-slot=\"\" \ndata-ad-format=\"auto\"><\/ins>\n<script> \n(adsbygoogle = window.adsbygoogle || []).push({}); \n<\/script>\n<\/div>\n<p><em>Encerramento de terceira edi\u00e7\u00e3o do projeto da Orquestra Sinf\u00f4nica traz concertos ao CIAEI<\/em><\/p>\n\n\n\n<p>A terceira edi\u00e7\u00e3o do Encontro Musical de Indaiatuba (EMIn), promovido pela Orquestra Sinf\u00f4nica de Indaiatuba em parceria com a Prefeitura de Indaiatuba, por meio da Secretaria Municipal de Cultura, tem in\u00edcio dia 20 de julho, com quatro apresenta\u00e7\u00f5es que v\u00e3o do repert\u00f3rio cl\u00e1ssico ao jazz. Todas acontecem na Sala Acr\u00edsio de Camargo, no Centro Integrado de Apoio \u00e0 Educa\u00e7\u00e3o de Indaiatuba (CIAEI), com entrada franca e por ordem de chegada.<\/p>\n\n\n\n<p>Para abrir oficialmente o EMIn, no dia 20, a Orquestra Sinf\u00f4nica de Indaiatuba executa a abertura de&nbsp;<em>Egmont<\/em>, pe\u00e7a musical de Beethoven, e o&nbsp;<em>Concerto Duplo<\/em>, composto por Brahms. Com reg\u00eancia e dire\u00e7\u00e3o art\u00edstica do maestro Paulo de Paula, a apresenta\u00e7\u00e3o recebe ainda dois solistas convidados: Cl\u00e1udio Micheletti (violino) e Andr\u00e9 Micheletti (violoncelo).<\/p>\n\n\n\n<p>Logo no dia seguinte, 21, o p\u00fablico poder\u00e1 conferir o quinteto de clarinetes Sujeito a Guincho, que vem com um repert\u00f3rio de obras concebidas por Torelli, Villa-Lobos, Paulinho da Viola e Sondheim, al\u00e9m de m\u00fasicas autorais. O grupo j\u00e1 coleciona 30 anos de carreira, trilhados com a expertise dos m\u00fasicos S\u00e9rgio Burgani (clarinete), Luca Raele (clarinete), Luis Afonso Montanha (clarinete e clarone), Daniel Oliveira (clarinete e clarone) e Tiago Garcia (clarinete).<\/p>\n\n\n\n<p>A Orquestra Sinf\u00f4nica da Unicamp se apresenta no dia 22, com reg\u00eancia da maestrina Cinthia Alireti e participa\u00e7\u00e3o especial do violoncelista belga Ilia Laporev. As composi\u00e7\u00f5es selecionadas para a ocasi\u00e3o s\u00e3o a&nbsp;<em>Sinfonia n\u00ba3<\/em>, de Schubert, e&nbsp;<em>Concerto para violoncelo<\/em>, de Saint-Sa\u00ebns<em>.<\/em>&nbsp;Todos os concertos acontecem a partir das 20h, na Sala Acr\u00edsio de Camargo.<\/p>\n\n\n\n<p><strong>Oficinas<\/strong><\/p>\n\n\n\n<p>Paralelo \u00e0 programa\u00e7\u00e3o cultural, ser\u00e3o realizadas 13 oficinas para quem se inscreveu previamente, envolvendo aprendizados nos instrumentos violino, viola, violoncelo, contrabaixo, flauta transversal, clarinete e trompete.<\/p>\n\n\n\n<p>O corpo docente \u00e9 composto por profissionais reconhecidos no meio musical nacional e internacional, como Adonhiran Reis, Ana Paula Freire, Andr\u00e9 e Cl\u00e1udio Micheletti, Davi Graton, Fernando Dissenha, Gabriel Marin, Ilia Laporev, Luiz Afonso Montanha e Rog\u00e9rio Wolf.<\/p>\n\n\n\n<p>As aulas acontecem em tr\u00eas polos: Centro de Conven\u00e7\u00f5es Aydil Pinesi Bonachela, Centro Cultural Wanderley Peres e Esta\u00e7\u00e3o Musical. Informa\u00e7\u00f5es sobre as aulas podem ser conferidas em\u00a0www.orquestradeindaiatuba.org.br\/EMIN.<\/p>\n\n\n\n<p><strong>Encerramento<\/strong><\/p>\n\n\n\n<p>Para finalizar as atividades do EMIn, no dia 23, os alunos integrar\u00e3o uma das tr\u00eas forma\u00e7\u00f5es orquestrais do projeto: Orquestra Acad\u00eamica, com reg\u00eancia de Paulo de Paula; Orquestra de C\u00e2mara, regida por Felipe Oliveira; e Orquestra Suzuki, com o regente Ricardo Sander.<\/p>\n\n\n\n<p>As apresenta\u00e7\u00f5es tamb\u00e9m ser\u00e3o na Sala Acr\u00edsio de Camargo, a partir das 20h, e contar\u00e3o com a presen\u00e7a dos solistas convidados Davi Graton (violino) e Rog\u00e9rio Wolf (flauta). Mais informa\u00e7\u00f5es pelo telefone (19) 99937-2410 ou pelo e-mail&nbsp;<a href=\"mailto:producao.osindaiatuba@gmail.com\">producao.osindaiatuba@gmail.com<\/a>.<\/p>\n\n\n\n<p><strong>&#8230;servi\u00e7o&#8230;<\/strong><\/p>\n\n\n\n<p><strong>3\u00ba EMIn &#8211; Encontro Musical de Indaiatuba<\/strong><\/p>\n\n\n\n<p>20\/07 &#8211;&nbsp;Orquestra Sinf\u00f4nica de Indaiatuba<br>21\/07 &#8211; Sujeito a Guincho<br>22\/07 &#8211;&nbsp;Orquestra Sinf\u00f4nica da Unicamp<br>23\/07 &#8211;&nbsp;Concerto de Encerramento<\/p>\n\n\n\n<p><strong>Hor\u00e1rio dos concertos<\/strong>: 20h<br><strong>Local<\/strong>: Sala Acr\u00edsio de Camargo, no CIAEI<br><strong>Endere\u00e7o<\/strong>: Av. Eng. F\u00e1bio Roberto Barnab\u00e9, 3.665, Jardim Regina<br><strong>Entrada gratuita&nbsp;e por ordem de chegada<\/strong><\/p>\n\n\n\n<figure class=\"wp-block-image size-full\"><img loading=\"lazy\" decoding=\"async\" width=\"1008\" height=\"1008\" src=\"https:\/\/imais.online\/portal\/wp-content\/uploads\/2022\/07\/image-1.jpeg\" alt=\"\" class=\"wp-image-8019\" srcset=\"https:\/\/imais.online\/portal\/wp-content\/uploads\/2022\/07\/image-1.jpeg 1008w, https:\/\/imais.online\/portal\/wp-content\/uploads\/2022\/07\/image-1-300x300.jpeg 300w, https:\/\/imais.online\/portal\/wp-content\/uploads\/2022\/07\/image-1-150x150.jpeg 150w, https:\/\/imais.online\/portal\/wp-content\/uploads\/2022\/07\/image-1-768x768.jpeg 768w, https:\/\/imais.online\/portal\/wp-content\/uploads\/2022\/07\/image-1-80x80.jpeg 80w\" sizes=\"auto, (max-width: 1008px) 100vw, 1008px\" \/><\/figure>\n","protected":false},"excerpt":{"rendered":"<p>Encerramento de terceira edi\u00e7\u00e3o do projeto da Orquestra Sinf\u00f4nica traz concertos ao CIAEI A terceira edi\u00e7\u00e3o do Encontro Musical de Indaiatuba (EMIn), promovido pela Orquestra Sinf\u00f4nica de Indaiatuba em parceria com a Prefeitura de Indaiatuba, por meio da Secretaria Municipal de Cultura, tem in\u00edcio dia 20 de julho, com quatro apresenta\u00e7\u00f5es que v\u00e3o do repert\u00f3rio [&hellip;]<\/p>\n","protected":false},"author":8,"featured_media":8020,"comment_status":"closed","ping_status":"open","sticky":false,"template":"","format":"standard","meta":{"rop_custom_images_group":[],"rop_custom_messages_group":[],"rop_publish_now":"initial","rop_publish_now_accounts":[],"rop_publish_now_history":[],"rop_publish_now_status":"pending","footnotes":""},"categories":[188],"tags":[],"class_list":["post-8018","post","type-post","status-publish","format-standard","has-post-thumbnail","hentry","category-indaiatuba"],"amp_enabled":true,"_links":{"self":[{"href":"https:\/\/imais.online\/portal\/wp-json\/wp\/v2\/posts\/8018","targetHints":{"allow":["GET"]}}],"collection":[{"href":"https:\/\/imais.online\/portal\/wp-json\/wp\/v2\/posts"}],"about":[{"href":"https:\/\/imais.online\/portal\/wp-json\/wp\/v2\/types\/post"}],"author":[{"embeddable":true,"href":"https:\/\/imais.online\/portal\/wp-json\/wp\/v2\/users\/8"}],"replies":[{"embeddable":true,"href":"https:\/\/imais.online\/portal\/wp-json\/wp\/v2\/comments?post=8018"}],"version-history":[{"count":2,"href":"https:\/\/imais.online\/portal\/wp-json\/wp\/v2\/posts\/8018\/revisions"}],"predecessor-version":[{"id":8022,"href":"https:\/\/imais.online\/portal\/wp-json\/wp\/v2\/posts\/8018\/revisions\/8022"}],"wp:featuredmedia":[{"embeddable":true,"href":"https:\/\/imais.online\/portal\/wp-json\/wp\/v2\/media\/8020"}],"wp:attachment":[{"href":"https:\/\/imais.online\/portal\/wp-json\/wp\/v2\/media?parent=8018"}],"wp:term":[{"taxonomy":"category","embeddable":true,"href":"https:\/\/imais.online\/portal\/wp-json\/wp\/v2\/categories?post=8018"},{"taxonomy":"post_tag","embeddable":true,"href":"https:\/\/imais.online\/portal\/wp-json\/wp\/v2\/tags?post=8018"}],"curies":[{"name":"wp","href":"https:\/\/api.w.org\/{rel}","templated":true}]}}