{"id":8023,"date":"2022-07-14T15:44:31","date_gmt":"2022-07-14T18:44:31","guid":{"rendered":"https:\/\/imais.online\/portal\/?p=8023"},"modified":"2022-07-14T15:44:32","modified_gmt":"2022-07-14T18:44:32","slug":"central-de-libras-completa-um-ano-de-aplicabilidade-no-municipio","status":"publish","type":"post","link":"https:\/\/imais.online\/portal\/central-de-libras-completa-um-ano-de-aplicabilidade-no-municipio\/","title":{"rendered":"Central de Libras completa um ano de aplicabilidade no munic\u00edpio"},"content":{"rendered":"<div class=\"imais-before-content-placement\" id=\"imais-2173379796\"><script async src=\"\/\/pagead2.googlesyndication.com\/pagead\/js\/adsbygoogle.js?client=ca-pub-8787528412751566\" crossorigin=\"anonymous\"><\/script><ins class=\"adsbygoogle\" style=\"display:block;\" data-ad-client=\"ca-pub-8787528412751566\" \ndata-ad-slot=\"\" \ndata-ad-format=\"auto\"><\/ins>\n<script> \n(adsbygoogle = window.adsbygoogle || []).push({}); \n<\/script>\n<\/div>\n<p>Nesta quinta-feira (14) a Central de Libras completa um ano de implanta\u00e7\u00e3o com a procura de 561 pessoas. Em 2021, a Prefeitura de Indaiatuba disponibilizou em todas as reparti\u00e7\u00f5es p\u00fablicas, o aplicativo da Icom, Qr Code e um \u00edcone de acesso no site que permite a tradu\u00e7\u00e3o simult\u00e2nea para surdos. S\u00e3o mais de 150 int\u00e9rpretes dispon\u00edveis por v\u00eddeo chamada durante sete dias da semana, 24 horas por dia.<\/p>\n\n\n\n<p>O sistema foi disponibilizado em fase de teste de 100 dias e obteve a procura de 182 pessoas. Ap\u00f3s esse per\u00edodo, foi efetivado o servi\u00e7o no setor p\u00fablico e, no dia 24 de fevereiro de 2022, houve a expans\u00e3o para com\u00e9rcios, ind\u00fastrias e de servi\u00e7os.&nbsp;Indaiatuba \u00e9 a primeira cidade do estado a disponibilizar o servi\u00e7o tamb\u00e9m para uso em setores privados.&nbsp;\u201cA Central de Libras j\u00e1 estava em nosso Plano de Governo. Neste ano realizamos a amplia\u00e7\u00e3o para todo o munic\u00edpio com a finalidade de que as pessoas surdas pudessem se comunicar, de forma independente, em toda a nossa cidade. \u00c9 gratificante participar desse avan\u00e7o e inclus\u00e3o da comunidade surda. Uma inova\u00e7\u00e3o que disponibilizamos com o servi\u00e7o \u00e9 &nbsp;internet subsidiada pela prefeitura, ou seja,&nbsp;sem debitar o valor do pacote de dados do usu\u00e1rio. Mais uma facilidade para uma comunica\u00e7\u00e3o &nbsp;acess\u00edvel e eficaz\u201d, relata o prefeito, Nilson Gaspar.<\/p>\n\n\n\n<p>De acordo com a &nbsp;secret\u00e1ria de Rela\u00e7\u00f5es Institucionais e Comunica\u00e7\u00e3o, dra. Graziela Milani, o servi\u00e7o surgiu com o intuito de melhorar a comunica\u00e7\u00e3o. \u201cN\u00f3s precisamos estar sempre atentos \u00e0 demanda da popula\u00e7\u00e3o. Todos precisam se comunicar e nem todos tem acesso a um int\u00e9rprete o dia todo. Por isso, o servi\u00e7o veio suprir a necessidade e trazer um suporte com a possibilidade de ser acessada de maneira simples e pr\u00e1tica. Com isso, realizamos constantemente treinamentos para capacitar cada vez mais profissionais a fim de orientar a popula\u00e7\u00e3o\u201d, explica.<\/p>\n\n\n\n<p><strong><u>Como acessar a Central&nbsp; de Libras<\/u><\/strong><\/p>\n\n\n\n<p>Basta baixar o aplicativo da Icom, dispon\u00edvel para iOS e Android, ou apontar a c\u00e2mera do celular para o QR Code dispon\u00edvel em cartazes distribu\u00eddos aos estabelecimentos, \u00e9 necess\u00e1rio habilitar microfone para a v\u00eddeo chamada. Tamb\u00e9m pode ser acessada pelo \u00edcone disponibilizado na p\u00e1gina principal do site da Prefeitura de Indaiatuba.&nbsp;A iniciativa da Central de Libras foi idealizada a partir da Lei n\u00ba 7.211, de autoria da vereadora Silene Carvalini.<\/p>\n\n\n\n<p>Os materiais tamb\u00e9m podem ser solicitados na Secretaria Municipal de Rela\u00e7\u00f5es Institucionais e Comunica\u00e7\u00e3o pelo telefone (19) 3834-9398 ou pelo WhatsApp 9 9773-4701.<\/p>\n","protected":false},"excerpt":{"rendered":"<p>Nesta quinta-feira (14) a Central de Libras completa um ano de implanta\u00e7\u00e3o com a procura de 561 pessoas. Em 2021, a Prefeitura de Indaiatuba disponibilizou em todas as reparti\u00e7\u00f5es p\u00fablicas, o aplicativo da Icom, Qr Code e um \u00edcone de acesso no site que permite a tradu\u00e7\u00e3o simult\u00e2nea para surdos. S\u00e3o mais de 150 int\u00e9rpretes [&hellip;]<\/p>\n","protected":false},"author":8,"featured_media":8024,"comment_status":"closed","ping_status":"open","sticky":false,"template":"","format":"standard","meta":{"rop_custom_images_group":[],"rop_custom_messages_group":[],"rop_publish_now":"initial","rop_publish_now_accounts":[],"rop_publish_now_history":[],"rop_publish_now_status":"pending","footnotes":""},"categories":[188],"tags":[73],"class_list":["post-8023","post","type-post","status-publish","format-standard","has-post-thumbnail","hentry","category-indaiatuba","tag-featured"],"amp_enabled":true,"_links":{"self":[{"href":"https:\/\/imais.online\/portal\/wp-json\/wp\/v2\/posts\/8023","targetHints":{"allow":["GET"]}}],"collection":[{"href":"https:\/\/imais.online\/portal\/wp-json\/wp\/v2\/posts"}],"about":[{"href":"https:\/\/imais.online\/portal\/wp-json\/wp\/v2\/types\/post"}],"author":[{"embeddable":true,"href":"https:\/\/imais.online\/portal\/wp-json\/wp\/v2\/users\/8"}],"replies":[{"embeddable":true,"href":"https:\/\/imais.online\/portal\/wp-json\/wp\/v2\/comments?post=8023"}],"version-history":[{"count":1,"href":"https:\/\/imais.online\/portal\/wp-json\/wp\/v2\/posts\/8023\/revisions"}],"predecessor-version":[{"id":8025,"href":"https:\/\/imais.online\/portal\/wp-json\/wp\/v2\/posts\/8023\/revisions\/8025"}],"wp:featuredmedia":[{"embeddable":true,"href":"https:\/\/imais.online\/portal\/wp-json\/wp\/v2\/media\/8024"}],"wp:attachment":[{"href":"https:\/\/imais.online\/portal\/wp-json\/wp\/v2\/media?parent=8023"}],"wp:term":[{"taxonomy":"category","embeddable":true,"href":"https:\/\/imais.online\/portal\/wp-json\/wp\/v2\/categories?post=8023"},{"taxonomy":"post_tag","embeddable":true,"href":"https:\/\/imais.online\/portal\/wp-json\/wp\/v2\/tags?post=8023"}],"curies":[{"name":"wp","href":"https:\/\/api.w.org\/{rel}","templated":true}]}}