{"id":8026,"date":"2022-07-15T13:56:46","date_gmt":"2022-07-15T16:56:46","guid":{"rendered":"https:\/\/imais.online\/portal\/?p=8026"},"modified":"2022-07-15T13:56:47","modified_gmt":"2022-07-15T16:56:47","slug":"secretaria-de-esportes-promove-projeto-agosto-esportivo-nos-30-anos-do-parque-ecologico","status":"publish","type":"post","link":"https:\/\/imais.online\/portal\/secretaria-de-esportes-promove-projeto-agosto-esportivo-nos-30-anos-do-parque-ecologico\/","title":{"rendered":"Secretaria de Esportes promove projeto Agosto Esportivo nos 30 anos do Parque Ecol\u00f3gico"},"content":{"rendered":"<div class=\"imais-before-content-placement\" id=\"imais-3714879532\"><script async src=\"\/\/pagead2.googlesyndication.com\/pagead\/js\/adsbygoogle.js?client=ca-pub-8787528412751566\" crossorigin=\"anonymous\"><\/script><ins class=\"adsbygoogle\" style=\"display:block;\" data-ad-client=\"ca-pub-8787528412751566\" \ndata-ad-slot=\"\" \ndata-ad-format=\"auto\"><\/ins>\n<script> \n(adsbygoogle = window.adsbygoogle || []).push({}); \n<\/script>\n<\/div>\n<p><em>Doze atividades acontecem ao longo do m\u00eas para todas as idades<\/em><\/p>\n\n\n\n<p>Em comemora\u00e7\u00e3o aos 30 anos do Parque Ecol\u00f3gico, a Prefeitura de Indaiatuba, por meio da Secretaria Municipal de Esportes, anuncia o projeto Agosto Esportivo, um m\u00eas inteiro de eventos criados para reunir os alunos dos programas esportivos, seus familiares e respons\u00e1veis, atletas da Secretaria de Esportes e a popula\u00e7\u00e3o. As atividades acontecer\u00e3o em diversos equipamentos e pra\u00e7as esportivas ao longo do Parque Ecol\u00f3gico.<\/p>\n\n\n\n<p>As atividades ser\u00e3o direcionadas para crian\u00e7as e adolescentes de 6 a 14 anos, jovens de 15 a 21 anos, adultos, terceira idade e pessoas com defici\u00eancia. \u201cO Agosto Esportivo foi criado para integrar os alunos dos projetos esportivos, a popula\u00e7\u00e3o e os atletas do Esporte em um m\u00eas de muitas atividades\u201d, destaca o prefeito Nilson Gaspar.<\/p>\n\n\n\n<p>\u201cEste projeto foi criado a pedido do prefeito para que a Secretaria Municipal de Esportes integrasse a comemora\u00e7\u00e3o dos 30 anos do Parque Ecol\u00f3gico, um espa\u00e7o j\u00e1 utilizado por muitos para a pr\u00e1tica esportiva\u201d, aponta o secret\u00e1rio Marcos Ant\u00f4nio de Moraes, o Marquinhos. \u201cTeremos 12 atividades de diversas modalidades, comprovando a pluralidade do Parque Ecol\u00f3gico, algo previsto desde seu projeto inicial\u201d.<\/p>\n\n\n\n<figure class=\"wp-block-image size-large\"><img loading=\"lazy\" decoding=\"async\" width=\"1024\" height=\"684\" src=\"https:\/\/imais.online\/portal\/wp-content\/uploads\/2022\/07\/image-2-1024x684.jpeg\" alt=\"\" class=\"wp-image-8027\" srcset=\"https:\/\/imais.online\/portal\/wp-content\/uploads\/2022\/07\/image-2-1024x684.jpeg 1024w, https:\/\/imais.online\/portal\/wp-content\/uploads\/2022\/07\/image-2-300x200.jpeg 300w, https:\/\/imais.online\/portal\/wp-content\/uploads\/2022\/07\/image-2-768x513.jpeg 768w, https:\/\/imais.online\/portal\/wp-content\/uploads\/2022\/07\/image-2.jpeg 1280w\" sizes=\"auto, (max-width: 1024px) 100vw, 1024px\" \/><\/figure>\n\n\n\n<p>Todas as atividades s\u00e3o gratuitas. Confira a programa\u00e7\u00e3o do Agosto Esportivo:<\/p>\n\n\n\n<p><strong>6 de agosto, a partir das 9h \u2013 Festival de Capoeira<\/strong><\/p>\n\n\n\n<p>O Festival de Capoeira reunir\u00e1 alunos dos projetos Esporte Cidad\u00e3o, Juventude Esportiva e grupos de capoeira da cidade.<br><strong>Local<\/strong>: Barco do Parque Ecol\u00f3gico<br><strong>Endere\u00e7o<\/strong>:<strong>&nbsp;<\/strong>Av. Eng. F\u00e1bio Roberto Barnab\u00e9, s\/n\u00ba, Jardim Adriana<\/p>\n\n\n\n<p><strong>13 de agosto, a partir das 7h30 \u2013 Manh\u00e3 Recreativa na Pista do Vel\u00f3dromo<\/strong><\/p>\n\n\n\n<p>Manh\u00e3 recreativa com diversas atividades para os alunos do projeto piloto de ciclismo, juntamente com seus pais e respons\u00e1veis.<br><strong>Local<\/strong>: Vel\u00f3dromo Municipal \u2018Joaraci Mariano de Barros\u2019<br><strong>Endere\u00e7o:&nbsp;<\/strong>Rua Miguel Domingues, 790, Jardim Regina<\/p>\n\n\n\n<p><strong>14 de agosto, \u00e0s 8h \u2013 Caminhada da Terceira Idade<\/strong><\/p>\n\n\n\n<p>Alunos do Departamento de Lazer e dos grupos de Terceira Idade do Funssol (Fundo Social de Solidariedade) se encontram para uma caminhada. A concentra\u00e7\u00e3o acontece no Espa\u00e7o Bem Viver, de onde os participantes saem pelo Parque Ecol\u00f3gico em dire\u00e7\u00e3o \u00e0 Pista de Skate, e retornam ao ponto de partida.<br><strong>Local:&nbsp;<\/strong>Espa\u00e7o Bem Viver<br><strong>Endere\u00e7o<\/strong>: Av. Eng. F\u00e1bio Roberto Barnab\u00e9, 585, Vila Teller<\/p>\n\n\n\n<p><strong>20 de agosto, das 8h30 \u00e0s 11h \u2013 Circuito Esportivo<\/strong><\/p>\n\n\n\n<p>O Circuito Esportivo ser\u00e1 realizado em dois locais, paralelamente. Na Pista de Skate, professores e alunos do projeto piloto da modalidade recebem alunos das oficinas de break e dan\u00e7as urbanas da Secretaria Municipal de Cultura em evento que mistura esporte e cultura.<\/p>\n\n\n\n<p>Na Pista de Bicicross \u2018Lu\u00eds Cl\u00e1udio Katayama\u2019, acontece apresenta\u00e7\u00e3o dos alunos da modalidade BMX do projeto Esporte Cidad\u00e3o e dos atletas da Associa\u00e7\u00e3o de Ciclismo e BMX de Indaiatuba (ACBI).<\/p>\n\n\n\n<p><strong>20 de agosto, das 8h \u00e0s 11h \u2013 Corrida de Orienta\u00e7\u00e3o<\/strong><\/p>\n\n\n\n<p>A Secretaria Municipal de Esportes conta com o apoio do Departamento de Turismo, da Secretaria de Cultura; da Secretaria Municipal de Assist\u00eancia Social, com alunos do CRAS (Centro de Refer\u00eancia de Assist\u00eancia Social); e do Grupo Escoteiros Indai\u00e1 em uma corrida de orienta\u00e7\u00e3o com professores e coordenadores. A concentra\u00e7\u00e3o acontece no Espa\u00e7o Pet.<\/p>\n\n\n\n<p><strong>21 de agosto, das 8h \u00e0s 10h \u2013 Gin\u00e1stica no Parque<\/strong><\/p>\n\n\n\n<p>A Concha Ac\u00fastica do Parque Ecol\u00f3gico recebe uma manh\u00e3 de muitas atividades com aulas de ritmos, gin\u00e1stica e alongamento para toda a popula\u00e7\u00e3o.<\/p>\n\n\n\n<p><strong>21 de agosto, das 10h \u00e0s 13h \u2013 Desafio de Luta de Bra\u00e7o<\/strong><\/p>\n\n\n\n<p>Atletas de luta de bra\u00e7o de Indaiatuba e regi\u00e3o participam deste desafio com disputa de trof\u00e9us e muita intera\u00e7\u00e3o em diversas categorias, em estrutura montada ao lado da Concha Ac\u00fastica do Parque Ecol\u00f3gico.<\/p>\n\n\n\n<p><strong>27 de agosto, das 8h \u00e0s 11h30 \u2013 Torneio de Futebol de Areia<\/strong><\/p>\n\n\n\n<p>Alunos do projeto Esporte Cidad\u00e3o disputam Torneio de Futebol de Areia em diversas categorias, nas quadras de areia pr\u00f3ximas ao Centro Cultural Hermenegildo Pinto (Piano), no Jardim Morada do Sol.<\/p>\n\n\n\n<p><strong>27 de agosto, das 9h \u00e0s 12h30 \u2013 Cl\u00ednica de Beach Tennis<\/strong><\/p>\n\n\n\n<p>Professores da Secretaria Municipal de Esportes oferecem uma Cl\u00ednica de Beach Tennis para a popula\u00e7\u00e3o, na quadra de areia do Parque Tem\u00e1tico do Parque Ecol\u00f3gico.<\/p>\n\n\n\n<p><strong>27 de agosto, das 8h \u00e0s 10h30 \u2013 Oficina de Corrida Consciente<\/strong><\/p>\n\n\n\n<p>Orienta\u00e7\u00f5es \u00e0 popula\u00e7\u00e3o sobre corrida de rua e t\u00e9cnicas de corrida, com profissionais da Secretaria Municipal de Esportes. Concentra\u00e7\u00e3o na \u00e1rea da marginal esquerda do Parque Ecol\u00f3gico, pouco antes do Espa\u00e7o Pet.<\/p>\n\n\n\n<p><strong>28 de agosto, das 8h \u00e0s 11h \u2013 Caminhada Inclusiva<\/strong><\/p>\n\n\n\n<p>Caminhada em parceria com a Associa\u00e7\u00e3o de Pais e Amigos dos Excepcionais (Apae), Conselho Municipal para Assuntos da Pessoa com Defici\u00eancia&nbsp;(Comdefi), equipe competitiva de paraciclismo da Secretaria Municipal de Esportes e o instituto Pernas Volunt\u00e1rias, de Hortol\u00e2ndia, um projeto social sem fins lucrativos que promove a inclus\u00e3o de pessoas com defici\u00eancia motora e cognitiva por meio das corridas de rua,&nbsp;triciclo adaptado, bike adaptada, skate adaptado e o surf adaptado.<\/p>\n\n\n\n<p><strong>31 de agosto, \u00e0s 19h \u2013 Gin\u00e1stica no Parque (Encerramento)<\/strong><\/p>\n\n\n\n<p>O Barco do Parque Ecol\u00f3gico recebe evento que encerra o Agosto Esportivo, com aulas de ritmos, gin\u00e1stica e alongamento para toda a popula\u00e7\u00e3o.<\/p>\n\n\n\n<p><\/p>\n","protected":false},"excerpt":{"rendered":"<p>Doze atividades acontecem ao longo do m\u00eas para todas as idades Em comemora\u00e7\u00e3o aos 30 anos do Parque Ecol\u00f3gico, a Prefeitura de Indaiatuba, por meio da Secretaria Municipal de Esportes, anuncia o projeto Agosto Esportivo, um m\u00eas inteiro de eventos criados para reunir os alunos dos programas esportivos, seus familiares e respons\u00e1veis, atletas da Secretaria [&hellip;]<\/p>\n","protected":false},"author":8,"featured_media":8028,"comment_status":"closed","ping_status":"open","sticky":false,"template":"","format":"standard","meta":{"rop_custom_images_group":[],"rop_custom_messages_group":[],"rop_publish_now":"initial","rop_publish_now_accounts":[],"rop_publish_now_history":[],"rop_publish_now_status":"pending","footnotes":""},"categories":[188],"tags":[],"class_list":["post-8026","post","type-post","status-publish","format-standard","has-post-thumbnail","hentry","category-indaiatuba"],"amp_enabled":true,"_links":{"self":[{"href":"https:\/\/imais.online\/portal\/wp-json\/wp\/v2\/posts\/8026","targetHints":{"allow":["GET"]}}],"collection":[{"href":"https:\/\/imais.online\/portal\/wp-json\/wp\/v2\/posts"}],"about":[{"href":"https:\/\/imais.online\/portal\/wp-json\/wp\/v2\/types\/post"}],"author":[{"embeddable":true,"href":"https:\/\/imais.online\/portal\/wp-json\/wp\/v2\/users\/8"}],"replies":[{"embeddable":true,"href":"https:\/\/imais.online\/portal\/wp-json\/wp\/v2\/comments?post=8026"}],"version-history":[{"count":1,"href":"https:\/\/imais.online\/portal\/wp-json\/wp\/v2\/posts\/8026\/revisions"}],"predecessor-version":[{"id":8029,"href":"https:\/\/imais.online\/portal\/wp-json\/wp\/v2\/posts\/8026\/revisions\/8029"}],"wp:featuredmedia":[{"embeddable":true,"href":"https:\/\/imais.online\/portal\/wp-json\/wp\/v2\/media\/8028"}],"wp:attachment":[{"href":"https:\/\/imais.online\/portal\/wp-json\/wp\/v2\/media?parent=8026"}],"wp:term":[{"taxonomy":"category","embeddable":true,"href":"https:\/\/imais.online\/portal\/wp-json\/wp\/v2\/categories?post=8026"},{"taxonomy":"post_tag","embeddable":true,"href":"https:\/\/imais.online\/portal\/wp-json\/wp\/v2\/tags?post=8026"}],"curies":[{"name":"wp","href":"https:\/\/api.w.org\/{rel}","templated":true}]}}