{"id":8033,"date":"2022-07-15T14:04:44","date_gmt":"2022-07-15T17:04:44","guid":{"rendered":"https:\/\/imais.online\/portal\/?p=8033"},"modified":"2022-07-15T14:04:45","modified_gmt":"2022-07-15T17:04:45","slug":"inscricoes-para-o-curso-de-fotografia-comercial-para-celular-estao-abertas","status":"publish","type":"post","link":"https:\/\/imais.online\/portal\/inscricoes-para-o-curso-de-fotografia-comercial-para-celular-estao-abertas\/","title":{"rendered":"Inscri\u00e7\u00f5es para o curso de fotografia comercial para celular est\u00e3o abertas"},"content":{"rendered":"<div class=\"imais-before-content-placement\" id=\"imais-1151587202\"><script async src=\"\/\/pagead2.googlesyndication.com\/pagead\/js\/adsbygoogle.js?client=ca-pub-8787528412751566\" crossorigin=\"anonymous\"><\/script><ins class=\"adsbygoogle\" style=\"display:block;\" data-ad-client=\"ca-pub-8787528412751566\" \ndata-ad-slot=\"\" \ndata-ad-format=\"auto\"><\/ins>\n<script> \n(adsbygoogle = window.adsbygoogle || []).push({}); \n<\/script>\n<\/div>\n<h1 class=\"wp-block-heading\"><\/h1>\n\n\n\n<p> A Prefeitura de Indaiatuba, por meio da Secretaria de Governo e do Sebrae Aqui, abre curso On-line e gratuito sobre t\u00e9cnicas para fotografia comercial com o celular. As aulas acontecer\u00e3o dos dias 19 at\u00e9 23 de setembro, das 18h \u00e0s 22h. Os interessados devem se inscrever pelo link: https:\/\/www.sympla.com.br\/evento-online\/tecnicas-para-fotografia-comercial-com-celular-senac-sebrae\/1642990. <\/p>\n\n\n\n<p>O objetivo \u00e9 capacitar o aluno para realizar imagens comerciais com uso de celular, por meio de t\u00e9cnicas de capta\u00e7\u00e3o, composi\u00e7\u00e3o, edi\u00e7\u00e3o e publica\u00e7\u00e3o e exerc\u00edcios pr\u00e1ticos. Com a finalidade de promover a compreens\u00e3o da forma\u00e7\u00e3o da imagem fotogr\u00e1fica e seu potencial como ferramenta de divulga\u00e7\u00e3o.<\/p>\n\n\n\n<p><\/p>\n\n\n\n<p><strong><u>CONTE\u00daDO<\/u><\/strong><\/p>\n\n\n\n<p>Recursos&nbsp;dos&nbsp;dispositivos&nbsp;m\u00f3veis:<\/p>\n\n\n\n<p>Resolu\u00e7\u00e3o&nbsp;e&nbsp;qualidade&nbsp;de&nbsp;fotografia:<\/p>\n\n\n\n<p>Anatomia&nbsp;da&nbsp;luz:<\/p>\n\n\n\n<p>Controle&nbsp;de&nbsp;luz:<\/p>\n\n\n\n<p>ISO, valor de exposi\u00e7\u00e3o (fotometria e bloqueio de EV), balan\u00e7o de branco, luz&nbsp;&nbsp;&nbsp;&nbsp;&nbsp;auxiliar&nbsp;Led.<\/p>\n\n\n\n<p>Caracter\u00edsticas de lente e \u00e2ngulo de vis\u00e3o, regra dos ter\u00e7os, horizonte plano, espa\u00e7o&nbsp;negativo,&nbsp;linhas&nbsp;de&nbsp;for\u00e7a,&nbsp;perspectiva, textura&nbsp;e&nbsp;ponto&nbsp;de&nbsp;vista,&nbsp;zoom&nbsp;digital.<\/p>\n\n\n\n<p>Profundidade&nbsp;de&nbsp;campo:&nbsp;foco&nbsp;e&nbsp;desfoque&nbsp;em&nbsp;primeiro&nbsp;e&nbsp;segundo plano.<\/p>\n\n\n\n<p>Tratamento&nbsp;de&nbsp;imagens:<\/p>\n\n\n\n<p>Backup&nbsp;de&nbsp;arquivos:<\/p>\n\n\n\n<p>Publica\u00e7\u00e3o&nbsp;de&nbsp;fotografias&nbsp;e&nbsp;v\u00eddeos&nbsp;em&nbsp;m\u00eddias&nbsp;digitais:<\/p>\n\n\n\n<p>Direito&nbsp;de&nbsp;imagem;<\/p>\n\n\n\n<p><strong><u>SERVI\u00c7OS<\/u><\/strong><\/p>\n\n\n\n<p><strong>DATA:&nbsp;&nbsp;<\/strong>De 19 a 23 de setembro ( Segunda a sexta-feira).<\/p>\n\n\n\n<p><strong>HOR\u00c1RIO:<\/strong>&nbsp; Das 18h \u00e0s 22h.<\/p>\n\n\n\n<p><strong>INSCRI\u00c7\u00d5ES:<\/strong>&nbsp;<a href=\"https:\/\/www.sympla.com.br\/evento-online\/tecnicas-para-fotografia-comercial-com-celular-senac-sebrae\/1642990\">https:\/\/www.sympla.com.br\/evento-online\/tecnicas-para-fotografia-comercial-com-celular-senac-sebrae\/1642990<\/a>.<\/p>\n\n\n\n<p><strong>TELEFONE:<\/strong>&nbsp;(19) 3834-9272.<\/p>\n","protected":false},"excerpt":{"rendered":"<p>A Prefeitura de Indaiatuba, por meio da Secretaria de Governo e do Sebrae Aqui, abre curso On-line e gratuito sobre t\u00e9cnicas para fotografia comercial com o celular. As aulas acontecer\u00e3o dos dias 19 at\u00e9 23 de setembro, das 18h \u00e0s 22h. Os interessados devem se inscrever pelo link: https:\/\/www.sympla.com.br\/evento-online\/tecnicas-para-fotografia-comercial-com-celular-senac-sebrae\/1642990. O objetivo \u00e9 capacitar o aluno [&hellip;]<\/p>\n","protected":false},"author":8,"featured_media":8034,"comment_status":"closed","ping_status":"open","sticky":false,"template":"","format":"standard","meta":{"rop_custom_images_group":[],"rop_custom_messages_group":[],"rop_publish_now":"initial","rop_publish_now_accounts":[],"rop_publish_now_history":[],"rop_publish_now_status":"pending","footnotes":""},"categories":[188],"tags":[],"class_list":["post-8033","post","type-post","status-publish","format-standard","has-post-thumbnail","hentry","category-indaiatuba"],"amp_enabled":true,"_links":{"self":[{"href":"https:\/\/imais.online\/portal\/wp-json\/wp\/v2\/posts\/8033","targetHints":{"allow":["GET"]}}],"collection":[{"href":"https:\/\/imais.online\/portal\/wp-json\/wp\/v2\/posts"}],"about":[{"href":"https:\/\/imais.online\/portal\/wp-json\/wp\/v2\/types\/post"}],"author":[{"embeddable":true,"href":"https:\/\/imais.online\/portal\/wp-json\/wp\/v2\/users\/8"}],"replies":[{"embeddable":true,"href":"https:\/\/imais.online\/portal\/wp-json\/wp\/v2\/comments?post=8033"}],"version-history":[{"count":1,"href":"https:\/\/imais.online\/portal\/wp-json\/wp\/v2\/posts\/8033\/revisions"}],"predecessor-version":[{"id":8035,"href":"https:\/\/imais.online\/portal\/wp-json\/wp\/v2\/posts\/8033\/revisions\/8035"}],"wp:featuredmedia":[{"embeddable":true,"href":"https:\/\/imais.online\/portal\/wp-json\/wp\/v2\/media\/8034"}],"wp:attachment":[{"href":"https:\/\/imais.online\/portal\/wp-json\/wp\/v2\/media?parent=8033"}],"wp:term":[{"taxonomy":"category","embeddable":true,"href":"https:\/\/imais.online\/portal\/wp-json\/wp\/v2\/categories?post=8033"},{"taxonomy":"post_tag","embeddable":true,"href":"https:\/\/imais.online\/portal\/wp-json\/wp\/v2\/tags?post=8033"}],"curies":[{"name":"wp","href":"https:\/\/api.w.org\/{rel}","templated":true}]}}