{"id":8036,"date":"2022-07-15T14:08:50","date_gmt":"2022-07-15T17:08:50","guid":{"rendered":"https:\/\/imais.online\/portal\/?p=8036"},"modified":"2022-07-15T14:08:51","modified_gmt":"2022-07-15T17:08:51","slug":"fiec-realiza-entrega-de-certificados-dos-cursos-de-qualificacao-profissional","status":"publish","type":"post","link":"https:\/\/imais.online\/portal\/fiec-realiza-entrega-de-certificados-dos-cursos-de-qualificacao-profissional\/","title":{"rendered":"Fiec realiza entrega de certificados dos cursos de qualifica\u00e7\u00e3o profissional"},"content":{"rendered":"<div class=\"imais-before-content-placement\" id=\"imais-220688576\"><script async src=\"\/\/pagead2.googlesyndication.com\/pagead\/js\/adsbygoogle.js?client=ca-pub-8787528412751566\" crossorigin=\"anonymous\"><\/script><ins class=\"adsbygoogle\" style=\"display:block;\" data-ad-client=\"ca-pub-8787528412751566\" \ndata-ad-slot=\"\" \ndata-ad-format=\"auto\"><\/ins>\n<script> \n(adsbygoogle = window.adsbygoogle || []).push({}); \n<\/script>\n<\/div>\n<p>Na \u00faltima quarta-feira (13), a Prefeitura Municipal de Indaiatuba por meio da Funda\u00e7\u00e3o Indaiatubana de Educa\u00e7\u00e3o e Cultura (Fiec), realizou no audit\u00f3rio da Unidade 1, a entrega de certificados de qualifica\u00e7\u00e3o profissional para 130 alunos, dos cursos de Desenhista Mec\u00e2nico, Cuidador de Idoso, Cuidador Infantil, Ingl\u00eas Intermedi\u00e1rio, Recepcionista, Vendedor.<\/p>\n\n\n\n<p>Estiveram presentes na cerim\u00f4nia, o prefeito, Nilson Gaspar, a vereadora, Silene Carvalini, o superintendente da Fiec, Geraldo Garcia, a diretora pedag\u00f3gica, Eliane Geiss, a assistente de dire\u00e7\u00e3o Nilza Chavier, a gestora do Pronatec na Fiec, Regina Pigatto.<\/p>\n\n\n\n<p>O prefeito, Nilson Gaspar, parabenizou os alunos pela certifica\u00e7\u00e3o \u201cEsse certificado que voc\u00eas recebem hoje \u00e9 um diferencial a mais no curr\u00edculo, parabenizo a todos por buscarem qualifica\u00e7\u00e3o\u201d. &nbsp;Encerrou Gaspar.<\/p>\n\n\n\n<p>O superintendente da Fiec, Geraldo Garcia, falou sobre a qualifica\u00e7\u00e3o ofertada aos alunos. \u201cA marca Fiec tem como objetivo, preparar os nossos alunos com conte\u00fado de qualidade e da melhor maneira poss\u00edvel, para atender a demanda do mercado de trabalho. Parab\u00e9ns a todos\u201d. Finalizou Geraldo.<\/p>\n\n\n\n<p>Os cursos de qualifica\u00e7\u00e3o gratuitos de Forma\u00e7\u00e3o Inicial e Continuada (FIC) e\u00a0Qualifica Mais Emprega Mais, oferecido pela Fiec, em parceria com\u00a0o Governo Federal, tem dura\u00e7\u00e3o m\u00e9dia de 160 horas e os alunos\u00a0recebem assist\u00eancia estudantil composta por uniforme, kit escolar, apostila, seguro de acidentes pessoais, lanche e transporte.<\/p>\n\n\n\n<p><\/p>\n","protected":false},"excerpt":{"rendered":"<p>Na \u00faltima quarta-feira (13), a Prefeitura Municipal de Indaiatuba por meio da Funda\u00e7\u00e3o Indaiatubana de Educa\u00e7\u00e3o e Cultura (Fiec), realizou no audit\u00f3rio da Unidade 1, a entrega de certificados de qualifica\u00e7\u00e3o profissional para 130 alunos, dos cursos de Desenhista Mec\u00e2nico, Cuidador de Idoso, Cuidador Infantil, Ingl\u00eas Intermedi\u00e1rio, Recepcionista, Vendedor. Estiveram presentes na cerim\u00f4nia, o prefeito, [&hellip;]<\/p>\n","protected":false},"author":8,"featured_media":8037,"comment_status":"closed","ping_status":"open","sticky":false,"template":"","format":"standard","meta":{"rop_custom_images_group":[],"rop_custom_messages_group":[],"rop_publish_now":"initial","rop_publish_now_accounts":[],"rop_publish_now_history":[],"rop_publish_now_status":"pending","footnotes":""},"categories":[188],"tags":[],"class_list":["post-8036","post","type-post","status-publish","format-standard","has-post-thumbnail","hentry","category-indaiatuba"],"amp_enabled":true,"_links":{"self":[{"href":"https:\/\/imais.online\/portal\/wp-json\/wp\/v2\/posts\/8036","targetHints":{"allow":["GET"]}}],"collection":[{"href":"https:\/\/imais.online\/portal\/wp-json\/wp\/v2\/posts"}],"about":[{"href":"https:\/\/imais.online\/portal\/wp-json\/wp\/v2\/types\/post"}],"author":[{"embeddable":true,"href":"https:\/\/imais.online\/portal\/wp-json\/wp\/v2\/users\/8"}],"replies":[{"embeddable":true,"href":"https:\/\/imais.online\/portal\/wp-json\/wp\/v2\/comments?post=8036"}],"version-history":[{"count":1,"href":"https:\/\/imais.online\/portal\/wp-json\/wp\/v2\/posts\/8036\/revisions"}],"predecessor-version":[{"id":8038,"href":"https:\/\/imais.online\/portal\/wp-json\/wp\/v2\/posts\/8036\/revisions\/8038"}],"wp:featuredmedia":[{"embeddable":true,"href":"https:\/\/imais.online\/portal\/wp-json\/wp\/v2\/media\/8037"}],"wp:attachment":[{"href":"https:\/\/imais.online\/portal\/wp-json\/wp\/v2\/media?parent=8036"}],"wp:term":[{"taxonomy":"category","embeddable":true,"href":"https:\/\/imais.online\/portal\/wp-json\/wp\/v2\/categories?post=8036"},{"taxonomy":"post_tag","embeddable":true,"href":"https:\/\/imais.online\/portal\/wp-json\/wp\/v2\/tags?post=8036"}],"curies":[{"name":"wp","href":"https:\/\/api.w.org\/{rel}","templated":true}]}}