{"id":8097,"date":"2022-07-18T16:49:44","date_gmt":"2022-07-18T19:49:44","guid":{"rendered":"https:\/\/imais.online\/portal\/?p=8097"},"modified":"2022-07-18T16:49:45","modified_gmt":"2022-07-18T19:49:45","slug":"procon-indaiatuba-autua-matriz-e-filial-de-supermercado-por-venda-de-produtos-com-validade-vencida","status":"publish","type":"post","link":"https:\/\/imais.online\/portal\/procon-indaiatuba-autua-matriz-e-filial-de-supermercado-por-venda-de-produtos-com-validade-vencida\/","title":{"rendered":"Procon Indaiatuba autua matriz e filial de supermercado por venda de produtos com validade vencida"},"content":{"rendered":"<div class=\"imais-before-content-placement\" id=\"imais-965908850\"><script async src=\"\/\/pagead2.googlesyndication.com\/pagead\/js\/adsbygoogle.js?client=ca-pub-8787528412751566\" crossorigin=\"anonymous\"><\/script><ins class=\"adsbygoogle\" style=\"display:block;\" data-ad-client=\"ca-pub-8787528412751566\" \ndata-ad-slot=\"\" \ndata-ad-format=\"auto\"><\/ins>\n<script> \n(adsbygoogle = window.adsbygoogle || []).push({}); \n<\/script>\n<\/div>\n<p><strong><em>Multa aplicada soma R$ 39.440,00; itens foram apreendidos e descartados<\/em><\/strong><\/p>\n\n\n\n<p>O&nbsp;Procon Indaiatuba lavrou auto de infra\u00e7\u00e3o na sexta-feira (15) e nesta segunda-feira (18) contra a matriz e uma filial de um supermercado. A a\u00e7\u00e3o identificou produtos comercializados com data de validade vencida, infringindo o Artigo 18, par\u00e1grafo 6\u00ba, inciso 1\u00ba da Lei n\u00ba 8.078\/90. A multa aplicada soma R$ 39.440,00. Os itens foram apreendidos e descartados.<\/p>\n\n\n\n<p>As visitas de rotina fazem parte do trabalho do Procon&nbsp;para orienta\u00e7\u00e3o e fiscaliza\u00e7\u00e3o de estabelecimentos comerciais. De acordo com o CDC (C\u00f3digo de Defesa do Consumidor), constitui crime contra as rela\u00e7\u00f5es de consumo vender ou expor \u00e0 venda mercadoria em desacordo com as prescri\u00e7\u00f5es legais ou em condi\u00e7\u00f5es impr\u00f3prias para consumo, sob pena de 2 a 5 anos ou multa.<\/p>\n\n\n\n<p>Den\u00fancias podem ser realizadas ao Procon Indaiatuba de segunda a sexta, das 8h \u00e0s 17h, pessoalmente na&nbsp;a rua Vinte e Quatro de Maio 1.670 \u2013 antiga Rodovi\u00e1ria, ou por telefone no (19)&nbsp;3816-9254.<\/p>\n","protected":false},"excerpt":{"rendered":"<p>Multa aplicada soma R$ 39.440,00; itens foram apreendidos e descartados O&nbsp;Procon Indaiatuba lavrou auto de infra\u00e7\u00e3o na sexta-feira (15) e nesta segunda-feira (18) contra a matriz e uma filial de um supermercado. A a\u00e7\u00e3o identificou produtos comercializados com data de validade vencida, infringindo o Artigo 18, par\u00e1grafo 6\u00ba, inciso 1\u00ba da Lei n\u00ba 8.078\/90. A [&hellip;]<\/p>\n","protected":false},"author":8,"featured_media":8098,"comment_status":"closed","ping_status":"open","sticky":false,"template":"","format":"standard","meta":{"rop_custom_images_group":[],"rop_custom_messages_group":[],"rop_publish_now":"initial","rop_publish_now_accounts":[],"rop_publish_now_history":[],"rop_publish_now_status":"pending","footnotes":""},"categories":[188],"tags":[],"class_list":["post-8097","post","type-post","status-publish","format-standard","has-post-thumbnail","hentry","category-indaiatuba"],"amp_enabled":true,"_links":{"self":[{"href":"https:\/\/imais.online\/portal\/wp-json\/wp\/v2\/posts\/8097","targetHints":{"allow":["GET"]}}],"collection":[{"href":"https:\/\/imais.online\/portal\/wp-json\/wp\/v2\/posts"}],"about":[{"href":"https:\/\/imais.online\/portal\/wp-json\/wp\/v2\/types\/post"}],"author":[{"embeddable":true,"href":"https:\/\/imais.online\/portal\/wp-json\/wp\/v2\/users\/8"}],"replies":[{"embeddable":true,"href":"https:\/\/imais.online\/portal\/wp-json\/wp\/v2\/comments?post=8097"}],"version-history":[{"count":1,"href":"https:\/\/imais.online\/portal\/wp-json\/wp\/v2\/posts\/8097\/revisions"}],"predecessor-version":[{"id":8099,"href":"https:\/\/imais.online\/portal\/wp-json\/wp\/v2\/posts\/8097\/revisions\/8099"}],"wp:featuredmedia":[{"embeddable":true,"href":"https:\/\/imais.online\/portal\/wp-json\/wp\/v2\/media\/8098"}],"wp:attachment":[{"href":"https:\/\/imais.online\/portal\/wp-json\/wp\/v2\/media?parent=8097"}],"wp:term":[{"taxonomy":"category","embeddable":true,"href":"https:\/\/imais.online\/portal\/wp-json\/wp\/v2\/categories?post=8097"},{"taxonomy":"post_tag","embeddable":true,"href":"https:\/\/imais.online\/portal\/wp-json\/wp\/v2\/tags?post=8097"}],"curies":[{"name":"wp","href":"https:\/\/api.w.org\/{rel}","templated":true}]}}