{"id":8118,"date":"2022-07-19T14:32:54","date_gmt":"2022-07-19T17:32:54","guid":{"rendered":"https:\/\/imais.online\/portal\/?p=8118"},"modified":"2022-07-19T14:32:56","modified_gmt":"2022-07-19T17:32:56","slug":"sebrae-aqui-abre-duas-turmas-para-o-curso-de-modelagem-de-roupas-de-bebe-e-infantil-no-mes-de-agosto","status":"publish","type":"post","link":"https:\/\/imais.online\/portal\/sebrae-aqui-abre-duas-turmas-para-o-curso-de-modelagem-de-roupas-de-bebe-e-infantil-no-mes-de-agosto\/","title":{"rendered":"Sebrae Aqui abre duas turmas para o curso de modelagem de roupas de beb\u00ea e infantil no m\u00eas de agosto"},"content":{"rendered":"<div class=\"imais-before-content-placement\" id=\"imais-3619030412\"><script async src=\"\/\/pagead2.googlesyndication.com\/pagead\/js\/adsbygoogle.js?client=ca-pub-8787528412751566\" crossorigin=\"anonymous\"><\/script><ins class=\"adsbygoogle\" style=\"display:block;\" data-ad-client=\"ca-pub-8787528412751566\" \ndata-ad-slot=\"\" \ndata-ad-format=\"auto\"><\/ins>\n<script> \n(adsbygoogle = window.adsbygoogle || []).push({}); \n<\/script>\n<\/div>\n<p>A Prefeitura de Indaiatuba, por meio da Secretaria de Governo e do Sebrae Aqui, abre as inscri\u00e7\u00f5es para o curso \u201cmodelagem de roupas para moda beb\u00ea e infantil\u201d que acontecer\u00e1 de forma gratuita e presencial na unidade local do Senai. As aulas acontecer\u00e3o de segunda a sexta-feira dos dias 22 de agosto at\u00e9 21 de setembro. Ser\u00e3o duas turmas, sendo uma no per\u00edodo das 8h \u00e0s 12h e a outra das 13h \u00e0s 17h. Os interessados podem se cadastrar pelo link:\u00a0https:\/\/www.sympla.com.br\/modelagem-de-roupas-para-moda-bebe-e-infantil&#8212;senaisebrae&#8212;p5226p5227__1642972.<\/p>\n\n\n\n<p>O objetivo \u00e9 que as pessoas inscritas desenvolvam compet\u00eancias relativas a t\u00e9cnicas de modelagem base, adapta\u00e7\u00e3o de modelos de roupas para beb\u00ea e infantil, prepara\u00e7\u00e3o de molde para corte e amplia\u00e7\u00e3o e redu\u00e7\u00e3o de tamanhos, de acordo com procedimentos t\u00e9cnicos, normas ambientais de sa\u00fade e seguran\u00e7a. Os modelos que ser\u00e3o ensinados s\u00e3o: body, camisetas, cal\u00e7a, macac\u00e3o e agasalho. As aulas s\u00e3o destinadas a pessoas maiores de 18 anos.<\/p>\n\n\n\n<h1 class=\"wp-block-heading\">CONTE\u00daDO PROGRAM\u00c1TICO<\/h1>\n\n\n\n<h1 class=\"wp-block-heading\">\u2022 Tecidos: Defini\u00e7\u00e3o; Tipos e suas caracter\u00edsticas, de acordo com sua aplica\u00e7\u00e3o.<\/h1>\n\n\n\n<h1 class=\"wp-block-heading\">\u2022 Sistema m\u00e9trico e decimal.<\/h1>\n\n\n\n<h1 class=\"wp-block-heading\">\u2022 Tabela de medidas.<\/h1>\n\n\n\n<h1 class=\"wp-block-heading\">\u2022 Desenvolvimento de diagrama tamanho base.<\/h1>\n\n\n\n<h1 class=\"wp-block-heading\">\u2022 Prepara\u00e7\u00e3o de Molde para corte.<\/h1>\n\n\n\n<h1 class=\"wp-block-heading\">\u2022 Adapta\u00e7\u00e3o de modelos.<\/h1>\n\n\n\n<h1 class=\"wp-block-heading\">\u2022 Amplia\u00e7\u00e3o e Redu\u00e7\u00e3o de tamanhos.<\/h1>\n\n\n\n<h1 class=\"wp-block-heading\">\u2022 Body,<\/h1>\n\n\n\n<h1 class=\"wp-block-heading\">\u2022 Camisetas.<\/h1>\n\n\n\n<h1 class=\"wp-block-heading\">\u2022 Cal\u00e7a.<\/h1>\n\n\n\n<h1 class=\"wp-block-heading\">\u2022 Macac\u00e3o.<\/h1>\n\n\n\n<h1 class=\"wp-block-heading\">\u2022 Agasalho.<\/h1>\n\n\n\n<h1 class=\"wp-block-heading\">\u2022 Procedimentos de seguran\u00e7a.<\/h1>\n\n\n\n<h1 class=\"wp-block-heading\">\u2022 Normas ambientais.<\/h1>\n\n\n\n<h1 class=\"wp-block-heading\">\u2022 Coleta seletiva.<\/h1>\n\n\n\n<h1 class=\"wp-block-heading\">\u2022 Descarte de res\u00edduos.<\/h1>\n\n\n\n<h1 class=\"wp-block-heading\">\u2022 Ergonomia.<\/h1>\n\n\n\n<p><strong>SERVI\u00c7OS<\/strong><\/p>\n\n\n\n<p><strong>DATA:<\/strong>&nbsp;Do dia 22 de agosto at\u00e9 21 de setembro.<\/p>\n\n\n\n<p><strong>HOR\u00c1RIO:<\/strong>&nbsp;Turma 1: Das 8h \u00e0s 12h.<\/p>\n\n\n\n<p>&nbsp;&nbsp;&nbsp;&nbsp;&nbsp;&nbsp;&nbsp;&nbsp;&nbsp;&nbsp;&nbsp;&nbsp;&nbsp;&nbsp;&nbsp;&nbsp;&nbsp;&nbsp; Turma 2: Das 13h \u00e0s 17h.<\/p>\n\n\n\n<p><strong>LOCAL:<\/strong>&nbsp;Senai &#8211; R. Senai, 129 &#8211; Fazenda Pimenta.<\/p>\n\n\n\n<p><strong>INSCRI\u00c7\u00d5ES:<\/strong>\u00a0<strong>https:\/\/www.sympla.com.br\/modelagem-de-roupas-para-moda-bebe-e-infantil&#8212;senaisebrae&#8212;p5226p5227__1642972.<\/strong><\/p>\n\n\n\n<p><strong>TELEFONE:<\/strong>&nbsp;(19) 3834-9272.<\/p>\n","protected":false},"excerpt":{"rendered":"<p>A Prefeitura de Indaiatuba, por meio da Secretaria de Governo e do Sebrae Aqui, abre as inscri\u00e7\u00f5es para o curso \u201cmodelagem de roupas para moda beb\u00ea e infantil\u201d que acontecer\u00e1 de forma gratuita e presencial na unidade local do Senai. As aulas acontecer\u00e3o de segunda a sexta-feira dos dias 22 de agosto at\u00e9 21 de [&hellip;]<\/p>\n","protected":false},"author":8,"featured_media":8119,"comment_status":"closed","ping_status":"open","sticky":false,"template":"","format":"standard","meta":{"rop_custom_images_group":[],"rop_custom_messages_group":[],"rop_publish_now":"initial","rop_publish_now_accounts":[],"rop_publish_now_history":[],"rop_publish_now_status":"pending","footnotes":""},"categories":[188],"tags":[],"class_list":["post-8118","post","type-post","status-publish","format-standard","has-post-thumbnail","hentry","category-indaiatuba"],"amp_enabled":true,"_links":{"self":[{"href":"https:\/\/imais.online\/portal\/wp-json\/wp\/v2\/posts\/8118","targetHints":{"allow":["GET"]}}],"collection":[{"href":"https:\/\/imais.online\/portal\/wp-json\/wp\/v2\/posts"}],"about":[{"href":"https:\/\/imais.online\/portal\/wp-json\/wp\/v2\/types\/post"}],"author":[{"embeddable":true,"href":"https:\/\/imais.online\/portal\/wp-json\/wp\/v2\/users\/8"}],"replies":[{"embeddable":true,"href":"https:\/\/imais.online\/portal\/wp-json\/wp\/v2\/comments?post=8118"}],"version-history":[{"count":1,"href":"https:\/\/imais.online\/portal\/wp-json\/wp\/v2\/posts\/8118\/revisions"}],"predecessor-version":[{"id":8120,"href":"https:\/\/imais.online\/portal\/wp-json\/wp\/v2\/posts\/8118\/revisions\/8120"}],"wp:featuredmedia":[{"embeddable":true,"href":"https:\/\/imais.online\/portal\/wp-json\/wp\/v2\/media\/8119"}],"wp:attachment":[{"href":"https:\/\/imais.online\/portal\/wp-json\/wp\/v2\/media?parent=8118"}],"wp:term":[{"taxonomy":"category","embeddable":true,"href":"https:\/\/imais.online\/portal\/wp-json\/wp\/v2\/categories?post=8118"},{"taxonomy":"post_tag","embeddable":true,"href":"https:\/\/imais.online\/portal\/wp-json\/wp\/v2\/tags?post=8118"}],"curies":[{"name":"wp","href":"https:\/\/api.w.org\/{rel}","templated":true}]}}