{"id":8134,"date":"2022-07-20T14:14:32","date_gmt":"2022-07-20T17:14:32","guid":{"rendered":"https:\/\/imais.online\/portal\/?p=8134"},"modified":"2022-07-20T14:14:33","modified_gmt":"2022-07-20T17:14:33","slug":"indaiatuba-passa-a-aplicar-vacina-contra-a-covid-19-em-quatro-pontos-da-cidade","status":"publish","type":"post","link":"https:\/\/imais.online\/portal\/indaiatuba-passa-a-aplicar-vacina-contra-a-covid-19-em-quatro-pontos-da-cidade\/","title":{"rendered":"Indaiatuba passa a aplicar vacina contra a covid-19 em quatro pontos da cidade"},"content":{"rendered":"<div class=\"imais-before-content-placement\" id=\"imais-1057481749\"><script async src=\"\/\/pagead2.googlesyndication.com\/pagead\/js\/adsbygoogle.js?client=ca-pub-8787528412751566\" crossorigin=\"anonymous\"><\/script><ins class=\"adsbygoogle\" style=\"display:block;\" data-ad-client=\"ca-pub-8787528412751566\" \ndata-ad-slot=\"\" \ndata-ad-format=\"auto\"><\/ins>\n<script> \n(adsbygoogle = window.adsbygoogle || []).push({}); \n<\/script>\n<\/div>\n<p><strong><em>A vacina\u00e7\u00e3o passa a acontecer em espa\u00e7os p\u00fablicos a partir do dia 25<\/em><\/strong><\/p>\n\n\n\n<p>A partir da segunda-feira (25), a Prefeitura de Indaiatuba vai descentralizar a aplica\u00e7\u00e3o da vacina contra a covid-19. A aplica\u00e7\u00e3o, que atualmente ocorre no Centro Esportivo do Trabalhador, segue somente at\u00e9 esta sexta-feira (22). O atendimento \u00e0 popula\u00e7\u00e3o passa a acontecer das 13h \u00e0s 18h, de segunda a sexta-feira e das 9h \u00e0s 12h aos s\u00e1bados.<\/p>\n\n\n\n<p>Com isso, a vacina ser\u00e1 oferecida em quatro pontos diferentes da cidade:<\/p>\n\n\n\n<p>&#8211;&nbsp;<strong>Pra\u00e7a Dr. Scyllas Leite Sampaio<\/strong>, (em frente \u00e0 UBS 9, na Vila Todos os Santos),<\/p>\n\n\n\n<p>&#8211;&nbsp;<strong>Pra\u00e7a Dom Pedro<\/strong>&nbsp;(Centro),<\/p>\n\n\n\n<p>&#8211;&nbsp;<strong>Pra\u00e7a&nbsp;Vital Barnab\u00e9 s\/n\u00ba<\/strong>&nbsp;(em frente \u00e0 UBS da Cecap),<\/p>\n\n\n\n<p>&#8211;&nbsp;<strong>Rua Zephiro Puccineli<\/strong>&nbsp;(atr\u00e1s da UPA e em frente ao CEO da Morada do Sol ou antiga Subprefeitura).<\/p>\n\n\n\n<p>Com essa mudan\u00e7a, a aplica\u00e7\u00e3o passa a ocorrer somente em pedestres. A Prefeitura continua a publicar no site\u00a0www.indaiatuba.sp.gov.br, em suas redes sociais e a divulgar para a imprensa os calend\u00e1rios semanais para os grupos contemplados. Crian\u00e7as, adolescentes, adultos e idosos precisam estar cadastrados no sistema Minha Vacina para receber a imuniza\u00e7\u00e3o. A convoca\u00e7\u00e3o continuar\u00e1 a ser enviada por e-mail e o sistema da Prefeitura direcionar\u00e1 para a regi\u00e3o mais pr\u00f3xima do endere\u00e7o cadastrado, mas qualquer pessoa pode receber a vacina da covid-19 em qualquer um dos quatro pontos. A partir da pr\u00f3xima segunda (25), o Centro Esportivo n\u00e3o ser\u00e1 mais utilizado como um ponto de vacina\u00e7\u00e3o.<\/p>\n\n\n\n<p><strong>LOCALIZA\u00c7\u00d5ES<\/strong><\/p>\n\n\n\n<p><strong>1 &#8211; Pra\u00e7a Dr. Scyllas Leite Sampaio<\/strong>&nbsp;em frente \u00e0 UBS 9 (Rua S\u00e3o Carlos, 585, Vila Todos os Santos)<\/p>\n\n\n\n<figure class=\"wp-block-image size-large\"><img loading=\"lazy\" decoding=\"async\" width=\"1024\" height=\"533\" src=\"https:\/\/imais.online\/portal\/wp-content\/uploads\/2022\/07\/image-1-1024x533.png\" alt=\"\" class=\"wp-image-8136\" srcset=\"https:\/\/imais.online\/portal\/wp-content\/uploads\/2022\/07\/image-1-1024x533.png 1024w, https:\/\/imais.online\/portal\/wp-content\/uploads\/2022\/07\/image-1-300x156.png 300w, https:\/\/imais.online\/portal\/wp-content\/uploads\/2022\/07\/image-1-768x400.png 768w, https:\/\/imais.online\/portal\/wp-content\/uploads\/2022\/07\/image-1.png 1296w\" sizes=\"auto, (max-width: 1024px) 100vw, 1024px\" \/><\/figure>\n\n\n\n<p><strong>2 &#8211; Pra\u00e7a Dom Pedro (Centro)<\/strong><\/p>\n\n\n\n<figure class=\"wp-block-image size-large\"><img loading=\"lazy\" decoding=\"async\" width=\"1024\" height=\"544\" src=\"https:\/\/imais.online\/portal\/wp-content\/uploads\/2022\/07\/image-2-1024x544.png\" alt=\"\" class=\"wp-image-8137\" srcset=\"https:\/\/imais.online\/portal\/wp-content\/uploads\/2022\/07\/image-2-1024x544.png 1024w, https:\/\/imais.online\/portal\/wp-content\/uploads\/2022\/07\/image-2-300x159.png 300w, https:\/\/imais.online\/portal\/wp-content\/uploads\/2022\/07\/image-2-768x408.png 768w, https:\/\/imais.online\/portal\/wp-content\/uploads\/2022\/07\/image-2.png 1272w\" sizes=\"auto, (max-width: 1024px) 100vw, 1024px\" \/><\/figure>\n\n\n\n<p><strong>3 &#8211; Pra\u00e7a Vital Barnab\u00e9, s\/n\u00ba, em frente a UBS da Cecap<\/strong><\/p>\n\n\n\n<figure class=\"wp-block-image size-large\"><img loading=\"lazy\" decoding=\"async\" width=\"1024\" height=\"611\" src=\"https:\/\/imais.online\/portal\/wp-content\/uploads\/2022\/07\/image-1024x611.png\" alt=\"\" class=\"wp-image-8135\" srcset=\"https:\/\/imais.online\/portal\/wp-content\/uploads\/2022\/07\/image-1024x611.png 1024w, https:\/\/imais.online\/portal\/wp-content\/uploads\/2022\/07\/image-300x179.png 300w, https:\/\/imais.online\/portal\/wp-content\/uploads\/2022\/07\/image-768x458.png 768w, https:\/\/imais.online\/portal\/wp-content\/uploads\/2022\/07\/image-400x240.png 400w, https:\/\/imais.online\/portal\/wp-content\/uploads\/2022\/07\/image.png 1114w\" sizes=\"auto, (max-width: 1024px) 100vw, 1024px\" \/><\/figure>\n\n\n\n<p><strong>4 &#8211; Rua Zephiro Puccineli, s\/n\u00ba<\/strong>, atr\u00e1s da UPA e em frente ao CEO (Centro de Especialidades Odontol\u00f3gicas) da Morada do Sol ou antiga Subprefeitura.<\/p>\n\n\n\n<figure class=\"wp-block-image size-large\"><img loading=\"lazy\" decoding=\"async\" width=\"1024\" height=\"544\" src=\"https:\/\/imais.online\/portal\/wp-content\/uploads\/2022\/07\/image-2-1024x544.png\" alt=\"\" class=\"wp-image-8138\" srcset=\"https:\/\/imais.online\/portal\/wp-content\/uploads\/2022\/07\/image-2-1024x544.png 1024w, https:\/\/imais.online\/portal\/wp-content\/uploads\/2022\/07\/image-2-300x159.png 300w, https:\/\/imais.online\/portal\/wp-content\/uploads\/2022\/07\/image-2-768x408.png 768w, https:\/\/imais.online\/portal\/wp-content\/uploads\/2022\/07\/image-2.png 1272w\" sizes=\"auto, (max-width: 1024px) 100vw, 1024px\" \/><\/figure>\n","protected":false},"excerpt":{"rendered":"<p>A vacina\u00e7\u00e3o passa a acontecer em espa\u00e7os p\u00fablicos a partir do dia 25 A partir da segunda-feira (25), a Prefeitura de Indaiatuba vai descentralizar a aplica\u00e7\u00e3o da vacina contra a covid-19. A aplica\u00e7\u00e3o, que atualmente ocorre no Centro Esportivo do Trabalhador, segue somente at\u00e9 esta sexta-feira (22). O atendimento \u00e0 popula\u00e7\u00e3o passa a acontecer das [&hellip;]<\/p>\n","protected":false},"author":8,"featured_media":8139,"comment_status":"closed","ping_status":"open","sticky":false,"template":"","format":"standard","meta":{"rop_custom_images_group":[],"rop_custom_messages_group":[],"rop_publish_now":"initial","rop_publish_now_accounts":[],"rop_publish_now_history":[],"rop_publish_now_status":"pending","footnotes":""},"categories":[188],"tags":[],"class_list":["post-8134","post","type-post","status-publish","format-standard","has-post-thumbnail","hentry","category-indaiatuba"],"amp_enabled":true,"_links":{"self":[{"href":"https:\/\/imais.online\/portal\/wp-json\/wp\/v2\/posts\/8134","targetHints":{"allow":["GET"]}}],"collection":[{"href":"https:\/\/imais.online\/portal\/wp-json\/wp\/v2\/posts"}],"about":[{"href":"https:\/\/imais.online\/portal\/wp-json\/wp\/v2\/types\/post"}],"author":[{"embeddable":true,"href":"https:\/\/imais.online\/portal\/wp-json\/wp\/v2\/users\/8"}],"replies":[{"embeddable":true,"href":"https:\/\/imais.online\/portal\/wp-json\/wp\/v2\/comments?post=8134"}],"version-history":[{"count":1,"href":"https:\/\/imais.online\/portal\/wp-json\/wp\/v2\/posts\/8134\/revisions"}],"predecessor-version":[{"id":8140,"href":"https:\/\/imais.online\/portal\/wp-json\/wp\/v2\/posts\/8134\/revisions\/8140"}],"wp:featuredmedia":[{"embeddable":true,"href":"https:\/\/imais.online\/portal\/wp-json\/wp\/v2\/media\/8139"}],"wp:attachment":[{"href":"https:\/\/imais.online\/portal\/wp-json\/wp\/v2\/media?parent=8134"}],"wp:term":[{"taxonomy":"category","embeddable":true,"href":"https:\/\/imais.online\/portal\/wp-json\/wp\/v2\/categories?post=8134"},{"taxonomy":"post_tag","embeddable":true,"href":"https:\/\/imais.online\/portal\/wp-json\/wp\/v2\/tags?post=8134"}],"curies":[{"name":"wp","href":"https:\/\/api.w.org\/{rel}","templated":true}]}}