{"id":8141,"date":"2022-07-20T14:27:56","date_gmt":"2022-07-20T17:27:56","guid":{"rendered":"https:\/\/imais.online\/portal\/?p=8141"},"modified":"2022-07-20T14:27:57","modified_gmt":"2022-07-20T17:27:57","slug":"indaiatuba-recebe-quarta-etapa-de-circuito-estadual-de-karate-no-ginasio-de-esportes","status":"publish","type":"post","link":"https:\/\/imais.online\/portal\/indaiatuba-recebe-quarta-etapa-de-circuito-estadual-de-karate-no-ginasio-de-esportes\/","title":{"rendered":"Indaiatuba recebe quarta etapa de circuito estadual de karat\u00ea no Gin\u00e1sio de Esportes"},"content":{"rendered":"<div class=\"imais-before-content-placement\" id=\"imais-851795617\"><script async src=\"\/\/pagead2.googlesyndication.com\/pagead\/js\/adsbygoogle.js?client=ca-pub-8787528412751566\" crossorigin=\"anonymous\"><\/script><ins class=\"adsbygoogle\" style=\"display:block;\" data-ad-client=\"ca-pub-8787528412751566\" \ndata-ad-slot=\"\" \ndata-ad-format=\"auto\"><\/ins>\n<script> \n(adsbygoogle = window.adsbygoogle || []).push({}); \n<\/script>\n<\/div>\n<p><em>Evento organizado pela ACAK com apoio da Prefeitura deve receber mais de 400 atletas<\/em><\/p>\n\n\n\n<p>Mais de 400 atletas de 47 associa\u00e7\u00f5es, sediadas em 27 cidades do Estado de S\u00e3o Paulo, s\u00e3o esperados para a 1\u00aa Copa Indaiatuba de Karat\u00ea, que abrigar\u00e1 a quarta etapa do Circuito ACAK (Associa\u00e7\u00e3o Cooperativa das Academias de Karat\u00ea), que acontece no pr\u00f3ximo domingo, 24 de julho, a partir das 8h, no Gin\u00e1sio Municipal de Esportes. O evento conta com apoio da Prefeitura de Indaiatuba, por meio da Secretaria Municipal de Esportes.<\/p>\n\n\n\n<p>\u201cIndaiatuba possui tradi\u00e7\u00e3o no carat\u00ea e sempre foi muito forte na modalidade. Este evento chega para coroar este trabalho e permitir que os atletas locais possam competir em alto n\u00edvel com outros destaques do Estado de S\u00e3o Paulo\u201d, aponta o secret\u00e1rio municipal de Esportes, Marcos Ant\u00f4nio de Moraes, o Marquinhos.<\/p>\n\n\n\n<p>As competi\u00e7\u00f5es acontecem das 8h \u00e0s 17h30 nas categorias infantil, s\u00eanior e m\u00e1ster. Na parte da manh\u00e3, concentram-se as disputas no kata, sequ\u00eancia de t\u00e9cnicas que simulam luta com v\u00e1rias aplica\u00e7\u00f5es pr\u00e1ticas. No per\u00edodo da tarde, \u00e9 a vez do kumite, quando acontecem as lutas.<\/p>\n\n\n\n<p>As inscri\u00e7\u00f5es seguem at\u00e9 quarta-feira, 20 de julho, pelo site oficial da Associa\u00e7\u00e3o, no&nbsp;<a href=\"http:\/\/www.acak.com.br\/\">www.acak.com.br<\/a>.<\/p>\n\n\n\n<p>Ao final do evento, ser\u00e3o premiadas as cinco primeiras associa\u00e7\u00f5es que obtiverem a maior pontua\u00e7\u00e3o, de acordo com as medalhas conquistadas. \u201cAntes da pandemia, nossas etapas reuniam entre 290 a 330 atletas. Quando voltamos, foi uma surpresa, pois este n\u00famero praticamente duplicou\u201d, revela Ant\u00f4nio Carlos Schiavom, presidente da ACAK.<\/p>\n\n\n\n<p>\u201cO n\u00edvel voltou mais forte e recebemos novas academias que n\u00e3o participaram de eventos anteriores\u201d, conta. \u201cPor isso, esperamos uma disputa de alto n\u00edvel, como j\u00e1 aconteceu nas tr\u00eas primeiras etapas do circuito em 2022\u201d. Para muitos atletas, 1\u00aa Copa Indaiatuba de Karat\u00ea servir\u00e1 de prepara\u00e7\u00e3o para o Campeonato Brasileiro, que acontece em agosto em Londrina, no Paran\u00e1.<\/p>\n\n\n\n<p>No final do ano, com o encerramento do Circuito ACAK, ser\u00e3o premiados os tr\u00eas melhores atletas de cada categoria e as cinco melhores academias, de acordo com ranking conquistado durante as oito etapas do evento.<\/p>\n\n\n\n<p><strong>1\u00aa Copa Indaiatuba de Karat\u00ea \u2013 4\u00aa Etapa do Circuito ACAK<\/strong><\/p>\n\n\n\n<p><strong>Data<\/strong>: 24 de julho<br><strong>Hor\u00e1rio<\/strong>: 8h \u00e0s 17h30<br><strong>Local<\/strong>: Gin\u00e1sio Municipal de Esportes<br><strong>Endere\u00e7o<\/strong>: Av. Visconde de Indaiatuba, 1.250, Jardim Santiago<br><strong>Informa\u00e7\u00f5es<\/strong>:&nbsp;<a href=\"http:\/\/www.acak.com.br\/\">www.acak.com.br<\/a><br><strong>Entrada franca<\/strong><\/p>\n","protected":false},"excerpt":{"rendered":"<p>Evento organizado pela ACAK com apoio da Prefeitura deve receber mais de 400 atletas Mais de 400 atletas de 47 associa\u00e7\u00f5es, sediadas em 27 cidades do Estado de S\u00e3o Paulo, s\u00e3o esperados para a 1\u00aa Copa Indaiatuba de Karat\u00ea, que abrigar\u00e1 a quarta etapa do Circuito ACAK (Associa\u00e7\u00e3o Cooperativa das Academias de Karat\u00ea), que acontece [&hellip;]<\/p>\n","protected":false},"author":8,"featured_media":8142,"comment_status":"closed","ping_status":"open","sticky":false,"template":"","format":"standard","meta":{"rop_custom_images_group":[],"rop_custom_messages_group":[],"rop_publish_now":"initial","rop_publish_now_accounts":[],"rop_publish_now_history":[],"rop_publish_now_status":"pending","footnotes":""},"categories":[188],"tags":[],"class_list":["post-8141","post","type-post","status-publish","format-standard","has-post-thumbnail","hentry","category-indaiatuba"],"amp_enabled":true,"_links":{"self":[{"href":"https:\/\/imais.online\/portal\/wp-json\/wp\/v2\/posts\/8141","targetHints":{"allow":["GET"]}}],"collection":[{"href":"https:\/\/imais.online\/portal\/wp-json\/wp\/v2\/posts"}],"about":[{"href":"https:\/\/imais.online\/portal\/wp-json\/wp\/v2\/types\/post"}],"author":[{"embeddable":true,"href":"https:\/\/imais.online\/portal\/wp-json\/wp\/v2\/users\/8"}],"replies":[{"embeddable":true,"href":"https:\/\/imais.online\/portal\/wp-json\/wp\/v2\/comments?post=8141"}],"version-history":[{"count":1,"href":"https:\/\/imais.online\/portal\/wp-json\/wp\/v2\/posts\/8141\/revisions"}],"predecessor-version":[{"id":8143,"href":"https:\/\/imais.online\/portal\/wp-json\/wp\/v2\/posts\/8141\/revisions\/8143"}],"wp:featuredmedia":[{"embeddable":true,"href":"https:\/\/imais.online\/portal\/wp-json\/wp\/v2\/media\/8142"}],"wp:attachment":[{"href":"https:\/\/imais.online\/portal\/wp-json\/wp\/v2\/media?parent=8141"}],"wp:term":[{"taxonomy":"category","embeddable":true,"href":"https:\/\/imais.online\/portal\/wp-json\/wp\/v2\/categories?post=8141"},{"taxonomy":"post_tag","embeddable":true,"href":"https:\/\/imais.online\/portal\/wp-json\/wp\/v2\/tags?post=8141"}],"curies":[{"name":"wp","href":"https:\/\/api.w.org\/{rel}","templated":true}]}}