{"id":8169,"date":"2022-07-21T15:22:05","date_gmt":"2022-07-21T18:22:05","guid":{"rendered":"https:\/\/imais.online\/portal\/?p=8169"},"modified":"2022-07-21T15:22:07","modified_gmt":"2022-07-21T18:22:07","slug":"companhia-de-teatro-de-sombras-promove-peca-e-oficina-gratuitas-em-indaiatuba","status":"publish","type":"post","link":"https:\/\/imais.online\/portal\/companhia-de-teatro-de-sombras-promove-peca-e-oficina-gratuitas-em-indaiatuba\/","title":{"rendered":"Companhia de teatro de sombras promove pe\u00e7a e oficina gratuitas em Indaiatuba"},"content":{"rendered":"<div class=\"imais-before-content-placement\" id=\"imais-2139733820\"><script async src=\"\/\/pagead2.googlesyndication.com\/pagead\/js\/adsbygoogle.js?client=ca-pub-8787528412751566\" crossorigin=\"anonymous\"><\/script><ins class=\"adsbygoogle\" style=\"display:block;\" data-ad-client=\"ca-pub-8787528412751566\" \ndata-ad-slot=\"\" \ndata-ad-format=\"auto\"><\/ins>\n<script> \n(adsbygoogle = window.adsbygoogle || []).push({}); \n<\/script>\n<\/div>\n<p class=\"has-text-align-center\"><em><strong>O Homem que Dan\u00e7ou com a Batata \u00e9 atra\u00e7\u00e3o no Piano no pr\u00f3ximo dia 30<\/strong><\/em><\/p>\n\n\n\n<p>Criada a partir de pesquisa em antropologia feita sobre a presen\u00e7a de pr\u00e1ticas humor\u00edsticas no cotidiano e no ritual da aldeia krah\u00f4 Pedra Branca, a pe\u00e7a de teatro de sombras&nbsp;<em>O Homem que Dan\u00e7ou com a Batata&nbsp;<\/em>\u00e9 atra\u00e7\u00e3o no pr\u00f3ximo dia 30 de julho, \u00e0s 16 horas, no Centro Cultural Hermenegildo Pinto (Piano). Os ingressos s\u00e3o gratuitos e podem ser retirados a partir de segunda-feira, dia 25.<\/p>\n\n\n\n<p>Durante o espet\u00e1culo somos apresentados a Pedro, um jovem curioso que toma conhecimento de uma hist\u00f3ria do tempo em que humanos e plantas falavam a mesma l\u00edngua e da exist\u00eancia do homem que dan\u00e7ou com a Batata. O povo Krah\u00f4 chama esse homem de h\u00f4xwa. A pe\u00e7a conta, com pitadas de realismo fant\u00e1stico e com refer\u00eancias do naturalismo krah\u00f4, como conhecemos o homem que conheceu o homem que dan\u00e7ou com a Batata.<\/p>\n\n\n\n<p>Neste contexto, a dramaturgia se torna um convite a uma viagem feita atrav\u00e9s das sombras por deslocamentos causados pela transmiss\u00e3o de conhecimentos feita por narrativas e dan\u00e7as entre humanos, plantas e formas animadas.<\/p>\n\n\n\n<p><em>O Homem que Dan\u00e7ou com a Batata&nbsp;<\/em>\u00e9 o espet\u00e1culo de estreia da Cia. de Teatro M\u00f4noda e foi contemplado em 2021 por edital do Programa de A\u00e7\u00e3o Cultural (ProAC) da Secretaria de Cultura e Economia Criativa do Governo do Estado de S\u00e3o Paulo. Parte da verba arrecadada com as atividades \u00e9 revertida para a aldeia Pedra branca, em parceria com a Associa\u00e7\u00e3o Cultural Kajr\u00e9.<\/p>\n\n\n\n<p><strong>Oficina<\/strong><\/p>\n\n\n\n<p>No domingo, 31 de julho, a Cia. de Teatro M\u00f4noda promove a oficina&nbsp;<em>Brincando de Sombra e Descobrindo o Mundo<\/em>, para crian\u00e7as de 8 a 12 anos. Os participantes ir\u00e3o descobrir como funciona o teatro de sombras na pr\u00e1tica, em atividade que acontece das 9h \u00e0s 12, no Casar\u00e3o Cultural Pau Preto. As inscri\u00e7\u00f5es acontecem de forma online (confira o link abaixo).<\/p>\n\n\n\n<p><em>O Homem que Dan\u00e7ou com a Batata&nbsp;<\/em>\u00e9 produzido por Ana Garbuio e \u00c1rtemis Produ\u00e7\u00f5es, tem dire\u00e7\u00e3o de Tatiane Souza, m\u00fasica de Fillipe Mil, cen\u00e1rio de Caio Marinho e design de Oru Florydo. O elenco \u00e9 formado por Jos\u00e9 Oleg\u00e1rio e Maur\u00edcio Caetano.<\/p>\n\n\n\n<p>Os ingressos estar\u00e3o dispon\u00edveis a partir de segunda-feira, 25 de julho, no Centro Cultural Hermenegildo Pinto (Piano). No s\u00e1bado, dia 30, se ainda restarem ingressos, eles ser\u00e3o distribu\u00eddos ao p\u00fablico uma hora antes do in\u00edcio do espet\u00e1culo.&nbsp;<\/p>\n\n\n\n<p><strong>O Homem que Dan\u00e7ou com a Batata<\/strong><\/p>\n\n\n\n<p><strong>Data<\/strong>: 30 de julho<br><strong>Hor\u00e1rio<\/strong>: 16 horas<br><strong>Local<\/strong>: Centro Cultural Hermenegildo Pinto (Piano)<br><strong>Endere\u00e7o<\/strong>: Av. Eng. Fabio Roberto Barnab\u00e9, 5.924 &#8211; Jardim Morada do Sol<br><strong>Dura\u00e7\u00e3o:&nbsp;<\/strong>45 minutos<br><strong>Realiza\u00e7\u00e3o<\/strong>: Cia M\u00f4noda e Art\u00eamis Produ\u00e7\u00f5es<br><strong>Informa\u00e7\u00f5es<\/strong>: (19) 3936-2584<\/p>\n\n\n\n<p><strong>Brincando de Sombra e Descobrindo o Mundo \u2013 Oficina<\/strong><\/p>\n\n\n\n<p><strong>Data<\/strong>: 31 de julho<br><strong>Hor\u00e1rio<\/strong>: 9h \u00e0s 12h<br><strong>Local<\/strong>: Casar\u00e3o Cultural Pau Preto<br><strong>Endere\u00e7o<\/strong>: Rua Pedro Gon\u00e7alves, 477, Centro<br><strong>Inscri\u00e7\u00f5es<\/strong>:&nbsp;<a href=\"https:\/\/forms.gle\/7RJA236xE46a1dzi6\" target=\"_blank\" rel=\"noreferrer noopener\">https:\/\/forms.gle\/7RJA236xE46a1dzi6<\/a><a href=\"https:\/\/forms.gle\/7RJA236xE46a1dzi6\" target=\"_blank\" rel=\"noreferrer noopener\"><\/a><\/p>\n\n\n\n<figure class=\"wp-block-image size-large\"><img loading=\"lazy\" decoding=\"async\" width=\"1024\" height=\"519\" src=\"https:\/\/imais.online\/portal\/wp-content\/uploads\/2022\/07\/image-3-1024x519.jpeg\" alt=\"\" class=\"wp-image-8170\" srcset=\"https:\/\/imais.online\/portal\/wp-content\/uploads\/2022\/07\/image-3-1024x519.jpeg 1024w, https:\/\/imais.online\/portal\/wp-content\/uploads\/2022\/07\/image-3-300x152.jpeg 300w, https:\/\/imais.online\/portal\/wp-content\/uploads\/2022\/07\/image-3-768x389.jpeg 768w, https:\/\/imais.online\/portal\/wp-content\/uploads\/2022\/07\/image-3.jpeg 1254w\" sizes=\"auto, (max-width: 1024px) 100vw, 1024px\" \/><\/figure>\n","protected":false},"excerpt":{"rendered":"<p>O Homem que Dan\u00e7ou com a Batata \u00e9 atra\u00e7\u00e3o no Piano no pr\u00f3ximo dia 30 Criada a partir de pesquisa em antropologia feita sobre a presen\u00e7a de pr\u00e1ticas humor\u00edsticas no cotidiano e no ritual da aldeia krah\u00f4 Pedra Branca, a pe\u00e7a de teatro de sombras&nbsp;O Homem que Dan\u00e7ou com a Batata&nbsp;\u00e9 atra\u00e7\u00e3o no pr\u00f3ximo dia [&hellip;]<\/p>\n","protected":false},"author":8,"featured_media":8171,"comment_status":"closed","ping_status":"open","sticky":false,"template":"","format":"standard","meta":{"rop_custom_images_group":[],"rop_custom_messages_group":[],"rop_publish_now":"initial","rop_publish_now_accounts":[],"rop_publish_now_history":[],"rop_publish_now_status":"pending","footnotes":""},"categories":[188],"tags":[],"class_list":["post-8169","post","type-post","status-publish","format-standard","has-post-thumbnail","hentry","category-indaiatuba"],"amp_enabled":true,"_links":{"self":[{"href":"https:\/\/imais.online\/portal\/wp-json\/wp\/v2\/posts\/8169","targetHints":{"allow":["GET"]}}],"collection":[{"href":"https:\/\/imais.online\/portal\/wp-json\/wp\/v2\/posts"}],"about":[{"href":"https:\/\/imais.online\/portal\/wp-json\/wp\/v2\/types\/post"}],"author":[{"embeddable":true,"href":"https:\/\/imais.online\/portal\/wp-json\/wp\/v2\/users\/8"}],"replies":[{"embeddable":true,"href":"https:\/\/imais.online\/portal\/wp-json\/wp\/v2\/comments?post=8169"}],"version-history":[{"count":1,"href":"https:\/\/imais.online\/portal\/wp-json\/wp\/v2\/posts\/8169\/revisions"}],"predecessor-version":[{"id":8172,"href":"https:\/\/imais.online\/portal\/wp-json\/wp\/v2\/posts\/8169\/revisions\/8172"}],"wp:featuredmedia":[{"embeddable":true,"href":"https:\/\/imais.online\/portal\/wp-json\/wp\/v2\/media\/8171"}],"wp:attachment":[{"href":"https:\/\/imais.online\/portal\/wp-json\/wp\/v2\/media?parent=8169"}],"wp:term":[{"taxonomy":"category","embeddable":true,"href":"https:\/\/imais.online\/portal\/wp-json\/wp\/v2\/categories?post=8169"},{"taxonomy":"post_tag","embeddable":true,"href":"https:\/\/imais.online\/portal\/wp-json\/wp\/v2\/tags?post=8169"}],"curies":[{"name":"wp","href":"https:\/\/api.w.org\/{rel}","templated":true}]}}