{"id":8197,"date":"2022-07-22T14:39:33","date_gmt":"2022-07-22T17:39:33","guid":{"rendered":"https:\/\/imais.online\/portal\/?p=8197"},"modified":"2022-07-22T14:39:34","modified_gmt":"2022-07-22T17:39:34","slug":"indaiatuba-conquista-oito-medalhas-em-etapa-do-brasileiro-interclubes-de-karate","status":"publish","type":"post","link":"https:\/\/imais.online\/portal\/indaiatuba-conquista-oito-medalhas-em-etapa-do-brasileiro-interclubes-de-karate\/","title":{"rendered":"Indaiatuba conquista oito medalhas em etapa do Brasileiro Interclubes de Karat\u00ea"},"content":{"rendered":"<div class=\"imais-before-content-placement\" id=\"imais-942803465\"><script async src=\"\/\/pagead2.googlesyndication.com\/pagead\/js\/adsbygoogle.js?client=ca-pub-8787528412751566\" crossorigin=\"anonymous\"><\/script><ins class=\"adsbygoogle\" style=\"display:block;\" data-ad-client=\"ca-pub-8787528412751566\" \ndata-ad-slot=\"\" \ndata-ad-format=\"auto\"><\/ins>\n<script> \n(adsbygoogle = window.adsbygoogle || []).push({}); \n<\/script>\n<\/div>\n<p><em>Foram quatro de ouro e quatro de bronze em etapa realizada em Uberl\u00e2ndia<\/em><\/p>\n\n\n\n<p>A equipe da Prefeitura de Indaiatuba, por meio da Secretaria Municipal de Esportes, participou da terceira etapa do Campeonato Brasileiro Interclubes de Karat\u00ea, realizado entre os dias 13 a 16 de julho em Uberl\u00e2ndia, Minas Gerais. No total, os atletas conquistaram oito medalhas, sendo quatro de ouro e quatro de bronze, garantindo a quarta coloca\u00e7\u00e3o na classifica\u00e7\u00e3o geral de clubes.<\/p>\n\n\n\n<p>A competi\u00e7\u00e3o contou com mais de 1.400 atletas de 15 estados do Brasil e foi a terceira de cinco etapas do Brasileiro de Interclubes. \u201cConquistamos oito medalhas e quatro classifica\u00e7\u00f5es para a etapa final da competi\u00e7\u00e3o. Isto \u00e9 resultado de um trabalho feito a longo prazo, com apoio da Secretaria Municipal de Esportes\u201d, destaca o t\u00e9cnico Levi Felix Pereira, que tamb\u00e9m comanda a Sele\u00e7\u00e3o Paulista de Karat\u00ea.<\/p>\n\n\n\n<p>Marcela Rom\u00e3o foi campe\u00e3 na categoria kata (demonstra\u00e7\u00e3o de luta imagin\u00e1ria) Cadetes e campe\u00e3 na categoria kumite (luta) Cadetes at\u00e9 54 kg. Gustavo Lima foi campe\u00e3o na kumite Junior at\u00e9 61 kg. Peterson Souza levou o bronze na categoria kata Sub-21 e foi campe\u00e3o na kumite Sub-21 at\u00e9 84 kg.<\/p>\n\n\n\n<p>Os demais bronzes vieram com N\u00e1thaly Valezin de Oliveira na categoria kumite Sub-12 at\u00e9 30 kg, Nicolas Valezin de Oliveira na kumite Cadetes at\u00e9 63 kg e Murilo Mendon\u00e7a na kumite Sub-21 at\u00e9 67kg.\u00a0<\/p>\n\n\n\n<p><\/p>\n","protected":false},"excerpt":{"rendered":"<p>Foram quatro de ouro e quatro de bronze em etapa realizada em Uberl\u00e2ndia A equipe da Prefeitura de Indaiatuba, por meio da Secretaria Municipal de Esportes, participou da terceira etapa do Campeonato Brasileiro Interclubes de Karat\u00ea, realizado entre os dias 13 a 16 de julho em Uberl\u00e2ndia, Minas Gerais. No total, os atletas conquistaram oito [&hellip;]<\/p>\n","protected":false},"author":8,"featured_media":8198,"comment_status":"closed","ping_status":"open","sticky":false,"template":"","format":"standard","meta":{"rop_custom_images_group":[],"rop_custom_messages_group":[],"rop_publish_now":"initial","rop_publish_now_accounts":[],"rop_publish_now_history":[],"rop_publish_now_status":"pending","footnotes":""},"categories":[188],"tags":[],"class_list":["post-8197","post","type-post","status-publish","format-standard","has-post-thumbnail","hentry","category-indaiatuba"],"amp_enabled":true,"_links":{"self":[{"href":"https:\/\/imais.online\/portal\/wp-json\/wp\/v2\/posts\/8197","targetHints":{"allow":["GET"]}}],"collection":[{"href":"https:\/\/imais.online\/portal\/wp-json\/wp\/v2\/posts"}],"about":[{"href":"https:\/\/imais.online\/portal\/wp-json\/wp\/v2\/types\/post"}],"author":[{"embeddable":true,"href":"https:\/\/imais.online\/portal\/wp-json\/wp\/v2\/users\/8"}],"replies":[{"embeddable":true,"href":"https:\/\/imais.online\/portal\/wp-json\/wp\/v2\/comments?post=8197"}],"version-history":[{"count":1,"href":"https:\/\/imais.online\/portal\/wp-json\/wp\/v2\/posts\/8197\/revisions"}],"predecessor-version":[{"id":8199,"href":"https:\/\/imais.online\/portal\/wp-json\/wp\/v2\/posts\/8197\/revisions\/8199"}],"wp:featuredmedia":[{"embeddable":true,"href":"https:\/\/imais.online\/portal\/wp-json\/wp\/v2\/media\/8198"}],"wp:attachment":[{"href":"https:\/\/imais.online\/portal\/wp-json\/wp\/v2\/media?parent=8197"}],"wp:term":[{"taxonomy":"category","embeddable":true,"href":"https:\/\/imais.online\/portal\/wp-json\/wp\/v2\/categories?post=8197"},{"taxonomy":"post_tag","embeddable":true,"href":"https:\/\/imais.online\/portal\/wp-json\/wp\/v2\/tags?post=8197"}],"curies":[{"name":"wp","href":"https:\/\/api.w.org\/{rel}","templated":true}]}}