{"id":8220,"date":"2022-07-22T16:17:16","date_gmt":"2022-07-22T19:17:16","guid":{"rendered":"https:\/\/imais.online\/portal\/?p=8220"},"modified":"2022-07-22T16:17:17","modified_gmt":"2022-07-22T19:17:17","slug":"prefeitura-encerra-vacinacao-covid-19-no-centro-esportivo-com-mais-de-650-mil-doses-aplicadas","status":"publish","type":"post","link":"https:\/\/imais.online\/portal\/prefeitura-encerra-vacinacao-covid-19-no-centro-esportivo-com-mais-de-650-mil-doses-aplicadas\/","title":{"rendered":"Prefeitura encerra vacina\u00e7\u00e3o Covid-19 no Centro Esportivo com mais de 650 mil doses aplicadas"},"content":{"rendered":"<div class=\"imais-before-content-placement\" id=\"imais-1294506211\"><script async src=\"\/\/pagead2.googlesyndication.com\/pagead\/js\/adsbygoogle.js?client=ca-pub-8787528412751566\" crossorigin=\"anonymous\"><\/script><ins class=\"adsbygoogle\" style=\"display:block;\" data-ad-client=\"ca-pub-8787528412751566\" \ndata-ad-slot=\"\" \ndata-ad-format=\"auto\"><\/ins>\n<script> \n(adsbygoogle = window.adsbygoogle || []).push({}); \n<\/script>\n<\/div>\n<p><strong><em>Imuniza\u00e7\u00e3o continua em quatro novos pontos a partir de segunda<\/em><\/strong><\/p>\n\n\n\n<p>H\u00e1 exatos um ano, cinco meses e 10 dias atr\u00e1s, iniciava-se no Centro Esportivo do Trabalhador de Indaiatuba a vacina\u00e7\u00e3o contra a Covid-19. Durante este per\u00edodo, 651.741 doses de vacina foram aplicadas na popula\u00e7\u00e3o. Nesta sexta-feira (22), este ciclo se encerra e a Secretaria de Sa\u00fade passar\u00e1 a vacinar a popula\u00e7\u00e3o em quatro pontos distintos do munic\u00edpio a partir da pr\u00f3xima segunda-feira (25).<\/p>\n\n\n\n<p><strong>+&nbsp;<a href=\"https:\/\/www.indaiatuba.sp.gov.br\/relacoes-institucionais\/imprensa\/noticias\/31376\/\">Veja os novos locais de vacina\u00e7\u00e3o clicando aqui<\/a><\/strong><\/p>\n\n\n\n<p>Ao todo no Centro Esportivo, 206.763 pessoas receberam a 1\u00aa dose, 205.840 a 2\u00aa, 173.667 a 3\u00aa, 58.442 a 4\u00aa e 15 idosos com alto grau de imunossupress\u00e3o j\u00e1 receberam a 5\u00aa dose. Outras 7.014 pessoas tomaram a vacina de dose \u00fanica.<\/p>\n\n\n\n<p>O prefeito de Indaiatuba, Nilson Gaspar, lembrou do in\u00edcio e celebrou o empenho dos profissionais de sa\u00fade. \u201cTudo que envolveu a pandemia foi novo para n\u00f3s, tanto para os prefeitos quanto para os profissionais da sa\u00fade de todo pa\u00eds. Quando chegou a vacina sab\u00edamos que precis\u00e1vamos vacinar o mais r\u00e1pido poss\u00edvel a nossa popula\u00e7\u00e3o e para isso um lugar que atendesse um grande fluxo de pessoas era necess\u00e1rio\u201d, lembrou Gaspar. \u201cVacinamos a primeira pessoa na cidade em 21 de janeiro de 2021 l\u00e1 no Haoc e pouco mais de 15 dias depois j\u00e1 t\u00ednhamos transformado o Centro Esportivo em um polo de vacina\u00e7\u00e3o equipado com tecnologia para imunizar quatro, cinco, seis mil pessoas por dia. Isso s\u00f3 foi poss\u00edvel porque nossos profissionais de sa\u00fade se empenharam muito, dia e noite, sob um risco de uma doen\u00e7a totalmente desconhecida. Se hoje estamos com n\u00fameros mais baixos em rela\u00e7\u00e3o \u00e0 Covid, muito devemos aos profissionais de sa\u00fade de Indaiatuba\u201d, concluiu o prefeito.<\/p>\n\n\n\n<p>A partir da pr\u00f3xima segunda-feira (25) a vacina\u00e7\u00e3o passa a acontecer apenas para pedestres das 13h \u00e0s 18h, de segunda a sexta-feira e das 9h \u00e0s 12h aos s\u00e1bados nos locais:<\/p>\n\n\n\n<p>&#8211;&nbsp;<strong>Pra\u00e7a Dr. Scyllas Leite Sampaio<\/strong>, (em frente \u00e0 UBS 9, na Vila Todos os Santos),<\/p>\n\n\n\n<p>&#8211;&nbsp;<strong>Pra\u00e7a Dom Pedro<\/strong>&nbsp;(Centro),<\/p>\n\n\n\n<p>&#8211;&nbsp;<strong>Pra\u00e7a&nbsp;Vital Barnab\u00e9 s\/n\u00ba<\/strong>&nbsp;(em frente \u00e0 UBS da Cecap),<\/p>\n\n\n\n<p>&#8211;&nbsp;<strong>Rua Zephiro Puccineli<\/strong>&nbsp;(atr\u00e1s da UPA e em frente ao CEO da Morada do Sol ou antiga Subprefeitura).<\/p>\n\n\n\n<p>A Prefeitura continua a publicar no site\u00a0www.indaiatuba.sp.gov.br, em suas redes sociais e a divulgar para a imprensa os calend\u00e1rios semanais para os grupos contemplados. Crian\u00e7as, adolescentes, adultos e idosos precisam estar cadastrados no sistema Minha Vacina para receber a imuniza\u00e7\u00e3o. A convoca\u00e7\u00e3o continuar\u00e1 a ser enviada por e-mail e o sistema da Prefeitura direcionar\u00e1 para a regi\u00e3o mais pr\u00f3xima do endere\u00e7o cadastrado, mas qualquer pessoa pode receber a vacina da covid-19 em qualquer um dos quatro pontos.\u00a0<\/p>\n","protected":false},"excerpt":{"rendered":"<p>Imuniza\u00e7\u00e3o continua em quatro novos pontos a partir de segunda H\u00e1 exatos um ano, cinco meses e 10 dias atr\u00e1s, iniciava-se no Centro Esportivo do Trabalhador de Indaiatuba a vacina\u00e7\u00e3o contra a Covid-19. Durante este per\u00edodo, 651.741 doses de vacina foram aplicadas na popula\u00e7\u00e3o. Nesta sexta-feira (22), este ciclo se encerra e a Secretaria de [&hellip;]<\/p>\n","protected":false},"author":8,"featured_media":8221,"comment_status":"closed","ping_status":"open","sticky":false,"template":"","format":"standard","meta":{"rop_custom_images_group":[],"rop_custom_messages_group":[],"rop_publish_now":"initial","rop_publish_now_accounts":[],"rop_publish_now_history":[],"rop_publish_now_status":"pending","footnotes":""},"categories":[188],"tags":[73],"class_list":["post-8220","post","type-post","status-publish","format-standard","has-post-thumbnail","hentry","category-indaiatuba","tag-featured"],"amp_enabled":true,"_links":{"self":[{"href":"https:\/\/imais.online\/portal\/wp-json\/wp\/v2\/posts\/8220","targetHints":{"allow":["GET"]}}],"collection":[{"href":"https:\/\/imais.online\/portal\/wp-json\/wp\/v2\/posts"}],"about":[{"href":"https:\/\/imais.online\/portal\/wp-json\/wp\/v2\/types\/post"}],"author":[{"embeddable":true,"href":"https:\/\/imais.online\/portal\/wp-json\/wp\/v2\/users\/8"}],"replies":[{"embeddable":true,"href":"https:\/\/imais.online\/portal\/wp-json\/wp\/v2\/comments?post=8220"}],"version-history":[{"count":1,"href":"https:\/\/imais.online\/portal\/wp-json\/wp\/v2\/posts\/8220\/revisions"}],"predecessor-version":[{"id":8222,"href":"https:\/\/imais.online\/portal\/wp-json\/wp\/v2\/posts\/8220\/revisions\/8222"}],"wp:featuredmedia":[{"embeddable":true,"href":"https:\/\/imais.online\/portal\/wp-json\/wp\/v2\/media\/8221"}],"wp:attachment":[{"href":"https:\/\/imais.online\/portal\/wp-json\/wp\/v2\/media?parent=8220"}],"wp:term":[{"taxonomy":"category","embeddable":true,"href":"https:\/\/imais.online\/portal\/wp-json\/wp\/v2\/categories?post=8220"},{"taxonomy":"post_tag","embeddable":true,"href":"https:\/\/imais.online\/portal\/wp-json\/wp\/v2\/tags?post=8220"}],"curies":[{"name":"wp","href":"https:\/\/api.w.org\/{rel}","templated":true}]}}