{"id":8251,"date":"2022-07-24T15:12:38","date_gmt":"2022-07-24T18:12:38","guid":{"rendered":"https:\/\/imais.online\/portal\/?p=8251"},"modified":"2022-07-24T15:16:10","modified_gmt":"2022-07-24T18:16:10","slug":"maior-roda-gigante-da-america-latina-sera-inaugurada-em-agosto-em-sao-paulo","status":"publish","type":"post","link":"https:\/\/imais.online\/portal\/maior-roda-gigante-da-america-latina-sera-inaugurada-em-agosto-em-sao-paulo\/","title":{"rendered":"Maior roda-gigante da Am\u00e9rica Latina ser\u00e1 inaugurada em agosto em S\u00e3o Paulo"},"content":{"rendered":"<div class=\"imais-before-content-placement\" id=\"imais-1629892923\"><script async src=\"\/\/pagead2.googlesyndication.com\/pagead\/js\/adsbygoogle.js?client=ca-pub-8787528412751566\" crossorigin=\"anonymous\"><\/script><ins class=\"adsbygoogle\" style=\"display:block;\" data-ad-client=\"ca-pub-8787528412751566\" \ndata-ad-slot=\"\" \ndata-ad-format=\"auto\"><\/ins>\n<script> \n(adsbygoogle = window.adsbygoogle || []).push({}); \n<\/script>\n<\/div>\n<h2 class=\"wp-block-heading\">A &#8216;Roda S\u00e3o Paulo&#8217; ser\u00e1 aberta ao p\u00fablico no dia 19 de agosto no Parque C\u00e2ndido Portinari<\/h2>\n\n\n\n<p>\u00c0s margens do&nbsp;Rio Pinheiros&nbsp;nasce mais um cart\u00e3o-postal na capital de S\u00e3o Paulo. A maior&nbsp;roda-gigante&nbsp;do Brasil e da Am\u00e9rica Latina est\u00e1 prestes a inaugurar e faz parte de uma iniciativa do Governo do Estado de revitalizar e transformar os entornos do rio que banha a cidade. A Roda S\u00e3o Paulo abrir\u00e1 as portas ao p\u00fablico no dia 19 de agosto e j\u00e1 est\u00e1 praticamente pronta!&nbsp;<\/p>\n\n\n\n<figure class=\"wp-block-image\"><a href=\"https:\/\/www.seedtag.com\/?utm_source=seedtag_publisher&amp;utm_medium=seedtag_tag&amp;utm_campaign=tag\" target=\"_blank\" rel=\"noreferrer noopener\"><img decoding=\"async\" src=\"https:\/\/s2.glbimg.com\/IQJZ-P1e3nEKa4iBnmgmMjMZbno=\/620x466\/smart\/e.glbimg.com\/og\/ed\/f\/original\/2022\/07\/22\/roda-sao-paulo-4.jpeg\" alt=\"Maior roda-gigante da Am\u00e9rica Latina ser\u00e1 inaugurada em agosto em S\u00e3o Paulo (Foto: Reprodu\u00e7\u00e3o\/Instagram @rodasaopaulo)\" title=\"(Foto: Reprodu\u00e7\u00e3o\/Instagram @rodasaopaulo)\"\/><\/a><figcaption>(Foto: Reprodu\u00e7\u00e3o\/Instagram @rodasaopaulo)<\/figcaption><\/figure>\n\n\n\n<p>Com 91 metros de altura (quase o tamanho da&nbsp;Est\u00e1tua da Liberdade, nos Estados Unidos), a atra\u00e7\u00e3o ocupa uma \u00e1rea de 4,5 mil metros quadrados, com 42 cabines de \u00faltima gera\u00e7\u00e3o. Elas ser\u00e3o&nbsp;climatizadas, monitoradas por c\u00e2mera, contar\u00e3o com sistema de wi-fi, interfone e capacidade para dez pessoas cada. Ao total, 420 visitantes poder\u00e3o andar na roda-gigante por passeio, que ter\u00e1 dura\u00e7\u00e3o m\u00e9dia de 25 minutos.<\/p>\n\n\n\n<p>Localizada no Parque&nbsp;C\u00e2ndido&nbsp;Portinari, ao lado do Villa-Lobos, a Roda S\u00e3o Paulo promete chamar aten\u00e7\u00e3o, com luzes cenogr\u00e1ficas e o redor todo revitalizado, ela tamb\u00e9m contar\u00e1 com um&nbsp;parque&nbsp;e uma \u00e1rea de conviv\u00eancia que recuperou a vegeta\u00e7\u00e3o nativa da regi\u00e3o. O projeto art\u00edstico \u00e9 assinado pelo escrit\u00f3rio&nbsp;Levisky Arquitetos.<\/p>\n\n\n\n<figure class=\"wp-block-image\"><img decoding=\"async\" src=\"https:\/\/s2.glbimg.com\/CCPRW_rYsTylWrhR6nHNnkMU6dg=\/620x413\/smart\/e.glbimg.com\/og\/ed\/f\/original\/2022\/07\/22\/roda-sao-paulo-1.jpeg\" alt=\"Maior roda-gigante da Am\u00e9rica Latina ser\u00e1 inaugurada em agosto em S\u00e3o Paulo (Foto: Reprodu\u00e7\u00e3o\/Instagram @rodasaopaulo)\" title=\"\u00a0(Foto: Reprodu\u00e7\u00e3o\/Instagram @rodasaopaulo)\"\/><figcaption> &nbsp;(Foto: Reprodu\u00e7\u00e3o\/Instagram @rodasaopaulo) <\/figcaption><\/figure>\n\n\n\n<p>Segundo a empresa&nbsp;S\u00e3o Paulo Big Wheel, que tamb\u00e9m \u00e9 respons\u00e1vel pelo empreedimento, a&nbsp;roda-gigante tem um design \u00fanico, leve e \u00e9 sustentada por cabos ou estais especialmente pensados para abra\u00e7arem \u00e0&nbsp;paisagem urbana. Al\u00e9m disso, programas de integra\u00e7\u00e3o de comunidades ao redor da \u00e1rea constru\u00edda ainda ser\u00e3o divulgados, assim como o pre\u00e7o dos ingressos.&nbsp;<\/p>\n\n\n\n<p>A expectativa \u00e9 receber entre 600 mil e 1 milh\u00e3o de visitantes por ano, cerca de 10% do atual p\u00fablico frequentador dos parques, e transformar a atra\u00e7\u00e3o em um novo centro tur\u00edstico de S\u00e3o Paulo, que, em m\u00e9dia, recebe&nbsp;14,9 milh\u00f5es de visitantes por ano.<\/p>\n\n\n\n<figure class=\"wp-block-image\"><img decoding=\"async\" src=\"https:\/\/s2.glbimg.com\/htQZa05v9NEv_T89ZjSot3vE6Y8=\/600x900\/smart\/e.glbimg.com\/og\/ed\/f\/original\/2022\/07\/22\/roda-sao-paulo-2.jpeg\" alt=\"Maior roda-gigante da Am\u00e9rica Latina ser\u00e1 inaugurada em agosto em S\u00e3o Paulo (Foto: Reprodu\u00e7\u00e3o\/Instagram @rodasaopaulo)\" title=\"(Foto: Reprodu\u00e7\u00e3o\/Instagram @rodasaopaulo)\"\/><figcaption>(Foto: Reprodu\u00e7\u00e3o\/Instagram @rodasaopaulo)<\/figcaption><\/figure>\n\n\n\n<p>Atualmente, as maiores rodas-gigantes da Am\u00e9rica Latina est\u00e3o no&nbsp;Rio de Janeiro&nbsp;e em&nbsp;Foz do Igua\u00e7u, ambas do mesmo grupo, com 88 metros de altura.&nbsp;<\/p>\n\n\n\n<p>Fonte Casa Vogue <\/p>\n","protected":false},"excerpt":{"rendered":"<p>A &#8216;Roda S\u00e3o Paulo&#8217; ser\u00e1 aberta ao p\u00fablico no dia 19 de agosto no Parque C\u00e2ndido Portinari \u00c0s margens do&nbsp;Rio Pinheiros&nbsp;nasce mais um cart\u00e3o-postal na capital de S\u00e3o Paulo. A maior&nbsp;roda-gigante&nbsp;do Brasil e da Am\u00e9rica Latina est\u00e1 prestes a inaugurar e faz parte de uma iniciativa do Governo do Estado de revitalizar e transformar os [&hellip;]<\/p>\n","protected":false},"author":8,"featured_media":8252,"comment_status":"closed","ping_status":"open","sticky":false,"template":"","format":"standard","meta":{"rop_custom_images_group":[],"rop_custom_messages_group":[],"rop_publish_now":"initial","rop_publish_now_accounts":[],"rop_publish_now_history":[],"rop_publish_now_status":"pending","footnotes":""},"categories":[195],"tags":[73],"class_list":["post-8251","post","type-post","status-publish","format-standard","has-post-thumbnail","hentry","category-sao-paulo","tag-featured"],"amp_enabled":true,"_links":{"self":[{"href":"https:\/\/imais.online\/portal\/wp-json\/wp\/v2\/posts\/8251","targetHints":{"allow":["GET"]}}],"collection":[{"href":"https:\/\/imais.online\/portal\/wp-json\/wp\/v2\/posts"}],"about":[{"href":"https:\/\/imais.online\/portal\/wp-json\/wp\/v2\/types\/post"}],"author":[{"embeddable":true,"href":"https:\/\/imais.online\/portal\/wp-json\/wp\/v2\/users\/8"}],"replies":[{"embeddable":true,"href":"https:\/\/imais.online\/portal\/wp-json\/wp\/v2\/comments?post=8251"}],"version-history":[{"count":2,"href":"https:\/\/imais.online\/portal\/wp-json\/wp\/v2\/posts\/8251\/revisions"}],"predecessor-version":[{"id":8257,"href":"https:\/\/imais.online\/portal\/wp-json\/wp\/v2\/posts\/8251\/revisions\/8257"}],"wp:featuredmedia":[{"embeddable":true,"href":"https:\/\/imais.online\/portal\/wp-json\/wp\/v2\/media\/8252"}],"wp:attachment":[{"href":"https:\/\/imais.online\/portal\/wp-json\/wp\/v2\/media?parent=8251"}],"wp:term":[{"taxonomy":"category","embeddable":true,"href":"https:\/\/imais.online\/portal\/wp-json\/wp\/v2\/categories?post=8251"},{"taxonomy":"post_tag","embeddable":true,"href":"https:\/\/imais.online\/portal\/wp-json\/wp\/v2\/tags?post=8251"}],"curies":[{"name":"wp","href":"https:\/\/api.w.org\/{rel}","templated":true}]}}