{"id":8258,"date":"2022-07-25T13:35:12","date_gmt":"2022-07-25T16:35:12","guid":{"rendered":"https:\/\/imais.online\/portal\/?p=8258"},"modified":"2022-07-25T13:35:14","modified_gmt":"2022-07-25T16:35:14","slug":"prefeitura-realiza-treinamento-da-central-de-libras-na-oab-indaiatuba","status":"publish","type":"post","link":"https:\/\/imais.online\/portal\/prefeitura-realiza-treinamento-da-central-de-libras-na-oab-indaiatuba\/","title":{"rendered":"Prefeitura realiza treinamento da Central de Libras na Oab Indaiatuba"},"content":{"rendered":"<div class=\"imais-before-content-placement\" id=\"imais-795558510\"><script async src=\"\/\/pagead2.googlesyndication.com\/pagead\/js\/adsbygoogle.js?client=ca-pub-8787528412751566\" crossorigin=\"anonymous\"><\/script><ins class=\"adsbygoogle\" style=\"display:block;\" data-ad-client=\"ca-pub-8787528412751566\" \ndata-ad-slot=\"\" \ndata-ad-format=\"auto\"><\/ins>\n<script> \n(adsbygoogle = window.adsbygoogle || []).push({}); \n<\/script>\n<\/div>\n<p>A Prefeitura de Indaiatuba, por meio da Secretaria de Rela\u00e7\u00f5es Institucionais e Comunica\u00e7\u00e3o, realizou na tarde da \u00faltima sexta-feira (22) o treinamento da Central de Libras, na Oab Indaiatuba (Ordem dos Advogados do Brasil &#8211; unidade local). O evento contou com a presen\u00e7a da secret\u00e1ria de Rela\u00e7\u00f5es Institucionais e&nbsp; Comunica\u00e7\u00e3o, Dra Graziela Milani; o advogado e secret\u00e1rio geral da OAB, Ricardo Bueno Reis; a vereadora, Silene Carvalini e a int\u00e9rprete de Libras, D\u00e9bora Ciriaco.<\/p>\n\n\n\n<p>Na ocasi\u00e3o, foi realizada uma demonstra\u00e7\u00e3o&nbsp; de como funciona a Central de Libras com o intuito de sanar as d\u00favidas que possam existir no dia a dia ao utilizar e indicar o aplicativo da Icom. \u201cDepois de muitos estudos conseguimos colocar no munic\u00edpio esse sistema, que j\u00e1 estava no plano de Governo do prefeito Nilson Gaspar, &nbsp;e permite a assist\u00eancia da pessoa surda durante sete dias na semana e 24 horas por dia. \u00c9 uma conquista que completou um ano e pudemos trazer nesse per\u00edodo a dignidade das pessoas surdas que agora podem ter a acessibilidade na palma das m\u00e3os a qualquer momento e em toda a cidade\u201d, explica a secret\u00e1ria de Rela\u00e7\u00f5es Institucionais e&nbsp; Comunica\u00e7\u00e3o, Dra Graziela Milani.<\/p>\n\n\n\n<p>&nbsp;O objetivo desse treinamento foi habilitar os funcion\u00e1rios para que possam ser propagadores da Central de Libras com a finalidade de que a inclus\u00e3o em nosso munic\u00edpio seja cada vez mais difundida. \u201cAqui n\u00f3s fazemos diariamente a triagem e atendemos a popula\u00e7\u00e3o em geral. Por isso, \u00e9 importante projetos como esse de inclus\u00e3o, pois n\u00f3s precisamos nos capacitar para poder lidar com todos que nos procuram na Oab\u201d, discursou o advogado, Ricardo Bueno Reis.<\/p>\n\n\n\n<p>A vereadora, Silene Carvalini, relatou uma situa\u00e7\u00e3o recente em que a Central de Libras foi essencial. \u201cN\u00f3s tivemos um paciente surdo internado que ficou tr\u00eas dias e foi super tranquilo o atendimento dele e comunica\u00e7\u00e3o com a equipe m\u00e9dica e enfermagem. Na hora de explicar a medica\u00e7\u00e3o foi acionada a Central, que \u00e9 r\u00e1pida e f\u00e1cil. O sucesso na comunica\u00e7\u00e3o foi poss\u00edvel, pois temos esse servi\u00e7o\u201d, relatou a vereadora.<\/p>\n\n\n\n<p><strong><u>Como acessar a Central&nbsp; de Libras<\/u><\/strong><\/p>\n\n\n\n<p>Basta baixar o aplicativo da Icom, dispon\u00edvel para iOS e Android, ou apontar a c\u00e2mera do celular para o QR Code dispon\u00edvel em cartazes distribu\u00eddos aos estabelecimentos, \u00e9 necess\u00e1rio habilitar microfone para a v\u00eddeo chamada. Tamb\u00e9m pode ser acessada pelo \u00edcone disponibilizado na p\u00e1gina principal do site da Prefeitura de Indaiatuba.&nbsp;A iniciativa da Central de Libras foi idealizada a partir da Lei n\u00ba 7.211, de autoria da vereadora Silene Carvalini.<\/p>\n\n\n\n<p>Os materiais tamb\u00e9m podem ser solicitados na Secretaria Municipal de Rela\u00e7\u00f5es Institucionais e Comunica\u00e7\u00e3o pelo telefone (19) 3834-9398 ou pelo WhatsApp 9 9773-4701.<\/p>\n\n\n\n<p><\/p>\n","protected":false},"excerpt":{"rendered":"<p>A Prefeitura de Indaiatuba, por meio da Secretaria de Rela\u00e7\u00f5es Institucionais e Comunica\u00e7\u00e3o, realizou na tarde da \u00faltima sexta-feira (22) o treinamento da Central de Libras, na Oab Indaiatuba (Ordem dos Advogados do Brasil &#8211; unidade local). O evento contou com a presen\u00e7a da secret\u00e1ria de Rela\u00e7\u00f5es Institucionais e&nbsp; Comunica\u00e7\u00e3o, Dra Graziela Milani; o advogado [&hellip;]<\/p>\n","protected":false},"author":8,"featured_media":8259,"comment_status":"closed","ping_status":"open","sticky":false,"template":"","format":"standard","meta":{"rop_custom_images_group":[],"rop_custom_messages_group":[],"rop_publish_now":"initial","rop_publish_now_accounts":[],"rop_publish_now_history":[],"rop_publish_now_status":"pending","footnotes":""},"categories":[188],"tags":[],"class_list":["post-8258","post","type-post","status-publish","format-standard","has-post-thumbnail","hentry","category-indaiatuba"],"amp_enabled":true,"_links":{"self":[{"href":"https:\/\/imais.online\/portal\/wp-json\/wp\/v2\/posts\/8258","targetHints":{"allow":["GET"]}}],"collection":[{"href":"https:\/\/imais.online\/portal\/wp-json\/wp\/v2\/posts"}],"about":[{"href":"https:\/\/imais.online\/portal\/wp-json\/wp\/v2\/types\/post"}],"author":[{"embeddable":true,"href":"https:\/\/imais.online\/portal\/wp-json\/wp\/v2\/users\/8"}],"replies":[{"embeddable":true,"href":"https:\/\/imais.online\/portal\/wp-json\/wp\/v2\/comments?post=8258"}],"version-history":[{"count":1,"href":"https:\/\/imais.online\/portal\/wp-json\/wp\/v2\/posts\/8258\/revisions"}],"predecessor-version":[{"id":8260,"href":"https:\/\/imais.online\/portal\/wp-json\/wp\/v2\/posts\/8258\/revisions\/8260"}],"wp:featuredmedia":[{"embeddable":true,"href":"https:\/\/imais.online\/portal\/wp-json\/wp\/v2\/media\/8259"}],"wp:attachment":[{"href":"https:\/\/imais.online\/portal\/wp-json\/wp\/v2\/media?parent=8258"}],"wp:term":[{"taxonomy":"category","embeddable":true,"href":"https:\/\/imais.online\/portal\/wp-json\/wp\/v2\/categories?post=8258"},{"taxonomy":"post_tag","embeddable":true,"href":"https:\/\/imais.online\/portal\/wp-json\/wp\/v2\/tags?post=8258"}],"curies":[{"name":"wp","href":"https:\/\/api.w.org\/{rel}","templated":true}]}}