{"id":8264,"date":"2022-07-25T13:41:48","date_gmt":"2022-07-25T16:41:48","guid":{"rendered":"https:\/\/imais.online\/portal\/?p=8264"},"modified":"2022-07-25T13:41:49","modified_gmt":"2022-07-25T16:41:49","slug":"sebrae-aqui-abre-turma-para-o-curso-de-reparos-em-edificacoes-eletricas","status":"publish","type":"post","link":"https:\/\/imais.online\/portal\/sebrae-aqui-abre-turma-para-o-curso-de-reparos-em-edificacoes-eletricas\/","title":{"rendered":"Sebrae Aqui abre turma para o curso de reparos em edifica\u00e7\u00f5es el\u00e9tricas"},"content":{"rendered":"<div class=\"imais-before-content-placement\" id=\"imais-3308061744\"><script async src=\"\/\/pagead2.googlesyndication.com\/pagead\/js\/adsbygoogle.js?client=ca-pub-8787528412751566\" crossorigin=\"anonymous\"><\/script><ins class=\"adsbygoogle\" style=\"display:block;\" data-ad-client=\"ca-pub-8787528412751566\" \ndata-ad-slot=\"\" \ndata-ad-format=\"auto\"><\/ins>\n<script> \n(adsbygoogle = window.adsbygoogle || []).push({}); \n<\/script>\n<\/div>\n<p>A Prefeitura de Indaiatuba, por meio da Secretaria de Governo e do Sebrae Aqui, abre curso com o tema \u201cPequenos reparos em edifica\u00e7\u00f5es el\u00e9tricas\u201d. As aulas acontecer\u00e3o de maneira presencial e gratuita de 29 de agosto a 28 de setembro das 18h \u00e0s 22h, no Senai. Os interessados poder\u00e3o realizar as inscri\u00e7\u00f5es pelo link:\u00a0https:\/\/www.sympla.com.br\/evento\/pequenos-reparos-em-edificacoes-eletrica-sebrae-aqui-indaiatuba-e-senai-p-7184\/1643305.<\/p>\n\n\n\n<p>O objetivo \u00e9 que as pessoas desenvolvam compet\u00eancias relativas \u00e0 execu\u00e7\u00e3o de reparos em componentes el\u00e9tricos da edifica\u00e7\u00e3o como: troca de tomada, de lustres, calhas, reatores, disjuntores, resist\u00eancias, chuveiros e interruptores atendendo aos procedimentos e as normas t\u00e9cnicas e de seguran\u00e7a.<\/p>\n\n\n\n<p>&nbsp;<strong>Conte\u00fado<\/strong><\/p>\n\n\n\n<ul class=\"wp-block-list\"><li>Eletricidade b\u00e1sica &#8211; grandezas el\u00e9trica<\/li><li>Instala\u00e7\u00f5es el\u00e9tricas<\/li><li>Conceitos de medidas e instrumentos de medi\u00e7\u00e3o<\/li><li>Ferramentas para manuten\u00e7\u00f5es el\u00e9tricas<\/li><li>Conex\u00e3o de condutores &#8211; emendas, terminais e conectores<\/li><li>Componentes e dispositivos &#8211; quadro de distribui\u00e7\u00e3o, prote\u00e7\u00e3o DTM, DR, DPS, interruptores, tomadas, ilumina\u00e7\u00e3o e aterramento<\/li><li>Ilumina\u00e7\u00e3o e aterramento<\/li><li>No\u00e7\u00f5es de projetos el\u00e9tricos\/diagrama unifilar<\/li><li>Infraestrutura externa, eletroduto, canaletas e conduletes<\/li><\/ul>\n\n\n\n<p><strong>Na pr\u00e1tica<\/strong><\/p>\n\n\n\n<p>Nas aulas pr\u00e1ticas os alunos v\u00e3o aprender sobre instala\u00e7\u00e3o e manuten\u00e7\u00e3o de circuitos de tomadas, ilumina\u00e7\u00e3o, chuveiros e quadro de for\u00e7a. Al\u00e9m da aplica\u00e7\u00e3o dos procedimentos de seguran\u00e7a com eletricidade e interpreta\u00e7\u00e3o de diagrama unifilar.<\/p>\n\n\n\n<p><strong><u>SERVI\u00c7OS<\/u><\/strong><\/p>\n\n\n\n<p><strong>DATA:&nbsp;&nbsp;<\/strong>29 de agosto a 28 de setembro&nbsp;(Segunda a sexta-feira).<\/p>\n\n\n\n<p><strong>HOR\u00c1RIO:<\/strong>&nbsp; Das 18h \u00e0s 22h.<\/p>\n\n\n\n<p><strong>LOCAL: Senai Indaiatuba &#8211; Rua Senai, 129 &#8211; Fazenda Pimenta<\/strong><\/p>\n\n\n\n<p><strong>INSCRI\u00c7\u00d5ES:<\/strong>\u00a0https:\/\/www.sympla.com.br\/evento\/pequenos-reparos-em-edificacoes-eletrica-sebrae-aqui-indaiatuba-e-senai-p-7184\/1643305.<\/p>\n\n\n\n<p><strong>TELEFONE:<\/strong>\u00a0(19) 3834-9272.<\/p>\n\n\n\n<p><\/p>\n","protected":false},"excerpt":{"rendered":"<p>A Prefeitura de Indaiatuba, por meio da Secretaria de Governo e do Sebrae Aqui, abre curso com o tema \u201cPequenos reparos em edifica\u00e7\u00f5es el\u00e9tricas\u201d. As aulas acontecer\u00e3o de maneira presencial e gratuita de 29 de agosto a 28 de setembro das 18h \u00e0s 22h, no Senai. Os interessados poder\u00e3o realizar as inscri\u00e7\u00f5es pelo link:\u00a0https:\/\/www.sympla.com.br\/evento\/pequenos-reparos-em-edificacoes-eletrica-sebrae-aqui-indaiatuba-e-senai-p-7184\/1643305. O [&hellip;]<\/p>\n","protected":false},"author":8,"featured_media":8265,"comment_status":"closed","ping_status":"open","sticky":false,"template":"","format":"standard","meta":{"rop_custom_images_group":[],"rop_custom_messages_group":[],"rop_publish_now":"initial","rop_publish_now_accounts":[],"rop_publish_now_history":[],"rop_publish_now_status":"pending","footnotes":""},"categories":[188],"tags":[],"class_list":["post-8264","post","type-post","status-publish","format-standard","has-post-thumbnail","hentry","category-indaiatuba"],"amp_enabled":true,"_links":{"self":[{"href":"https:\/\/imais.online\/portal\/wp-json\/wp\/v2\/posts\/8264","targetHints":{"allow":["GET"]}}],"collection":[{"href":"https:\/\/imais.online\/portal\/wp-json\/wp\/v2\/posts"}],"about":[{"href":"https:\/\/imais.online\/portal\/wp-json\/wp\/v2\/types\/post"}],"author":[{"embeddable":true,"href":"https:\/\/imais.online\/portal\/wp-json\/wp\/v2\/users\/8"}],"replies":[{"embeddable":true,"href":"https:\/\/imais.online\/portal\/wp-json\/wp\/v2\/comments?post=8264"}],"version-history":[{"count":1,"href":"https:\/\/imais.online\/portal\/wp-json\/wp\/v2\/posts\/8264\/revisions"}],"predecessor-version":[{"id":8266,"href":"https:\/\/imais.online\/portal\/wp-json\/wp\/v2\/posts\/8264\/revisions\/8266"}],"wp:featuredmedia":[{"embeddable":true,"href":"https:\/\/imais.online\/portal\/wp-json\/wp\/v2\/media\/8265"}],"wp:attachment":[{"href":"https:\/\/imais.online\/portal\/wp-json\/wp\/v2\/media?parent=8264"}],"wp:term":[{"taxonomy":"category","embeddable":true,"href":"https:\/\/imais.online\/portal\/wp-json\/wp\/v2\/categories?post=8264"},{"taxonomy":"post_tag","embeddable":true,"href":"https:\/\/imais.online\/portal\/wp-json\/wp\/v2\/tags?post=8264"}],"curies":[{"name":"wp","href":"https:\/\/api.w.org\/{rel}","templated":true}]}}