{"id":8277,"date":"2022-07-26T07:54:15","date_gmt":"2022-07-26T10:54:15","guid":{"rendered":"https:\/\/imais.online\/portal\/?p=8277"},"modified":"2022-07-26T08:31:53","modified_gmt":"2022-07-26T11:31:53","slug":"aviao-baleia-beluga-pousa-em-viracopos-em-1a-viagem-a-america-latina","status":"publish","type":"post","link":"https:\/\/imais.online\/portal\/aviao-baleia-beluga-pousa-em-viracopos-em-1a-viagem-a-america-latina\/","title":{"rendered":"Avi\u00e3o &#8216;baleia&#8217; Beluga pousa em Viracopos em 1\u00aa viagem \u00e0 Am\u00e9rica Latina"},"content":{"rendered":"<div class=\"imais-before-content-placement\" id=\"imais-2326958042\"><script async src=\"\/\/pagead2.googlesyndication.com\/pagead\/js\/adsbygoogle.js?client=ca-pub-8787528412751566\" crossorigin=\"anonymous\"><\/script><ins class=\"adsbygoogle\" style=\"display:block;\" data-ad-client=\"ca-pub-8787528412751566\" \ndata-ad-slot=\"\" \ndata-ad-format=\"auto\"><\/ins>\n<script> \n(adsbygoogle = window.adsbygoogle || []).push({}); \n<\/script>\n<\/div>\n<p class=\"has-text-align-center\">Aeronave chegou a Campinas (SP) por volta das 13h50, desta segunda feira, ap\u00f3s decolar de Fortaleza (CE), onde aterrissou no domingo (24). Airbus estava carregado com um helic\u00f3ptero de luxo; veja detalhes.<\/p>\n\n\n\n<p>O avi\u00e3o cargueiro Airbus Beluga ST, conhecido como avi\u00e3o &#8220;baleia&#8221;, aterrissou no Aeroporto Internacional de Viracopos, em\u00a0Campinas (SP), \u00e0s 13h50 desta segunda-feira (25). O pouso ocorreu 40 minutos antes do hor\u00e1rio mais recente previsto pela concession\u00e1ria administradora do terminal.<\/p>\n\n\n\n<p>Aproximadamente 150 fot\u00f3grafos admiradores de avia\u00e7\u00e3o foram cadastrados para acompanhar a chegada da aeronave ao aeroporto e tr\u00eas \u00f4nibus foram usados na opera\u00e7\u00e3o. De acordo com a concession\u00e1ria administradora do terminal, o Beluga estava carregado com um helic\u00f3ptero de luxo, mas informa\u00e7\u00f5es sobre valor e destinat\u00e1rio n\u00e3o foram confirmadas at\u00e9 a publica\u00e7\u00e3o.<\/p>\n\n\n\n<p>O diretor de opera\u00e7\u00f5es em Viracopos, Marcelo Mota, explicou que a opera\u00e7\u00e3o come\u00e7ou a ser planejada h\u00e1 quase quatro meses e mobilizou aproximadamente 250 pessoas, incluindo integrantes das pol\u00edcias Militar e Federal, Receita Federal, Emdec, al\u00e9m de funcion\u00e1rios da concession\u00e1ria administradora do terminal. N\u00e3o houve reflexos nas opera\u00e7\u00f5es de voos no aeroporto.<\/p>\n\n\n\n<p>A expectativa \u00e9 de que o Beluga deixe Viracopos \u00e0s 19h desta ter\u00e7a-feira e retornar para a Fran\u00e7a.<\/p>\n\n\n\n<p>Em sua primeira viagem \u00e0 Am\u00e9rica Latina, a aeronave chegou ao Brasil na tarde de domingo (24) e&nbsp;pousou em Fortaleza (CE). O cargueiro pernoitou no Cear\u00e1 e decolou com destino \u00e0 cidade paulista \u00e0s 11h30, informou a concession\u00e1ria Aeroportos Brasil, administradora do terminal em Campinas.<\/p>\n\n\n\n<p>Inicialmente, estava programado o avi\u00e3o chegar \u00e0 capital cearense no s\u00e1bado e, \u00e0 cidade paulista, no domingo. No entanto, uma tempestade em Dacar, no Senegal, impediu a aeronave de decolar, o que atrasou toda a programa\u00e7\u00e3o.<\/p>\n\n\n\n<p>Por Arthur Menicucci, Fernando Pac\u00edfico e Marcello Carvalho, g1 Campinas e Regi\u00e3o<\/p>\n","protected":false},"excerpt":{"rendered":"<p>Aeronave chegou a Campinas (SP) por volta das 13h50, desta segunda feira, ap\u00f3s decolar de Fortaleza (CE), onde aterrissou no domingo (24). Airbus estava carregado com um helic\u00f3ptero de luxo; veja detalhes. O avi\u00e3o cargueiro Airbus Beluga ST, conhecido como avi\u00e3o &#8220;baleia&#8221;, aterrissou no Aeroporto Internacional de Viracopos, em\u00a0Campinas (SP), \u00e0s 13h50 desta segunda-feira (25). [&hellip;]<\/p>\n","protected":false},"author":7,"featured_media":8278,"comment_status":"closed","ping_status":"open","sticky":false,"template":"","format":"standard","meta":{"rop_custom_images_group":[],"rop_custom_messages_group":[],"rop_publish_now":"initial","rop_publish_now_accounts":[],"rop_publish_now_history":[],"rop_publish_now_status":"pending","footnotes":""},"categories":[194],"tags":[73],"class_list":["post-8277","post","type-post","status-publish","format-standard","has-post-thumbnail","hentry","category-regia","tag-featured"],"amp_enabled":true,"_links":{"self":[{"href":"https:\/\/imais.online\/portal\/wp-json\/wp\/v2\/posts\/8277","targetHints":{"allow":["GET"]}}],"collection":[{"href":"https:\/\/imais.online\/portal\/wp-json\/wp\/v2\/posts"}],"about":[{"href":"https:\/\/imais.online\/portal\/wp-json\/wp\/v2\/types\/post"}],"author":[{"embeddable":true,"href":"https:\/\/imais.online\/portal\/wp-json\/wp\/v2\/users\/7"}],"replies":[{"embeddable":true,"href":"https:\/\/imais.online\/portal\/wp-json\/wp\/v2\/comments?post=8277"}],"version-history":[{"count":2,"href":"https:\/\/imais.online\/portal\/wp-json\/wp\/v2\/posts\/8277\/revisions"}],"predecessor-version":[{"id":8292,"href":"https:\/\/imais.online\/portal\/wp-json\/wp\/v2\/posts\/8277\/revisions\/8292"}],"wp:featuredmedia":[{"embeddable":true,"href":"https:\/\/imais.online\/portal\/wp-json\/wp\/v2\/media\/8278"}],"wp:attachment":[{"href":"https:\/\/imais.online\/portal\/wp-json\/wp\/v2\/media?parent=8277"}],"wp:term":[{"taxonomy":"category","embeddable":true,"href":"https:\/\/imais.online\/portal\/wp-json\/wp\/v2\/categories?post=8277"},{"taxonomy":"post_tag","embeddable":true,"href":"https:\/\/imais.online\/portal\/wp-json\/wp\/v2\/tags?post=8277"}],"curies":[{"name":"wp","href":"https:\/\/api.w.org\/{rel}","templated":true}]}}