{"id":828,"date":"2021-08-18T17:10:35","date_gmt":"2021-08-18T20:10:35","guid":{"rendered":"https:\/\/imais.online\/portal\/?p=828"},"modified":"2021-08-18T17:10:37","modified_gmt":"2021-08-18T20:10:37","slug":"publico-imunizado-com-a-vacina-astrazeneca-ate-6-de-junho-recebe-a-2a-dose-na-quinta-feira-19","status":"publish","type":"post","link":"https:\/\/imais.online\/portal\/publico-imunizado-com-a-vacina-astrazeneca-ate-6-de-junho-recebe-a-2a-dose-na-quinta-feira-19\/","title":{"rendered":"P\u00fablico imunizado com a vacina AstraZeneca at\u00e9 6 de junho recebe a 2\u00aa dose na quinta-feira (19)"},"content":{"rendered":"<div class=\"imais-before-content-placement\" id=\"imais-4072047093\"><script async src=\"\/\/pagead2.googlesyndication.com\/pagead\/js\/adsbygoogle.js?client=ca-pub-8787528412751566\" crossorigin=\"anonymous\"><\/script><ins class=\"adsbygoogle\" style=\"display:block;\" data-ad-client=\"ca-pub-8787528412751566\" \ndata-ad-slot=\"\" \ndata-ad-format=\"auto\"><\/ins>\n<script> \n(adsbygoogle = window.adsbygoogle || []).push({}); \n<\/script>\n<\/div>\n<p>A Prefeitura de Indaiatuba por meio da Secretaria Municipal de Sa\u00fade convocou para esta quinta-feira (19) o p\u00fablico imunizado at\u00e9 6 de junho com a 1\u00aa dose da vacina, contra a Covid-19, AstraZeneca, para receber o refor\u00e7o vacinal no Centro Esportivo do Trabalhador, das 9h \u00e0s 18h.<\/p>\n\n\n\n<p>No ato da vacina\u00e7\u00e3o \u00e9 obrigat\u00f3rio apresentar o QRcode de convoca\u00e7\u00e3o, um documento com foto (RG, CPF ou CNH) e comprovante de endere\u00e7o (IPTU, conta de \u00e1gua ou luz) no nome da pessoa a ser vacinada. Caso n\u00e3o possua, pode ser apresentado contrato de aluguel ou documento que comprove o parentesco com o titular.<\/p>\n\n\n\n<p>O QRcode de convoca\u00e7\u00e3o pode ser obtido na plataforma Minha Vacina no site da Prefeitura atrav\u00e9s do link https:\/\/vacinacao.indaiatuba.sp.gov.br\/login ou na caixa de entrada do e-mail cadastrado. \u00c9 sempre importante checar se o e-mail n\u00e3o caiu na pasta spam ou lixo eletr\u00f4nico.<\/p>\n\n\n\n<p>A Prefeitura solicita que sejam respeitados os hor\u00e1rios da convoca\u00e7\u00e3o para que n\u00e3o haja filas e nem aglomera\u00e7\u00e3o.<\/p>\n\n\n\n<p>D\u00daVIDAS<\/p>\n\n\n\n<p>WhatsApp Sa\u00fade (19) 9 9779-3856<\/p>\n\n\n\n<p>0800 \u2013 770 &#8211; 7702<\/p>\n\n\n\n<p>SERVI\u00c7O<\/p>\n\n\n\n<p>Vacina\u00e7\u00e3o Covid-19 \u2013 2\u00aa Dose AstraZeneca<\/p>\n\n\n\n<p>Data: 19\/08\/2021;<\/p>\n\n\n\n<p>Hor\u00e1rio: 9h \u00e0s 18h;<\/p>\n\n\n\n<p>Local: Centro Esportivo do Trabalhador \u2013 Av. Concei\u00e7\u00e3o, 1885 \u2013 Cidade Nova 2;<\/p>\n\n\n\n<p>Grupo: 2\u00aa dose AstraZeneca para pessoas imunizadas com a 1\u00aa at\u00e9 6 de junho;<\/p>\n\n\n\n<p>Obrigat\u00f3rio: QRcode de convoca\u00e7\u00e3o (obtido na plataforma Minha Vacina no site da Prefeitura), documento com foto e comprovante de endere\u00e7o (IPTU, conta de \u00e1gua ou luz).<\/p>\n\n\n\n<p>Foto: Eliandro Figueira RIC\/PMI<\/p>\n","protected":false},"excerpt":{"rendered":"<p>A Prefeitura de Indaiatuba por meio da Secretaria Municipal de Sa\u00fade convocou para esta quinta-feira (19) o p\u00fablico imunizado at\u00e9 6 de junho com a 1\u00aa dose da vacina, contra a Covid-19, AstraZeneca, para receber o refor\u00e7o vacinal no Centro Esportivo do Trabalhador, das 9h \u00e0s 18h. No ato da vacina\u00e7\u00e3o \u00e9 obrigat\u00f3rio apresentar o [&hellip;]<\/p>\n","protected":false},"author":8,"featured_media":829,"comment_status":"closed","ping_status":"open","sticky":false,"template":"","format":"standard","meta":{"rop_custom_images_group":[],"rop_custom_messages_group":[],"rop_publish_now":"initial","rop_publish_now_accounts":[],"rop_publish_now_history":[],"rop_publish_now_status":"pending","footnotes":""},"categories":[188],"tags":[],"class_list":["post-828","post","type-post","status-publish","format-standard","has-post-thumbnail","hentry","category-indaiatuba"],"amp_enabled":true,"_links":{"self":[{"href":"https:\/\/imais.online\/portal\/wp-json\/wp\/v2\/posts\/828","targetHints":{"allow":["GET"]}}],"collection":[{"href":"https:\/\/imais.online\/portal\/wp-json\/wp\/v2\/posts"}],"about":[{"href":"https:\/\/imais.online\/portal\/wp-json\/wp\/v2\/types\/post"}],"author":[{"embeddable":true,"href":"https:\/\/imais.online\/portal\/wp-json\/wp\/v2\/users\/8"}],"replies":[{"embeddable":true,"href":"https:\/\/imais.online\/portal\/wp-json\/wp\/v2\/comments?post=828"}],"version-history":[{"count":1,"href":"https:\/\/imais.online\/portal\/wp-json\/wp\/v2\/posts\/828\/revisions"}],"predecessor-version":[{"id":830,"href":"https:\/\/imais.online\/portal\/wp-json\/wp\/v2\/posts\/828\/revisions\/830"}],"wp:featuredmedia":[{"embeddable":true,"href":"https:\/\/imais.online\/portal\/wp-json\/wp\/v2\/media\/829"}],"wp:attachment":[{"href":"https:\/\/imais.online\/portal\/wp-json\/wp\/v2\/media?parent=828"}],"wp:term":[{"taxonomy":"category","embeddable":true,"href":"https:\/\/imais.online\/portal\/wp-json\/wp\/v2\/categories?post=828"},{"taxonomy":"post_tag","embeddable":true,"href":"https:\/\/imais.online\/portal\/wp-json\/wp\/v2\/tags?post=828"}],"curies":[{"name":"wp","href":"https:\/\/api.w.org\/{rel}","templated":true}]}}