{"id":8280,"date":"2022-07-26T07:57:46","date_gmt":"2022-07-26T10:57:46","guid":{"rendered":"https:\/\/imais.online\/portal\/?p=8280"},"modified":"2022-07-26T07:57:48","modified_gmt":"2022-07-26T10:57:48","slug":"incendio-danifica-tres-salas-e-interdita-forum-da-justica-do-trabalho-de-indaiatuba","status":"publish","type":"post","link":"https:\/\/imais.online\/portal\/incendio-danifica-tres-salas-e-interdita-forum-da-justica-do-trabalho-de-indaiatuba\/","title":{"rendered":"Inc\u00eandio danifica tr\u00eas salas e interdita F\u00f3rum da Justi\u00e7a do Trabalho de Indaiatuba"},"content":{"rendered":"<div class=\"imais-before-content-placement\" id=\"imais-3049402414\"><script async src=\"\/\/pagead2.googlesyndication.com\/pagead\/js\/adsbygoogle.js?client=ca-pub-8787528412751566\" crossorigin=\"anonymous\"><\/script><ins class=\"adsbygoogle\" style=\"display:block;\" data-ad-client=\"ca-pub-8787528412751566\" \ndata-ad-slot=\"\" \ndata-ad-format=\"auto\"><\/ins>\n<script> \n(adsbygoogle = window.adsbygoogle || []).push({}); \n<\/script>\n<\/div>\n<p class=\"has-text-align-center\">Fogo consumiu pertences e objetos dos c\u00f4modos afetados. Defesa Civil deve fazer vistoria na ter\u00e7a-feira (26).<\/p>\n\n\n\n<p>Um inc\u00eandio na tarde desta segunda-feira (25) atingiu tr\u00eas salas do F\u00f3rum da Justi\u00e7a do Trabalho de\u00a0Indaiatuba (SP)\u00a0e interditou o im\u00f3vel pelo menos at\u00e9 ter\u00e7a (26), quando a Defesa Civil deve fazer uma vistoria para avaliar os danos. Ningu\u00e9m ficou ferido.<\/p>\n\n\n\n<p>O fogo come\u00e7ou por volta das 13h45, quando ocorria uma audi\u00eancia e uma servidora entrou na sala para avisar que o gabinete da ju\u00edza estava pegando fogo.<\/p>\n\n\n\n<p>A ju\u00edza pediu que todos sa\u00edssem do local. Dois brigadistas que estavam na sala de espera e seriam testemunha da audi\u00eancia tentaram apagar as chamas com extintores de inc\u00eandio, mas n\u00e3o conseguiram.<\/p>\n\n\n\n<p>Das tr\u00eas salas afetadas pelo fogo, duas s\u00e3o gabinetes de ju\u00edzes e uma sala de testemunhas. Tudo foi perdido dentro das salas, inclusive quadros e objetos pessoais dos servidores.<\/p>\n\n\n\n<p>O inc\u00eandio foi controlado por volta das 14h40 pelo Corpo de Bombeiros, com aux\u00edlio da Defesa Civil e da Pol\u00edcia Militar. A causa do in\u00edcio do fogo n\u00e3o foi informada.<\/p>\n\n\n\n<h2 class=\"wp-block-heading\">Vistoria e interdi\u00e7\u00e3o<\/h2>\n\n\n\n<p>Um t\u00e9cnico da Defesa Civil deve fazer uma vistoria e verificar se a estrutura do pr\u00e9dio foi comprometida, At\u00e9 l\u00e1, o f\u00f3rum ficar\u00e1 interditado.<\/p>\n\n\n\n<p>Segundo a Justi\u00e7a do Trabalho, caso o pr\u00e9dio seja liberado, as salas que foram atingidas pelo fogo ter\u00e3o que ser reformadas. Com isso, a estimativa \u00e9 que a interdi\u00e7\u00e3o continue por no m\u00ednimo dez dias.<\/p>\n\n\n\n<p>Por isso, as audi\u00eancias presenciais foram adiadas e as audi\u00eancias virtuais ocorrer\u00e3o normalmente, assim como outros servi\u00e7os.<\/p>\n\n\n\n<p><strong>Por g1 Campinas e Regi\u00e3o<\/strong><\/p>\n","protected":false},"excerpt":{"rendered":"<p>Fogo consumiu pertences e objetos dos c\u00f4modos afetados. Defesa Civil deve fazer vistoria na ter\u00e7a-feira (26). Um inc\u00eandio na tarde desta segunda-feira (25) atingiu tr\u00eas salas do F\u00f3rum da Justi\u00e7a do Trabalho de\u00a0Indaiatuba (SP)\u00a0e interditou o im\u00f3vel pelo menos at\u00e9 ter\u00e7a (26), quando a Defesa Civil deve fazer uma vistoria para avaliar os danos. Ningu\u00e9m [&hellip;]<\/p>\n","protected":false},"author":7,"featured_media":8281,"comment_status":"closed","ping_status":"open","sticky":false,"template":"","format":"standard","meta":{"rop_custom_images_group":[],"rop_custom_messages_group":[],"rop_publish_now":"initial","rop_publish_now_accounts":[],"rop_publish_now_history":[],"rop_publish_now_status":"pending","footnotes":""},"categories":[188],"tags":[73],"class_list":["post-8280","post","type-post","status-publish","format-standard","has-post-thumbnail","hentry","category-indaiatuba","tag-featured"],"amp_enabled":true,"_links":{"self":[{"href":"https:\/\/imais.online\/portal\/wp-json\/wp\/v2\/posts\/8280","targetHints":{"allow":["GET"]}}],"collection":[{"href":"https:\/\/imais.online\/portal\/wp-json\/wp\/v2\/posts"}],"about":[{"href":"https:\/\/imais.online\/portal\/wp-json\/wp\/v2\/types\/post"}],"author":[{"embeddable":true,"href":"https:\/\/imais.online\/portal\/wp-json\/wp\/v2\/users\/7"}],"replies":[{"embeddable":true,"href":"https:\/\/imais.online\/portal\/wp-json\/wp\/v2\/comments?post=8280"}],"version-history":[{"count":1,"href":"https:\/\/imais.online\/portal\/wp-json\/wp\/v2\/posts\/8280\/revisions"}],"predecessor-version":[{"id":8282,"href":"https:\/\/imais.online\/portal\/wp-json\/wp\/v2\/posts\/8280\/revisions\/8282"}],"wp:featuredmedia":[{"embeddable":true,"href":"https:\/\/imais.online\/portal\/wp-json\/wp\/v2\/media\/8281"}],"wp:attachment":[{"href":"https:\/\/imais.online\/portal\/wp-json\/wp\/v2\/media?parent=8280"}],"wp:term":[{"taxonomy":"category","embeddable":true,"href":"https:\/\/imais.online\/portal\/wp-json\/wp\/v2\/categories?post=8280"},{"taxonomy":"post_tag","embeddable":true,"href":"https:\/\/imais.online\/portal\/wp-json\/wp\/v2\/tags?post=8280"}],"curies":[{"name":"wp","href":"https:\/\/api.w.org\/{rel}","templated":true}]}}