{"id":8286,"date":"2022-07-26T08:07:38","date_gmt":"2022-07-26T11:07:38","guid":{"rendered":"https:\/\/imais.online\/portal\/?p=8286"},"modified":"2022-07-26T08:07:40","modified_gmt":"2022-07-26T11:07:40","slug":"senac-tem-mais-de-440-vagas-para-bolsas-de-estudo-em-cursos-tecnicos-nas-unidades-de-salto-e-itu","status":"publish","type":"post","link":"https:\/\/imais.online\/portal\/senac-tem-mais-de-440-vagas-para-bolsas-de-estudo-em-cursos-tecnicos-nas-unidades-de-salto-e-itu\/","title":{"rendered":"Senac tem mais de 440 vagas para bolsas de estudo em cursos t\u00e9cnicos nas unidades de Salto e Itu"},"content":{"rendered":"<div class=\"imais-before-content-placement\" id=\"imais-2151698642\"><script async src=\"\/\/pagead2.googlesyndication.com\/pagead\/js\/adsbygoogle.js?client=ca-pub-8787528412751566\" crossorigin=\"anonymous\"><\/script><ins class=\"adsbygoogle\" style=\"display:block;\" data-ad-client=\"ca-pub-8787528412751566\" \ndata-ad-slot=\"\" \ndata-ad-format=\"auto\"><\/ins>\n<script> \n(adsbygoogle = window.adsbygoogle || []).push({}); \n<\/script>\n<\/div>\n<p class=\"has-text-align-center\"><em>Turmas est\u00e3o abertas para o segundo semestre e inscri\u00e7\u00f5es podem ser feitas pelo site do Programa Senac de Gratuidade&nbsp;<\/em><\/p>\n\n\n\n<p>O mercado de trabalho est\u00e1 em constante transforma\u00e7\u00e3o, sobretudo quando tratamos da import\u00e2ncia da habilita\u00e7\u00e3o t\u00e9cnica para a forma\u00e7\u00e3o profissional. O n\u00edvel de exig\u00eancia das organiza\u00e7\u00f5es tem aumentado e o mercado vem sentindo a falta de trabalhadores qualificados nas mais diversas \u00e1reas e setores.\u00a0<\/p>\n\n\n\n<p>Os cursos t\u00e9cnicos s\u00e3o o melhor caminho para quem busca uma forma\u00e7\u00e3o mais r\u00e1pida e entrada imediata no mercado de trabalho. <a href=\"https:\/\/www.frm.org.br\/conteudo\/educacao-profissional\/noticia\/pesquisa-inclusao-produtiva-dos-jovens-experiencias-de-quem\">Pesquisa<\/a> realizada pela Funda\u00e7\u00e3o Roberto Marinho, Ita\u00fa Educa\u00e7\u00e3o e Trabalho e Arymax, constata que jovens com ensino t\u00e9cnico t\u00eam mais chance de conquistar o primeiro emprego, al\u00e9m de maior possibilidade de ascens\u00e3o profissional em rela\u00e7\u00e3o aos que cursaram o segundo grau convencional.&nbsp;<\/p>\n\n\n\n<p>Al\u00e9m de oportunizar um s\u00f3lido conhecimento te\u00f3rico, os cursos t\u00e9cnicos tamb\u00e9m focam na pr\u00e1tica e na viv\u00eancia da profiss\u00e3o. &#8220;Investir na forma\u00e7\u00e3o e no aprimoramento profissional torna-se um diferencial diante da concorr\u00eancia, pois os estudantes vivenciam situa\u00e7\u00f5es reais de trabalho e significativas com vistas ao desenvolvimento do perfil profissional de conclus\u00e3o&#8221;, explica F\u00e1bio Freitas dos Santos, coordenador educacional do Senac Salto.&nbsp;<\/p>\n\n\n\n<p>Para o segundo semestre, o Senac Salto e Itu oferece mais de 440 vagas com 100% de gratuidade para cursos t\u00e9cnicos. Em Salto, s\u00e3o 387 vagas de bolsas para os cursos T\u00e9cnico em Log\u00edstica, T\u00e9cnico em Hospedagem, T\u00e9cnico em Seguran\u00e7a do Trabalho, T\u00e9cnico em Com\u00e9rcio Exterior, T\u00e9cnico em Inform\u00e1tica, T\u00e9cnico em Podologia, al\u00e9m da qualifica\u00e7\u00e3o t\u00e9cnica em Assistente de Suporte e Manuten\u00e7\u00e3o de Computadores e a especializa\u00e7\u00e3o t\u00e9cnica em Guia Especializado em Atrativo Tur\u00edstico e Cultural. No Senac Itu, s\u00e3o 25 bolsas para T\u00e9cnico em Massoterapia e 30 bolsas para o curso T\u00e9cnico em Design de Interiores.&nbsp;<\/p>\n\n\n\n<p>Al\u00e9m das bolsas nos cursos t\u00e9cnicos, as duas unidades ofertam, juntas, 1,6 mil vagas com 100% de gratuidade em cursos livres, em diversas \u00e1reas. Quem se interessar em inscrever-se no Programa Senac de Gratuidade para obter uma bolsa de estudo com 100% de desconto deve comprovar renda familiar mensal por pessoa de at\u00e9 dois sal\u00e1rios m\u00ednimos federais e fazerem sua inscri\u00e7\u00e3o para uma bolsa de estudo 20 dias antes do in\u00edcio do curso escolhido, sempre a partir das 12 horas, pelo <a href=\"https:\/\/www.sp.senac.br\/programa-senac-de-gratuidade\">site<\/a> do Programa Senac de Gratuidade.&nbsp;<\/p>\n\n\n\n<p><strong>Jeito Senac de Educar&nbsp;<\/strong><\/p>\n\n\n\n<p>As unidades Senac Salto e Senac Itu oferecem cursos de educa\u00e7\u00e3o profissional t\u00e9cnica de n\u00edvel m\u00e9dio ou de forma\u00e7\u00e3o inicial e continuada (cursos livres), na modalidade aprendizagem em com\u00e9rcio de bens, servi\u00e7os e turismo nas \u00e1reas de comunica\u00e7\u00e3o e artes, bem-estar, design e arquitetura, educa\u00e7\u00e3o, gastronomia e nutri\u00e7\u00e3o, gest\u00e3o e neg\u00f3cios, infraestrutura, meio ambiente, seguran\u00e7a e sa\u00fade no trabalho, moda e beleza, tecnologia da informa\u00e7\u00e3o e turismo e hospitalidade.&nbsp;<\/p>\n\n\n\n<p>O Jeito Senac de Educar conta com aulas pr\u00e1ticas, din\u00e2micas e conectadas \u00e0s inova\u00e7\u00f5es das mais diversas \u00e1reas, contribuindo para a experimenta\u00e7\u00e3o e aprendizagem cont\u00ednuas, al\u00e9m de promover o acesso, a perman\u00eancia e o protagonismo do aluno e sua autonomia no processo de ensino e aprendizagem.&nbsp;<\/p>\n\n\n\n<p>&#8220;Os cursos permitem, ainda, por meio de situa\u00e7\u00f5es de aprendizagens significativas e estrat\u00e9gias inovadoras com foco no empreendedorismo, sustentabilidade e uso das tecnologias, o desenvolvimento de compet\u00eancias e habilidades que far\u00e3o parte do itiner\u00e1rio formativo dos alunos a partir de seus projetos reais&#8221;, ressalta o coordenador.&nbsp;<\/p>\n\n\n\n<p>Mais informa\u00e7\u00f5es sobre os cursos dispon\u00edveis podem ser obtidas no <a href=\"https:\/\/www.sp.senac.br\/senac-salto\">site<\/a> do Senac Salto e no <a href=\"https:\/\/www.sp.senac.br\/senac-itu\">site<\/a> do Senac Itu.&nbsp;<\/p>\n\n\n\n<p><strong><u>Servi\u00e7o:&nbsp;<\/u><\/strong><\/p>\n\n\n\n<p><strong>Senac Registro&nbsp;<\/strong><\/p>\n\n\n\n<p><strong>Endere\u00e7o: <\/strong>Avenida Dra. Sonia Maria Bulle Lopes, 1.245 &#8211; Jardim Buru, Salto\/SP<\/p>\n\n\n\n<p><strong>Inscri\u00e7\u00f5es e informa\u00e7\u00f5es: <\/strong><a href=\"https:\/\/www.sp.senac.br\/senac-salto\">https:\/\/www.sp.senac.br\/senac-salto&nbsp;<\/a><\/p>\n\n\n\n<p><strong>Senac Itu&nbsp;<\/strong><\/p>\n\n\n\n<p><strong>Endere\u00e7o: <\/strong>Rua Maestro Jos\u00e9 Vict\u00f3rio, 137 \u2013 Centro, Itu\/SP&nbsp;<\/p>\n\n\n\n<p><strong>Inscri\u00e7\u00f5es e informa\u00e7\u00f5es:<\/strong> <a href=\"https:\/\/www.sp.senac.br\/senac-itu\">https:\/\/www.sp.senac.br\/senac-itu<\/a>&nbsp;<\/p>\n","protected":false},"excerpt":{"rendered":"<p>Turmas est\u00e3o abertas para o segundo semestre e inscri\u00e7\u00f5es podem ser feitas pelo site do Programa Senac de Gratuidade&nbsp; O mercado de trabalho est\u00e1 em constante transforma\u00e7\u00e3o, sobretudo quando tratamos da import\u00e2ncia da habilita\u00e7\u00e3o t\u00e9cnica para a forma\u00e7\u00e3o profissional. O n\u00edvel de exig\u00eancia das organiza\u00e7\u00f5es tem aumentado e o mercado vem sentindo a falta de [&hellip;]<\/p>\n","protected":false},"author":7,"featured_media":8287,"comment_status":"closed","ping_status":"open","sticky":false,"template":"","format":"standard","meta":{"rop_custom_images_group":[],"rop_custom_messages_group":[],"rop_publish_now":"initial","rop_publish_now_accounts":[],"rop_publish_now_history":[],"rop_publish_now_status":"pending","footnotes":""},"categories":[194],"tags":[],"class_list":["post-8286","post","type-post","status-publish","format-standard","has-post-thumbnail","hentry","category-regia"],"amp_enabled":true,"_links":{"self":[{"href":"https:\/\/imais.online\/portal\/wp-json\/wp\/v2\/posts\/8286","targetHints":{"allow":["GET"]}}],"collection":[{"href":"https:\/\/imais.online\/portal\/wp-json\/wp\/v2\/posts"}],"about":[{"href":"https:\/\/imais.online\/portal\/wp-json\/wp\/v2\/types\/post"}],"author":[{"embeddable":true,"href":"https:\/\/imais.online\/portal\/wp-json\/wp\/v2\/users\/7"}],"replies":[{"embeddable":true,"href":"https:\/\/imais.online\/portal\/wp-json\/wp\/v2\/comments?post=8286"}],"version-history":[{"count":1,"href":"https:\/\/imais.online\/portal\/wp-json\/wp\/v2\/posts\/8286\/revisions"}],"predecessor-version":[{"id":8288,"href":"https:\/\/imais.online\/portal\/wp-json\/wp\/v2\/posts\/8286\/revisions\/8288"}],"wp:featuredmedia":[{"embeddable":true,"href":"https:\/\/imais.online\/portal\/wp-json\/wp\/v2\/media\/8287"}],"wp:attachment":[{"href":"https:\/\/imais.online\/portal\/wp-json\/wp\/v2\/media?parent=8286"}],"wp:term":[{"taxonomy":"category","embeddable":true,"href":"https:\/\/imais.online\/portal\/wp-json\/wp\/v2\/categories?post=8286"},{"taxonomy":"post_tag","embeddable":true,"href":"https:\/\/imais.online\/portal\/wp-json\/wp\/v2\/tags?post=8286"}],"curies":[{"name":"wp","href":"https:\/\/api.w.org\/{rel}","templated":true}]}}