{"id":8289,"date":"2022-07-26T08:12:11","date_gmt":"2022-07-26T11:12:11","guid":{"rendered":"https:\/\/imais.online\/portal\/?p=8289"},"modified":"2022-07-26T08:12:12","modified_gmt":"2022-07-26T11:12:12","slug":"apae-indaiatuba-promove-jantar-de-gala","status":"publish","type":"post","link":"https:\/\/imais.online\/portal\/apae-indaiatuba-promove-jantar-de-gala\/","title":{"rendered":"APAE Indaiatuba promove Jantar de Gala"},"content":{"rendered":"<div class=\"imais-before-content-placement\" id=\"imais-2462630221\"><script async src=\"\/\/pagead2.googlesyndication.com\/pagead\/js\/adsbygoogle.js?client=ca-pub-8787528412751566\" crossorigin=\"anonymous\"><\/script><ins class=\"adsbygoogle\" style=\"display:block;\" data-ad-client=\"ca-pub-8787528412751566\" \ndata-ad-slot=\"\" \ndata-ad-format=\"auto\"><\/ins>\n<script> \n(adsbygoogle = window.adsbygoogle || []).push({}); \n<\/script>\n<\/div>\n<p class=\"has-text-align-center\"><em>Evento abre a programa\u00e7\u00e3o de festival gastron\u00f4mico; convites j\u00e1 est\u00e3o \u00e0 venda<\/em><\/p>\n\n\n\n<p>A <a href=\"http:\/\/apaeindaiatuba.org.br\/\" target=\"_blank\" rel=\"noreferrer noopener\">APAE Indaiatuba <strong>(Associa\u00e7\u00e3o dos Pais e Amigos dos Excepcionais) <\/strong><\/a>d\u00e1 as boas-vindas ao seu festival gastron\u00f4mico com um <strong>Jantar de Gala<\/strong>, no dia 18 de agosto. O evento, que abre a programa\u00e7\u00e3o do <strong>3\u00ba Chefs pela APAE<\/strong>, come\u00e7a \u00e0s 19h30, no Espa\u00e7o Viber, e contar\u00e1 com show da banda F\u00f3rmula 2. Convites est\u00e3o \u00e0 venda.<\/p>\n\n\n\n<p>Sob o lema <strong>N<\/strong><em><strong>oite do bem,<\/strong><\/em><strong> <\/strong>o jantar beneficente \u00e9 uma novidade na cerim\u00f4nia de lan\u00e7amento do <strong>Chefs pela APAE<\/strong>. O menu \u00e9 assinado por&nbsp;<strong>Lau Pinheiro Buffet<\/strong>, que traz, para come\u00e7ar a noite, um coquetel, que inclui canap\u00e9s, salgados, miniquiche, bolinho de bacalhau, seguido pela entrada com uma saladinha ao molho de mostarda e mel. Entre as op\u00e7\u00f5es do jantar, est\u00e3o <em>sofiatelli<\/em> de quatro queijos, fil\u00e9 mignon ao molho de mostarda dijon, cambucu na manteiga e risoto de parmes\u00e3o.<\/p>\n\n\n\n<p>Ap\u00f3s os pratos principais, o p\u00fablico poder\u00e1 saborear mininhoque de mandioquinha, al\u00e9m de uma variedade de sobremesas, por exemplo, minichurros, <em>petit coffee<\/em>, minibolo de cenoura, <em>petit fours e <\/em>as del\u00edcias da mesa de caf\u00e9 colonial. Para finalizar, ser\u00e1 servido caldo de quenga. Para beber, haver\u00e1 \u00e0 disposi\u00e7\u00e3o refrigerante, \u00e1gua e suco natural. J\u00e1 bebidas alco\u00f3licas ser\u00e3o vendidas \u00e0 parte.<\/p>\n\n\n\n<p><strong>M\u00daSICA <\/strong>A noite tamb\u00e9m ser\u00e1 regada de m\u00fasica com show da banda <strong>F\u00f3rmula 2<\/strong>, que levar\u00e1 um repert\u00f3rio diversificado para todos os p\u00fablicos, com pop, rock, sertanejo, ax\u00e9 e at\u00e9 <em>hits<\/em> dos anos 1970.<\/p>\n\n\n\n<p><strong>CONVITES <\/strong>O <strong>Jantar de Gala<\/strong> acontece das 19h30 \u00e0s 23h, e o c\u00f3digo de vestimenta \u00e9&nbsp;<em>black-tie<\/em>, ou seja, semi-formal. Os convites podem ser adquiridos na <strong>APAE Indaiatuba<\/strong>, e v\u00eam nas seguintes op\u00e7\u00f5es: entrada dupla no valor de R$430; e mesa de 6 pessoas no valor de R$1200. Para participar do evento, \u00e9 preciso apresentar o comprovante de vacina\u00e7\u00e3o contra a covid-19. A organiza\u00e7\u00e3o tamb\u00e9m disponibilizar\u00e1 \u00e1lcool em gel em locais estrat\u00e9gicos e haver\u00e1 controle de acesso.<\/p>\n\n\n\n<p><strong>FESTIVAL<\/strong> O <strong>Chefs pela APAE<\/strong> \u00e9 um evento solid\u00e1rio que integra as comemora\u00e7\u00f5es da <a href=\"https:\/\/bvsms.saude.gov.br\/semana-nacional-da-pessoa-com-deficiencia-intelectual-e-multipla\/\" target=\"_blank\" rel=\"noreferrer noopener\"><strong>Semana Nacional da Pessoa com Defici\u00eancia Intelectual e M\u00faltipla<\/strong><\/a>. A <strong>3\u00aa edi\u00e7\u00e3o do Chefs pela APAE<\/strong> acontece entre os dias 18 e 21 de agosto, sendo aberto para o p\u00fablico a partir do dia 19. O evento contar\u00e1 com pratos de diversas nacionalidades no valor de at\u00e9 R$49, al\u00e9m de uma feira de expositores e uma programa\u00e7\u00e3o completa com apresenta\u00e7\u00f5es de m\u00fasica, dan\u00e7a e aula-show de gastronomia.<\/p>\n\n\n\n<p>O <strong>Chefs pela APAE<\/strong> tem patroc\u00ednio de Lemasa, Monark Bicicletas, Polivisor e GTA Seguran\u00e7a, al\u00e9m do apoio a Prefeitura Municipal de Indaiatuba. A realiza\u00e7\u00e3o \u00e9 da APAE Indaiatuba. O Espa\u00e7o Viber est\u00e1 localizado \u00e0 rua Goi\u00e1s &#8211; Cidade Nova II &#8211; Indaiatuba (SP).&nbsp; Mais informa\u00e7\u00f5es pelo telefone (19) 99712-7523.<\/p>\n\n\n\n<p><strong>SERVI\u00c7O<\/strong><strong><br>Jantar de Gala &#8211; 3\u00ba Chefs pela APAE<br>Data<\/strong>: 18 de agosto<br><strong>Hor\u00e1rio<\/strong>: 19h30 \u00e0s 23h<br><strong>Ingressos<\/strong>: Convite para 2 pessoas R$ 430 | Mesa para 6 pessoas R$ 1200<br><strong>Onde comprar:&nbsp; <\/strong>APAE Indaiatuba &#8211; alameda da Crian\u00e7a, 100 &#8211; Vila Vit\u00f3ria I &#8211; <a href=\"https:\/\/goo.gl\/maps\/b6a8EPKkCJvJmdrP8\" target=\"_blank\" rel=\"noreferrer noopener\">MAPA AQUI<\/a><br><strong>Local do evento<\/strong>: Espa\u00e7o Viber &#8211;&nbsp; rua Goi\u00e1s &#8211; Cidade Nova II &#8211; Indaiatuba (SP) &#8211; <a href=\"https:\/\/goo.gl\/maps\/v4Y4Lm1yUbDNPehr8\" target=\"_blank\" rel=\"noreferrer noopener\">MAPA AQUI<\/a><br><strong>Informa\u00e7\u00f5es<\/strong>: (19) 99712 7523 | <a href=\"mailto:eventos@apaeindaiatuba.org.br\">eventos@apaeindaiatuba.org.br<\/a><br><strong>Estacionamento gratuito<\/strong><\/p>\n\n\n\n<p><strong>Sobre a APAE Indaiatuba<\/strong><strong><br><\/strong>Com mais de quatro d\u00e9cadas de hist\u00f3ria, a APAE (Associa\u00e7\u00e3o de Pais e Amigos dos Excepcionais) tem o objetivo de promover melhorias na qualidade de vida e dedicar seus servi\u00e7os ao atendimento integral de pessoas com defici\u00eancias de causas neurol\u00f3gicas e de seus familiares, com foco na luta pela garantia de seus direitos.<\/p>\n\n\n\n<p>A entidade conta com tr\u00eas unidades de atendimento: Escola de Educa\u00e7\u00e3o Especial, que tem como p\u00fablico-alvo alunos com defici\u00eancia intelectual e\/ou m\u00faltipla e transtornos globais do desenvolvimento que necessitam de apoio; o Ambulat\u00f3rio de Especialidades, onde existem 16 programas de atendimento para todos os usu\u00e1rios da APAE, envolvendo Fisioterapia, Fonoaudiologia, Servi\u00e7o Social, Psicologia, Neurologia e outras \u00e1reas; e a extens\u00e3o da Escola de Educa\u00e7\u00e3o Especial e Programa de Oficina Terap\u00eautica.<\/p>\n\n\n\n<p>Atualmente, a Associa\u00e7\u00e3o recebe 810 usu\u00e1rios no Ambulat\u00f3rio &#8211; com uma m\u00e9dia de 8,1 mil procedimentos mensais via SUS -, al\u00e9m de 195 alunos da Escola e 105 pessoas na Oficina Terap\u00eautica.<\/p>\n","protected":false},"excerpt":{"rendered":"<p>Evento abre a programa\u00e7\u00e3o de festival gastron\u00f4mico; convites j\u00e1 est\u00e3o \u00e0 venda A APAE Indaiatuba (Associa\u00e7\u00e3o dos Pais e Amigos dos Excepcionais) d\u00e1 as boas-vindas ao seu festival gastron\u00f4mico com um Jantar de Gala, no dia 18 de agosto. O evento, que abre a programa\u00e7\u00e3o do 3\u00ba Chefs pela APAE, come\u00e7a \u00e0s 19h30, no Espa\u00e7o [&hellip;]<\/p>\n","protected":false},"author":7,"featured_media":8290,"comment_status":"closed","ping_status":"open","sticky":false,"template":"","format":"standard","meta":{"rop_custom_images_group":[],"rop_custom_messages_group":[],"rop_publish_now":"initial","rop_publish_now_accounts":[],"rop_publish_now_history":[],"rop_publish_now_status":"pending","footnotes":""},"categories":[188],"tags":[],"class_list":["post-8289","post","type-post","status-publish","format-standard","has-post-thumbnail","hentry","category-indaiatuba"],"amp_enabled":true,"_links":{"self":[{"href":"https:\/\/imais.online\/portal\/wp-json\/wp\/v2\/posts\/8289","targetHints":{"allow":["GET"]}}],"collection":[{"href":"https:\/\/imais.online\/portal\/wp-json\/wp\/v2\/posts"}],"about":[{"href":"https:\/\/imais.online\/portal\/wp-json\/wp\/v2\/types\/post"}],"author":[{"embeddable":true,"href":"https:\/\/imais.online\/portal\/wp-json\/wp\/v2\/users\/7"}],"replies":[{"embeddable":true,"href":"https:\/\/imais.online\/portal\/wp-json\/wp\/v2\/comments?post=8289"}],"version-history":[{"count":1,"href":"https:\/\/imais.online\/portal\/wp-json\/wp\/v2\/posts\/8289\/revisions"}],"predecessor-version":[{"id":8291,"href":"https:\/\/imais.online\/portal\/wp-json\/wp\/v2\/posts\/8289\/revisions\/8291"}],"wp:featuredmedia":[{"embeddable":true,"href":"https:\/\/imais.online\/portal\/wp-json\/wp\/v2\/media\/8290"}],"wp:attachment":[{"href":"https:\/\/imais.online\/portal\/wp-json\/wp\/v2\/media?parent=8289"}],"wp:term":[{"taxonomy":"category","embeddable":true,"href":"https:\/\/imais.online\/portal\/wp-json\/wp\/v2\/categories?post=8289"},{"taxonomy":"post_tag","embeddable":true,"href":"https:\/\/imais.online\/portal\/wp-json\/wp\/v2\/tags?post=8289"}],"curies":[{"name":"wp","href":"https:\/\/api.w.org\/{rel}","templated":true}]}}