{"id":8308,"date":"2022-07-27T13:43:56","date_gmt":"2022-07-27T16:43:56","guid":{"rendered":"https:\/\/imais.online\/portal\/?p=8308"},"modified":"2022-07-27T13:43:57","modified_gmt":"2022-07-27T16:43:57","slug":"centro-de-reabilitacao-animal-disponibiliza-100-caes-e-40-gatos-para-adocao","status":"publish","type":"post","link":"https:\/\/imais.online\/portal\/centro-de-reabilitacao-animal-disponibiliza-100-caes-e-40-gatos-para-adocao\/","title":{"rendered":"Centro de Reabilita\u00e7\u00e3o Animal disponibiliza 100 c\u00e3es e 40 gatos para ado\u00e7\u00e3o"},"content":{"rendered":"<div class=\"imais-before-content-placement\" id=\"imais-1884371800\"><script async src=\"\/\/pagead2.googlesyndication.com\/pagead\/js\/adsbygoogle.js?client=ca-pub-8787528412751566\" crossorigin=\"anonymous\"><\/script><ins class=\"adsbygoogle\" style=\"display:block;\" data-ad-client=\"ca-pub-8787528412751566\" \ndata-ad-slot=\"\" \ndata-ad-format=\"auto\"><\/ins>\n<script> \n(adsbygoogle = window.adsbygoogle || []).push({}); \n<\/script>\n<\/div>\n<p>O CRA &#8211; Centro de Reabilita\u00e7\u00e3o Animal&nbsp;Albino Narezzi&nbsp;informa que possui 100 c\u00e3es e 40 gatos para ado\u00e7\u00e3o.&nbsp;&nbsp;Os interessados em oferecer um novo lar para os animais podem visitar o servi\u00e7o e dar in\u00edcio ao processo, que inclui alguns cuidados com o objetivo de garantir a seguran\u00e7a do animal. O CRA \u00e9 um servi\u00e7o da Secretaria de Servi\u00e7os Urbanos e Meio Ambiente e est\u00e1 aberto para visitas de segunda a sexta-feira, das 10h \u00e0s 15h.<\/p>\n\n\n\n<p>O veterin\u00e1rio do CRA, Adriano Mayoral, refor\u00e7a que toda doa\u00e7\u00e3o se d\u00e1 mediante entrevista e visitas na resid\u00eancia da fam\u00edlia, para verificar as condi\u00e7\u00f5es do local onde o animal ir\u00e1 viver com a nova fam\u00edlia. S\u00f3 depois desse processo aprovado, a ado\u00e7\u00e3o ser\u00e1 formalizada. \u201cTal procedimento se d\u00e1 para garantirmos a ado\u00e7\u00e3o respons\u00e1vel e evitarmos futuros abandonos\u201d, refor\u00e7ou.<\/p>\n\n\n\n<p>Todos os animais, filhotes e adultos dispon\u00edveis para a ado\u00e7\u00e3o s\u00e3o castrados, vacinados e microchipados com informa\u00e7\u00f5es e identifica\u00e7\u00e3o do propriet\u00e1rio.<br>Al\u00e9m das doa\u00e7\u00f5es no local, o CRA tamb\u00e9m participa de eventos abertos ao p\u00fablico. No final de junho, foram realizadas doa\u00e7\u00f5es de animais durante a primeira Feira Ambiental EcoPark, promovida em comemora\u00e7\u00e3o aos 30 anos do Parque Ecol\u00f3gico. Na ocasi\u00e3o foram efetuadas a ado\u00e7\u00f5es de 36 c\u00e3es e gatos e foram feitas inscri\u00e7\u00f5es de 126 animais para castra\u00e7\u00e3o.<\/p>\n\n\n\n<p>Outro evento da Secretaria de Servi\u00e7os Urbanos que marcou o anivers\u00e1rio do Parque, foi o Lan\u00e7amento da Fauna e Flora do Parque Ecol\u00f3gico, em abril deste ano. Nesse evento o servi\u00e7o registrou 152 fichas de castra\u00e7\u00e3o de c\u00e3es e gatos e outras 15 fichas de ado\u00e7\u00e3o.<\/p>\n\n\n\n<p>A proposta do CRA \u00e9 proteger a vida animal e a sa\u00fade p\u00fablica. S\u00e3o recolhidos animais soltos em vias e logradouros p\u00fablicos que apresentam riscos \u00e0 popula\u00e7\u00e3o ou que estejam em sofrimento, animais submetidos a maus tratos por seu propriet\u00e1rio, suspeitos de raiva ou outras zoonoses e animais mantidos em condi\u00e7\u00f5es inadequadas devido ao alojamento. Ap\u00f3s avalia\u00e7\u00e3o cl\u00ednica, os animais recolhidos s\u00e3o encaminhados para doa\u00e7\u00e3o. O servi\u00e7o tamb\u00e9m oferece castra\u00e7\u00e3o gratuita de c\u00e3es e gatos de moradores do munic\u00edpio.<br>O Centro de Reabilita\u00e7\u00e3o Animal \u00e9 um servi\u00e7o oferecido pela Prefeitura. Mais informa\u00e7\u00f5es podem ser obtidas pelos telefones (19) 3936-2782 e 3894-1593.<\/p>\n\n\n\n<p><strong>Servi\u00e7o<\/strong><\/p>\n\n\n\n<p>Local: CRA \u2013 Centro de Reabilita\u00e7\u00e3o Animal<\/p>\n\n\n\n<p>Endere\u00e7o: rua Safira, 120 &#8211; Distrito Industrial Joia<\/p>\n\n\n\n<p>Hor\u00e1rio: 10h \u00e0s 15h, de segunda a sexta-feira<\/p>\n\n\n\n<p><\/p>\n","protected":false},"excerpt":{"rendered":"<p>O CRA &#8211; Centro de Reabilita\u00e7\u00e3o Animal&nbsp;Albino Narezzi&nbsp;informa que possui 100 c\u00e3es e 40 gatos para ado\u00e7\u00e3o.&nbsp;&nbsp;Os interessados em oferecer um novo lar para os animais podem visitar o servi\u00e7o e dar in\u00edcio ao processo, que inclui alguns cuidados com o objetivo de garantir a seguran\u00e7a do animal. O CRA \u00e9 um servi\u00e7o da Secretaria [&hellip;]<\/p>\n","protected":false},"author":8,"featured_media":8309,"comment_status":"closed","ping_status":"open","sticky":false,"template":"","format":"standard","meta":{"rop_custom_images_group":[],"rop_custom_messages_group":[],"rop_publish_now":"initial","rop_publish_now_accounts":[],"rop_publish_now_history":[],"rop_publish_now_status":"pending","footnotes":""},"categories":[188],"tags":[],"class_list":["post-8308","post","type-post","status-publish","format-standard","has-post-thumbnail","hentry","category-indaiatuba"],"amp_enabled":true,"_links":{"self":[{"href":"https:\/\/imais.online\/portal\/wp-json\/wp\/v2\/posts\/8308","targetHints":{"allow":["GET"]}}],"collection":[{"href":"https:\/\/imais.online\/portal\/wp-json\/wp\/v2\/posts"}],"about":[{"href":"https:\/\/imais.online\/portal\/wp-json\/wp\/v2\/types\/post"}],"author":[{"embeddable":true,"href":"https:\/\/imais.online\/portal\/wp-json\/wp\/v2\/users\/8"}],"replies":[{"embeddable":true,"href":"https:\/\/imais.online\/portal\/wp-json\/wp\/v2\/comments?post=8308"}],"version-history":[{"count":1,"href":"https:\/\/imais.online\/portal\/wp-json\/wp\/v2\/posts\/8308\/revisions"}],"predecessor-version":[{"id":8310,"href":"https:\/\/imais.online\/portal\/wp-json\/wp\/v2\/posts\/8308\/revisions\/8310"}],"wp:featuredmedia":[{"embeddable":true,"href":"https:\/\/imais.online\/portal\/wp-json\/wp\/v2\/media\/8309"}],"wp:attachment":[{"href":"https:\/\/imais.online\/portal\/wp-json\/wp\/v2\/media?parent=8308"}],"wp:term":[{"taxonomy":"category","embeddable":true,"href":"https:\/\/imais.online\/portal\/wp-json\/wp\/v2\/categories?post=8308"},{"taxonomy":"post_tag","embeddable":true,"href":"https:\/\/imais.online\/portal\/wp-json\/wp\/v2\/tags?post=8308"}],"curies":[{"name":"wp","href":"https:\/\/api.w.org\/{rel}","templated":true}]}}