{"id":831,"date":"2021-08-18T17:18:56","date_gmt":"2021-08-18T20:18:56","guid":{"rendered":"https:\/\/imais.online\/portal\/?p=831"},"modified":"2021-08-18T17:18:58","modified_gmt":"2021-08-18T20:18:58","slug":"prefeitura-de-indaiatuba-inaugura-base-avancada-da-guarda-civil-no-jd-campo-bonito","status":"publish","type":"post","link":"https:\/\/imais.online\/portal\/prefeitura-de-indaiatuba-inaugura-base-avancada-da-guarda-civil-no-jd-campo-bonito\/","title":{"rendered":"Prefeitura de Indaiatuba inaugura Base Avan\u00e7ada da Guarda Civil no Jd. Campo Bonito"},"content":{"rendered":"<div class=\"imais-before-content-placement\" id=\"imais-3737815741\"><script async src=\"\/\/pagead2.googlesyndication.com\/pagead\/js\/adsbygoogle.js?client=ca-pub-8787528412751566\" crossorigin=\"anonymous\"><\/script><ins class=\"adsbygoogle\" style=\"display:block;\" data-ad-client=\"ca-pub-8787528412751566\" \ndata-ad-slot=\"\" \ndata-ad-format=\"auto\"><\/ins>\n<script> \n(adsbygoogle = window.adsbygoogle || []).push({}); \n<\/script>\n<\/div>\n<p>A Prefeitura de Indaiatuba inaugura no s\u00e1bado (21) a Base Avan\u00e7ada da Guarda Civil \u2013 Jd. Campo Bonito, localizada na avenida Ott\u00edlia Ferraz de Camargo, sem n\u00famero. O objetivo \u00e9 promover a seguran\u00e7a preventiva do bairro contra furto, roubo e tr\u00e1fico de drogas. O portal espa\u00e7o contar\u00e1 com um guarda 24 horas para atender a popula\u00e7\u00e3o presencialmente e uma viatura para patrulhamento da regi\u00e3o. O evento respeitar\u00e1 os protocolos de biosseguran\u00e7a.<\/p>\n\n\n\n<p>Durante cerim\u00f4nia, que respeitar\u00e1 os protocolos de biosseguran\u00e7a, ser\u00e1 apresentado o portal diretor da Guarda Civil de Indaiatuba, o guarda Classe Distinta Edson Donisete Massaioli, e os 15 aspirantes da 17\u00aa turma.<\/p>\n\n\n\n<p>A forma\u00e7\u00e3o iniciou em 19 de julho. O curso \u00e9 composto por mais de 800 horas\/aulas com dura\u00e7\u00e3o estimada de 5 cinco meses. A grade curricular \u00e9 ministrada pela Divis\u00e3o de Ensino e Treinamento da Guarda Civil e conta 35 instrutores. O conte\u00fado \u00e9 dividido em nove m\u00f3dulos dentro das disciplinas exigidas pela Senasp (Secretaria Nacional de Seguran\u00e7a P\u00fablica), como Direito, Legisla\u00e7\u00e3o Penal, T\u00e9cnicas Operacionais, Disciplina e Hierarquia, Armamento e Tiro, entre outras. Ap\u00f3s a forma\u00e7\u00e3o os aspirantes ser\u00e3o incorporados \u00e0 tropa e iniciar\u00e3o o patrulhamento no munic\u00edpio.<\/p>\n\n\n\n<p>Foto: Eliandro Figueira \u2013 RIC\/PMI<\/p>\n","protected":false},"excerpt":{"rendered":"<p>A Prefeitura de Indaiatuba inaugura no s\u00e1bado (21) a Base Avan\u00e7ada da Guarda Civil \u2013 Jd. Campo Bonito, localizada na avenida Ott\u00edlia Ferraz de Camargo, sem n\u00famero. O objetivo \u00e9 promover a seguran\u00e7a preventiva do bairro contra furto, roubo e tr\u00e1fico de drogas. O portal espa\u00e7o contar\u00e1 com um guarda 24 horas para atender a [&hellip;]<\/p>\n","protected":false},"author":8,"featured_media":832,"comment_status":"closed","ping_status":"open","sticky":false,"template":"","format":"standard","meta":{"rop_custom_images_group":[],"rop_custom_messages_group":[],"rop_publish_now":"initial","rop_publish_now_accounts":[],"rop_publish_now_history":[],"rop_publish_now_status":"pending","footnotes":""},"categories":[188],"tags":[],"class_list":["post-831","post","type-post","status-publish","format-standard","has-post-thumbnail","hentry","category-indaiatuba"],"amp_enabled":true,"_links":{"self":[{"href":"https:\/\/imais.online\/portal\/wp-json\/wp\/v2\/posts\/831","targetHints":{"allow":["GET"]}}],"collection":[{"href":"https:\/\/imais.online\/portal\/wp-json\/wp\/v2\/posts"}],"about":[{"href":"https:\/\/imais.online\/portal\/wp-json\/wp\/v2\/types\/post"}],"author":[{"embeddable":true,"href":"https:\/\/imais.online\/portal\/wp-json\/wp\/v2\/users\/8"}],"replies":[{"embeddable":true,"href":"https:\/\/imais.online\/portal\/wp-json\/wp\/v2\/comments?post=831"}],"version-history":[{"count":1,"href":"https:\/\/imais.online\/portal\/wp-json\/wp\/v2\/posts\/831\/revisions"}],"predecessor-version":[{"id":833,"href":"https:\/\/imais.online\/portal\/wp-json\/wp\/v2\/posts\/831\/revisions\/833"}],"wp:featuredmedia":[{"embeddable":true,"href":"https:\/\/imais.online\/portal\/wp-json\/wp\/v2\/media\/832"}],"wp:attachment":[{"href":"https:\/\/imais.online\/portal\/wp-json\/wp\/v2\/media?parent=831"}],"wp:term":[{"taxonomy":"category","embeddable":true,"href":"https:\/\/imais.online\/portal\/wp-json\/wp\/v2\/categories?post=831"},{"taxonomy":"post_tag","embeddable":true,"href":"https:\/\/imais.online\/portal\/wp-json\/wp\/v2\/tags?post=831"}],"curies":[{"name":"wp","href":"https:\/\/api.w.org\/{rel}","templated":true}]}}