{"id":8340,"date":"2022-07-30T16:15:09","date_gmt":"2022-07-30T19:15:09","guid":{"rendered":"https:\/\/imais.online\/portal\/?p=8340"},"modified":"2022-07-30T16:15:11","modified_gmt":"2022-07-30T19:15:11","slug":"fiec-abre-inscricoes-gratuitas-para-cursos-de-qualificacao-profissional-nos-dias-18-e-19","status":"publish","type":"post","link":"https:\/\/imais.online\/portal\/fiec-abre-inscricoes-gratuitas-para-cursos-de-qualificacao-profissional-nos-dias-18-e-19\/","title":{"rendered":"Fiec abre inscri\u00e7\u00f5es gratuitas para cursos de qualifica\u00e7\u00e3o profissional nos dias 18 e 19"},"content":{"rendered":"<div class=\"imais-before-content-placement\" id=\"imais-3990863760\"><script async src=\"\/\/pagead2.googlesyndication.com\/pagead\/js\/adsbygoogle.js?client=ca-pub-8787528412751566\" crossorigin=\"anonymous\"><\/script><ins class=\"adsbygoogle\" style=\"display:block;\" data-ad-client=\"ca-pub-8787528412751566\" \ndata-ad-slot=\"\" \ndata-ad-format=\"auto\"><\/ins>\n<script> \n(adsbygoogle = window.adsbygoogle || []).push({}); \n<\/script>\n<\/div>\n<p>A Prefeitura de Indaiatuba por meio da Funda\u00e7\u00e3o Indaiatubana de Educa\u00e7\u00e3o e Cultura (Fiec), informa que, as inscri\u00e7\u00f5es para os cursos de qualifica\u00e7\u00e3o profissional dos Programas de Forma\u00e7\u00e3o Inicial e Continuada (FIC) e&nbsp;Qualifica Mais Emprega Mais 2\u00ba semestre de 2022, ser\u00e3o realizadas nos dias 18 e 19 de agosto de 2022, de&nbsp;forma presencial, por ordem de chegada, mediante distribui\u00e7\u00e3o de senhas,na unidade 1 da Fiec, localizada \u00e0&nbsp;Avenida&nbsp;Engenheiro&nbsp;F\u00e1bio&nbsp;Roberto&nbsp;Barnab\u00e9,&nbsp;3405&nbsp;\u2013&nbsp;Jardim&nbsp;Regina.<\/p>\n\n\n\n<p>As senhas ser\u00e3o distribu\u00eddas presencialmente a partir das 9hs, at\u00e9 as 20hs, nos dias:<\/p>\n\n\n\n<p>&#8211; 18\/08\/2022 (quinta-feira), para os cursos de: Mec\u00e2nico de Ciclo Otto (\u00eanfase em empilhadeiras), Cuidador de Idosos e Cuidador Infantil.<\/p>\n\n\n\n<p>&#8211; 19\/08\/2022 (sexta-feira), para os cursos de: Balconista de Farm\u00e1cia, Gar\u00e7om, Recepcionista em Servi\u00e7os de Sa\u00fade.&nbsp;<\/p>\n\n\n\n<p>Para se inscrever o candidato dever\u00e1 ter idade m\u00ednima de 16 anos, Ensino Fundamental II (6\u00ba ao 9\u00ba) completo.&nbsp;<\/p>\n\n\n\n<p>&nbsp;S\u00e3o oferecidas no total 290 vagas, sendo 40 vagas por turma, exceto o curso de cuidador de infantil que oferece 50 vagas. Os cursos t\u00eam dura\u00e7\u00e3o de at\u00e9 tr\u00eas meses e s\u00e3o totalmente gratuitos.<\/p>\n\n\n\n<p>\ufeff<\/p>\n\n\n\n<p>&nbsp;As aulas t\u00eam previs\u00e3o de in\u00edcio para o dia 1\u00ba de setembro e ser\u00e3o ministradas no per\u00edodo da tarde e noite nas duas unidades da Fiec, conforme disponibilizado abaixo:<\/p>\n\n\n\n<p>Aulas na Fiec 1 (Avenida&nbsp;Engenheiro&nbsp;F\u00e1bio&nbsp;Roberto&nbsp;Barnab\u00e9,&nbsp;3405&nbsp;\u2013&nbsp;Jardim&nbsp;Regina):<\/p>\n\n\n\n<p>&#8211; Balconista, per\u00edodo da tarde (das 13h30 \u00e0s 17h45 de Segunda a Sexta-Feira);<\/p>\n\n\n\n<p>&#8211; Mec\u00e2nico de Ciclo Otto,&nbsp;per\u00edodo noturno (das 18h50 \u00e0s 23h00 de Segunda a Sexta-Feira);<\/p>\n\n\n\n<p>Aulas na Fiec 2 (Rua Alberto Santos Dumont, 1849 &#8211; Cidade Nova):<\/p>\n\n\n\n<p>&#8211; Cuidador de Idosos,&nbsp;per\u00edodo da tarde (das 13h30 \u00e0s 17h45 de Segunda a Sexta-Feira);<\/p>\n\n\n\n<p>&#8211; Cuidador de Idosos, Cuidador Infantil, Gar\u00e7om e&nbsp;Recepcionista em Servi\u00e7os de Sa\u00fade,&nbsp;per\u00edodo noturno (das 18h50 \u00e0s 23h00 de Segunda a Sexta-Feira);<\/p>\n\n\n\n<p>A equipe pedag\u00f3gica\u00a0informa que, \u00e9 de responsabilidade do candidato, acompanhar\u00a0todo o status de sua inscri\u00e7\u00e3o\u00a0em todas as etapas do processo, conforme edital dispon\u00edvel no link\u00a0<a href=\"https:\/\/fiec.com.br\/site\/procsel\/183\/ver.do\">https:\/\/fiec.com.br\/site\/procsel\/183\/ver.do<\/a>\u00a0<\/p>\n\n\n\n<p><\/p>\n","protected":false},"excerpt":{"rendered":"<p>A Prefeitura de Indaiatuba por meio da Funda\u00e7\u00e3o Indaiatubana de Educa\u00e7\u00e3o e Cultura (Fiec), informa que, as inscri\u00e7\u00f5es para os cursos de qualifica\u00e7\u00e3o profissional dos Programas de Forma\u00e7\u00e3o Inicial e Continuada (FIC) e&nbsp;Qualifica Mais Emprega Mais 2\u00ba semestre de 2022, ser\u00e3o realizadas nos dias 18 e 19 de agosto de 2022, de&nbsp;forma presencial, por ordem [&hellip;]<\/p>\n","protected":false},"author":8,"featured_media":8341,"comment_status":"closed","ping_status":"open","sticky":false,"template":"","format":"standard","meta":{"rop_custom_images_group":[],"rop_custom_messages_group":[],"rop_publish_now":"initial","rop_publish_now_accounts":[],"rop_publish_now_history":[],"rop_publish_now_status":"pending","footnotes":""},"categories":[188],"tags":[],"class_list":["post-8340","post","type-post","status-publish","format-standard","has-post-thumbnail","hentry","category-indaiatuba"],"amp_enabled":true,"_links":{"self":[{"href":"https:\/\/imais.online\/portal\/wp-json\/wp\/v2\/posts\/8340","targetHints":{"allow":["GET"]}}],"collection":[{"href":"https:\/\/imais.online\/portal\/wp-json\/wp\/v2\/posts"}],"about":[{"href":"https:\/\/imais.online\/portal\/wp-json\/wp\/v2\/types\/post"}],"author":[{"embeddable":true,"href":"https:\/\/imais.online\/portal\/wp-json\/wp\/v2\/users\/8"}],"replies":[{"embeddable":true,"href":"https:\/\/imais.online\/portal\/wp-json\/wp\/v2\/comments?post=8340"}],"version-history":[{"count":1,"href":"https:\/\/imais.online\/portal\/wp-json\/wp\/v2\/posts\/8340\/revisions"}],"predecessor-version":[{"id":8342,"href":"https:\/\/imais.online\/portal\/wp-json\/wp\/v2\/posts\/8340\/revisions\/8342"}],"wp:featuredmedia":[{"embeddable":true,"href":"https:\/\/imais.online\/portal\/wp-json\/wp\/v2\/media\/8341"}],"wp:attachment":[{"href":"https:\/\/imais.online\/portal\/wp-json\/wp\/v2\/media?parent=8340"}],"wp:term":[{"taxonomy":"category","embeddable":true,"href":"https:\/\/imais.online\/portal\/wp-json\/wp\/v2\/categories?post=8340"},{"taxonomy":"post_tag","embeddable":true,"href":"https:\/\/imais.online\/portal\/wp-json\/wp\/v2\/tags?post=8340"}],"curies":[{"name":"wp","href":"https:\/\/api.w.org\/{rel}","templated":true}]}}