{"id":8343,"date":"2022-07-30T16:18:38","date_gmt":"2022-07-30T19:18:38","guid":{"rendered":"https:\/\/imais.online\/portal\/?p=8343"},"modified":"2022-07-30T16:18:40","modified_gmt":"2022-07-30T19:18:40","slug":"secretaria-de-educacao-informa-que-esta-aberto-o-periodo-de-inscricao-para-alunos-fora-da-rede-municipal-de-ensino-3","status":"publish","type":"post","link":"https:\/\/imais.online\/portal\/secretaria-de-educacao-informa-que-esta-aberto-o-periodo-de-inscricao-para-alunos-fora-da-rede-municipal-de-ensino-3\/","title":{"rendered":"Secretaria de Educa\u00e7\u00e3o informa que est\u00e1 aberto o per\u00edodo de inscri\u00e7\u00e3o para alunos fora da Rede Municipal de Ensino"},"content":{"rendered":"<div class=\"imais-before-content-placement\" id=\"imais-2457139945\"><script async src=\"\/\/pagead2.googlesyndication.com\/pagead\/js\/adsbygoogle.js?client=ca-pub-8787528412751566\" crossorigin=\"anonymous\"><\/script><ins class=\"adsbygoogle\" style=\"display:block;\" data-ad-client=\"ca-pub-8787528412751566\" \ndata-ad-slot=\"\" \ndata-ad-format=\"auto\"><\/ins>\n<script> \n(adsbygoogle = window.adsbygoogle || []).push({}); \n<\/script>\n<\/div>\n<p><strong><em>Alunos que desejam frequentar do 1\u00ba ao 5\u00ba ano e EJA devem fazer a inscri\u00e7\u00e3o at\u00e9 5 de agosto<\/em><\/strong><\/p>\n\n\n\n<p>A Secretaria de Educa\u00e7\u00e3o de Indaiatuba informa que est\u00e1 aberto o per\u00edodo de inscri\u00e7\u00e3o para matr\u00edcula das crian\u00e7as que se encontram fora da Rede Municipal de Ensino. As crian\u00e7as j\u00e1 frequentam as escolas municipais t\u00eam vaga garantida. As normativas seguem as orienta\u00e7\u00f5es determinadas pelo Programa de Matr\u00edcula Antecipada\/Chamada Escolar \u2013 2023 enviadas pelo Governo do Estado de S\u00e3o Paulo.<\/p>\n\n\n\n<p>Os alunos que desejam frequentar do 1\u00ba ao 5\u00ba ano do Ensino Fundamental e EJA (Educa\u00e7\u00e3o de Jovens e Adultos) \u2013 Ensino Fundamental devem fazer a inscri\u00e7\u00e3o at\u00e9 5 de agosto de 2022. As matr\u00edculas para a pr\u00e9-escola (Etapas I e II) ocorrer\u00e1 de 31 de outubro a 4 novembro. J\u00e1 as matr\u00edculas para creches acontecem durante o ano todo. Aqueles que perderem o prazo estabelecido pela Resolu\u00e7\u00e3o s\u00f3 poder\u00e3o fazer a inscri\u00e7\u00e3o a partir de 5 de dezembro.<\/p>\n\n\n\n<p>Os interessados devem procurar a unidade escolar mais pr\u00f3xima da resid\u00eancia do estudante, das 8h \u00e0s 12h e das 13h \u00e0s 17h. Os documentos necess\u00e1rios s\u00e3o: c\u00f3pia da Certid\u00e3o de Nascimento e do comprovante de endere\u00e7o (IPTU, conta de \u00e1gua ou de energia el\u00e9trica). Confira no link http:\/\/www.indaiatuba.sp.gov.br\/educacao\/educacao-basica\/ o endere\u00e7o das unidades escolares. D\u00favidas podem ser esclarecidas pelo telefone 3801 9191.<\/p>\n\n\n\n<p><strong>Alunos da Rede<\/strong><\/p>\n\n\n\n<p>Os alunos que est\u00e3o matriculados nas escolas municipais e continuar\u00e3o os estudos nessas unidades escolares, t\u00eam vaga garantida. Neste caso as escolas entram em contato com os pais para realizar a rematr\u00edcula e atualiza\u00e7\u00e3o dos dados.<\/p>\n\n\n\n<p>As matr\u00edculas dos alunos que ingressar\u00e3o no 1\u00ba ano e 6\u00ba ano do Ensino Fundamental ser\u00e3o realizadas automaticamente pelo sistema SED (Secretaria Escolar Digital) por endere\u00e7o. O resultado desta compatibiliza\u00e7\u00e3o autom\u00e1tica ser\u00e1 informado no dia 7 de novembro.<\/p>\n\n\n\n<p><strong>SERVI\u00c7O:<\/strong><\/p>\n\n\n\n<p><strong>Matr\u00edculas Rede Municipal \u2013 2023<\/strong><\/p>\n\n\n\n<p>Os interessados devem procurar a unidade escolar mais pr\u00f3xima da resid\u00eancia do estudante, das 8h \u00e0s 12h e das 13h \u00e0s 17h. D\u00favidas podem ser esclarecidas pelo telefone 3801 9191.<strong><\/strong><\/p>\n\n\n\n<p><strong>1\u00ba ao 5\u00ba ano do Ensino Fundamental \u2013<\/strong>&nbsp;inscri\u00e7\u00e3o at\u00e9 05\/08\/2022<strong><\/strong><\/p>\n\n\n\n<p><strong>EJA (Educa\u00e7\u00e3o de Jovens e Adultos) &#8211;<\/strong>&nbsp;inscri\u00e7\u00e3o at\u00e9 05\/08\/2022<\/p>\n\n\n\n<p><strong>Etapas I e II &#8211;<\/strong>&nbsp;de 31\/10\/2022 a 4\/11\/2022<\/p>\n\n\n\n<p><strong>Alunos j\u00e1 matriculados na Rede Municipal:&nbsp;<\/strong>t\u00eam vaga garantida<\/p>\n\n\n\n<p><strong>Compatibiliza\u00e7\u00e3o autom\u00e1tica do 1\u00ba e 6\u00ba<\/strong>&nbsp;&#8211; ser\u00e1 informado no dia 7\/11\/2022<\/p>\n\n\n\n<p>Aqueles que perderem o prazo estabelecido pela Resolu\u00e7\u00e3o s\u00f3 poder\u00e3o fazer a inscri\u00e7\u00e3o a partir de 5 de dezembro.<\/p>\n\n\n\n<p><strong>Documentos necess\u00e1rios:<\/strong>\u00a0c\u00f3pia da Certid\u00e3o de Nascimento e do comprovante de endere\u00e7o (IPTU, conta de \u00e1gua ou de energia el\u00e9trica)<\/p>\n\n\n\n<p><\/p>\n","protected":false},"excerpt":{"rendered":"<p>Alunos que desejam frequentar do 1\u00ba ao 5\u00ba ano e EJA devem fazer a inscri\u00e7\u00e3o at\u00e9 5 de agosto A Secretaria de Educa\u00e7\u00e3o de Indaiatuba informa que est\u00e1 aberto o per\u00edodo de inscri\u00e7\u00e3o para matr\u00edcula das crian\u00e7as que se encontram fora da Rede Municipal de Ensino. As crian\u00e7as j\u00e1 frequentam as escolas municipais t\u00eam vaga [&hellip;]<\/p>\n","protected":false},"author":8,"featured_media":8344,"comment_status":"closed","ping_status":"open","sticky":false,"template":"","format":"standard","meta":{"rop_custom_images_group":[],"rop_custom_messages_group":[],"rop_publish_now":"initial","rop_publish_now_accounts":[],"rop_publish_now_history":[],"rop_publish_now_status":"pending","footnotes":""},"categories":[188],"tags":[73],"class_list":["post-8343","post","type-post","status-publish","format-standard","has-post-thumbnail","hentry","category-indaiatuba","tag-featured"],"amp_enabled":true,"_links":{"self":[{"href":"https:\/\/imais.online\/portal\/wp-json\/wp\/v2\/posts\/8343","targetHints":{"allow":["GET"]}}],"collection":[{"href":"https:\/\/imais.online\/portal\/wp-json\/wp\/v2\/posts"}],"about":[{"href":"https:\/\/imais.online\/portal\/wp-json\/wp\/v2\/types\/post"}],"author":[{"embeddable":true,"href":"https:\/\/imais.online\/portal\/wp-json\/wp\/v2\/users\/8"}],"replies":[{"embeddable":true,"href":"https:\/\/imais.online\/portal\/wp-json\/wp\/v2\/comments?post=8343"}],"version-history":[{"count":1,"href":"https:\/\/imais.online\/portal\/wp-json\/wp\/v2\/posts\/8343\/revisions"}],"predecessor-version":[{"id":8345,"href":"https:\/\/imais.online\/portal\/wp-json\/wp\/v2\/posts\/8343\/revisions\/8345"}],"wp:featuredmedia":[{"embeddable":true,"href":"https:\/\/imais.online\/portal\/wp-json\/wp\/v2\/media\/8344"}],"wp:attachment":[{"href":"https:\/\/imais.online\/portal\/wp-json\/wp\/v2\/media?parent=8343"}],"wp:term":[{"taxonomy":"category","embeddable":true,"href":"https:\/\/imais.online\/portal\/wp-json\/wp\/v2\/categories?post=8343"},{"taxonomy":"post_tag","embeddable":true,"href":"https:\/\/imais.online\/portal\/wp-json\/wp\/v2\/tags?post=8343"}],"curies":[{"name":"wp","href":"https:\/\/api.w.org\/{rel}","templated":true}]}}