{"id":8363,"date":"2022-08-01T15:25:04","date_gmt":"2022-08-01T18:25:04","guid":{"rendered":"https:\/\/imais.online\/portal\/?p=8363"},"modified":"2022-08-01T15:25:06","modified_gmt":"2022-08-01T18:25:06","slug":"secretaria-de-saude-define-acoes-do-agosto-dourado-mes-de-incentivo-a-amamentacao","status":"publish","type":"post","link":"https:\/\/imais.online\/portal\/secretaria-de-saude-define-acoes-do-agosto-dourado-mes-de-incentivo-a-amamentacao\/","title":{"rendered":"Secretaria de Sa\u00fade define a\u00e7\u00f5es do Agosto Dourado &#8211; M\u00eas de Incentivo \u00e0 Amamenta\u00e7\u00e3o"},"content":{"rendered":"<div class=\"imais-before-content-placement\" id=\"imais-123105228\"><script async src=\"\/\/pagead2.googlesyndication.com\/pagead\/js\/adsbygoogle.js?client=ca-pub-8787528412751566\" crossorigin=\"anonymous\"><\/script><ins class=\"adsbygoogle\" style=\"display:block;\" data-ad-client=\"ca-pub-8787528412751566\" \ndata-ad-slot=\"\" \ndata-ad-format=\"auto\"><\/ins>\n<script> \n(adsbygoogle = window.adsbygoogle || []).push({}); \n<\/script>\n<\/div>\n<p class=\"has-text-align-center\"><em><small>Ao longo do m\u00eas, rodas de conversas, palestras e videoaulas ser\u00e3o realizadas incentivando a amamenta\u00e7\u00e3o<\/small><\/em><\/p>\n\n\n\n<p>A Secretaria de Sa\u00fade de Indaiatuba divulgou na manh\u00e3 desta segunda-feira (1\u00ba), as a\u00e7\u00f5es que ser\u00e3o realizadas durante o Agosto Dourado \u2013 M\u00eas de Incentivo \u00e0 Amamenta\u00e7\u00e3o. Durante todo o m\u00eas, rodas de conversas ser\u00e3o organizadas pelas Unidades B\u00e1sicas de Sa\u00fade (UBS) do munic\u00edpio com as gestantes e as pu\u00e9rperas, v\u00eddeoaulas ser\u00e3o produzidas com esta tem\u00e1tica e disponibilizadas para toda a popula\u00e7\u00e3o e uma palestra ocorrer\u00e1 em 31 de agosto no audit\u00f3rio da Prefeitura para todos os interessados no tema: amamenta\u00e7\u00e3o.<\/p>\n\n\n\n<p>Durante o m\u00eas de agosto tamb\u00e9m ser\u00e1 comemorado o anivers\u00e1rio do Programa Nascer Bem, que completa 24 anos desde sua cria\u00e7\u00e3o em 1998.<\/p>\n\n\n\n<p>Todas as UBS ter\u00e3o um calend\u00e1rio pr\u00f3prio para a realiza\u00e7\u00e3o das rodas de conversas que tem o objetivo de orientar a gestante e a pu\u00e9rpera daquele bairro, falando sobre a amamenta\u00e7\u00e3o correta e a import\u00e2ncia de ser incentivada esta pr\u00e1tica para o desenvolvimento de beb\u00eas rec\u00e9m nascidos. As mam\u00e3es tamb\u00e9m poder\u00e3o tirar suas d\u00favidas sobre a gesta\u00e7\u00e3o como um todo.<\/p>\n\n\n\n<p>Nas pr\u00f3ximas semanas profissionais da Sa\u00fade produzir\u00e3o videoaulas com temas distintos sobre a amamenta\u00e7\u00e3o, t\u00e9cnicas, mitos e verdades. O conte\u00fado ser\u00e1 disponibilizado para toda a popula\u00e7\u00e3o e ficar\u00e1 acess\u00edvel no canal do YouTube da Prefeitura de Indaiatuba.<\/p>\n\n\n\n<p>Em 31 de agosto no audit\u00f3rio da Prefeitura, das 15h \u00e0s 18h, ocorrer\u00e1 uma palestra o tema: Amamenta\u00e7\u00e3o \u2013 educar para a vida. Gestantes, pu\u00e9rperas, profissionais de sa\u00fade e o p\u00fablico no geral podem participar gratuitamente. O evento ser\u00e1 parte da comemora\u00e7\u00e3o dos 24 anos do Programa Nascer Bem.<\/p>\n\n\n\n<p><strong>24 anos do Programa Nascer Bem<\/strong><\/p>\n\n\n\n<p>O Programa Nascer Bem, que \u00e9 desenvolvido em Indaiatuba desde maio de 1998, consiste em visitas hospitalares e atendimentos na sala de amamenta\u00e7\u00e3o, localizada no Derefim, para todas as pu\u00e9rperas do munic\u00edpio, com o objetivo de conscientiz\u00e1-las e incentiv\u00e1-las a amamentar e manter essa amamenta\u00e7\u00e3o exclusiva at\u00e9 pelo menos os seis meses de vida da crian\u00e7a. A proposta do programa tamb\u00e9m \u00e9 orientar os cuidados b\u00e1sicos do seu filho e agendar a primeira consulta do beb\u00ea com os servi\u00e7os de sa\u00fade ap\u00f3s alta hospitalar. Neste momento \u00e9 agendado o Teste da Orelhinha, Pezinho e realizadas as primeiras vacinas do beb\u00ea, Hepatite B e BCG.<\/p>\n\n\n\n<p>A sala de amamenta\u00e7\u00e3o do Programa Nascer Bem est\u00e1 dispon\u00edvel de segunda a sexta-feira, das 8h \u00e0s 17h e fica localizada no Derefim, Av. Eng. F\u00e1bio Roberto Barnab\u00e9, 6271, Jardim Morada do Sol. A consultas devem ser agendadas por WhatsApp (19) 99786-7534.<\/p>\n\n\n\n<p><\/p>\n","protected":false},"excerpt":{"rendered":"<p>Ao longo do m\u00eas, rodas de conversas, palestras e videoaulas ser\u00e3o realizadas incentivando a amamenta\u00e7\u00e3o A Secretaria de Sa\u00fade de Indaiatuba divulgou na manh\u00e3 desta segunda-feira (1\u00ba), as a\u00e7\u00f5es que ser\u00e3o realizadas durante o Agosto Dourado \u2013 M\u00eas de Incentivo \u00e0 Amamenta\u00e7\u00e3o. Durante todo o m\u00eas, rodas de conversas ser\u00e3o organizadas pelas Unidades B\u00e1sicas de [&hellip;]<\/p>\n","protected":false},"author":8,"featured_media":8364,"comment_status":"closed","ping_status":"open","sticky":false,"template":"","format":"standard","meta":{"rop_custom_images_group":[],"rop_custom_messages_group":[],"rop_publish_now":"initial","rop_publish_now_accounts":[],"rop_publish_now_history":[],"rop_publish_now_status":"pending","footnotes":""},"categories":[188],"tags":[73],"class_list":["post-8363","post","type-post","status-publish","format-standard","has-post-thumbnail","hentry","category-indaiatuba","tag-featured"],"amp_enabled":true,"_links":{"self":[{"href":"https:\/\/imais.online\/portal\/wp-json\/wp\/v2\/posts\/8363","targetHints":{"allow":["GET"]}}],"collection":[{"href":"https:\/\/imais.online\/portal\/wp-json\/wp\/v2\/posts"}],"about":[{"href":"https:\/\/imais.online\/portal\/wp-json\/wp\/v2\/types\/post"}],"author":[{"embeddable":true,"href":"https:\/\/imais.online\/portal\/wp-json\/wp\/v2\/users\/8"}],"replies":[{"embeddable":true,"href":"https:\/\/imais.online\/portal\/wp-json\/wp\/v2\/comments?post=8363"}],"version-history":[{"count":1,"href":"https:\/\/imais.online\/portal\/wp-json\/wp\/v2\/posts\/8363\/revisions"}],"predecessor-version":[{"id":8365,"href":"https:\/\/imais.online\/portal\/wp-json\/wp\/v2\/posts\/8363\/revisions\/8365"}],"wp:featuredmedia":[{"embeddable":true,"href":"https:\/\/imais.online\/portal\/wp-json\/wp\/v2\/media\/8364"}],"wp:attachment":[{"href":"https:\/\/imais.online\/portal\/wp-json\/wp\/v2\/media?parent=8363"}],"wp:term":[{"taxonomy":"category","embeddable":true,"href":"https:\/\/imais.online\/portal\/wp-json\/wp\/v2\/categories?post=8363"},{"taxonomy":"post_tag","embeddable":true,"href":"https:\/\/imais.online\/portal\/wp-json\/wp\/v2\/tags?post=8363"}],"curies":[{"name":"wp","href":"https:\/\/api.w.org\/{rel}","templated":true}]}}