{"id":8366,"date":"2022-08-02T15:59:41","date_gmt":"2022-08-02T18:59:41","guid":{"rendered":"https:\/\/imais.online\/portal\/?p=8366"},"modified":"2022-08-02T15:59:42","modified_gmt":"2022-08-02T18:59:42","slug":"nona-edicao-da-caminhada-pelos-bons-tratos-aos-animais-acontece-neste-domingo-07","status":"publish","type":"post","link":"https:\/\/imais.online\/portal\/nona-edicao-da-caminhada-pelos-bons-tratos-aos-animais-acontece-neste-domingo-07\/","title":{"rendered":"Nona edi\u00e7\u00e3o da Caminhada pelos Bons Tratos aos Animais acontece neste domingo (07)"},"content":{"rendered":"<div class=\"imais-before-content-placement\" id=\"imais-1825685710\"><script async src=\"\/\/pagead2.googlesyndication.com\/pagead\/js\/adsbygoogle.js?client=ca-pub-8787528412751566\" crossorigin=\"anonymous\"><\/script><ins class=\"adsbygoogle\" style=\"display:block;\" data-ad-client=\"ca-pub-8787528412751566\" \ndata-ad-slot=\"\" \ndata-ad-format=\"auto\"><\/ins>\n<script> \n(adsbygoogle = window.adsbygoogle || []).push({}); \n<\/script>\n<\/div>\n<p><em><small>Concentra\u00e7\u00e3o ter\u00e1 in\u00edcio \u00e0s 7h30, na Pra\u00e7a Prudente de Moraes, com sa\u00edda prevista para 9h<\/small><\/em><\/p>\n\n\n\n<p>A 9\u00aa Caminhada Pelos Bons Tratos aos Animais ser\u00e1 realizada neste domingo (07), ap\u00f3s dois anos de pausa em virtude da pandemia de Covid-19. A concentra\u00e7\u00e3o ter\u00e1 in\u00edcio \u00e0s 7h30, na Pra\u00e7a Prudente de Moraes, com sa\u00edda prevista para 9h. O evento \u00e9 promovido por protetores de animais com o apoio da Prefeitura, por meio do CRA (Centro de Reabilita\u00e7\u00e3o Animal), e do Compda (Conselho Municipal de Prote\u00e7\u00e3o e Defesa Animal). A caminhada tem a proposta de chamar a aten\u00e7\u00e3o da sociedade sobre a causa dos animais.<\/p>\n\n\n\n<p>Como aconteceu nas edi\u00e7\u00f5es passadas do passeio, as pessoas que doarem R$30,00 para as a\u00e7\u00f5es de prote\u00e7\u00e3o animal v\u00e3o ganhar uma camiseta do evento. Os interessados podem obter mais informa\u00e7\u00f5es pelo telefone (19) 3875-4987.<\/p>\n\n\n\n<p>Segundo os organizadores, a previs\u00e3o \u00e9 de que a caminhada tenha in\u00edcio \u00e0s 9h com destino ao Parque Pet, no Parque Ecol\u00f3gico.&nbsp;&nbsp;Da pra\u00e7a Prudente de Moraes, os&nbsp;participantes seguir\u00e3o em dire\u00e7\u00e3o \u00e0 pra\u00e7a do Chafariz, de onde continuar\u00e3o pela Marginal Esquerda do Parque Ecol\u00f3gico, sentido bairro Centro, at\u00e9 o campo de Rugby, onde haver\u00e1 soltura de bal\u00f5es biodegrad\u00e1veis.&nbsp;&nbsp;De l\u00e1, o grupo seguir\u00e1 para o Parque Pet, na Marginal Direita, onde est\u00e1 previsto o cerimonial do evento.<\/p>\n\n\n\n<p>A&nbsp;Caminhada Pelos Bons Tratos aos Animais \u00e9 um evento tradicional em Indaiatuba e a cada ano re\u00fane um n\u00famero maior de participantes. Para a nona edi\u00e7\u00e3o do evento s\u00e3o esperadas aproximadamente 1.500 pessoas.<\/p>\n","protected":false},"excerpt":{"rendered":"<p>Concentra\u00e7\u00e3o ter\u00e1 in\u00edcio \u00e0s 7h30, na Pra\u00e7a Prudente de Moraes, com sa\u00edda prevista para 9h A 9\u00aa Caminhada Pelos Bons Tratos aos Animais ser\u00e1 realizada neste domingo (07), ap\u00f3s dois anos de pausa em virtude da pandemia de Covid-19. A concentra\u00e7\u00e3o ter\u00e1 in\u00edcio \u00e0s 7h30, na Pra\u00e7a Prudente de Moraes, com sa\u00edda prevista para 9h. [&hellip;]<\/p>\n","protected":false},"author":8,"featured_media":8367,"comment_status":"closed","ping_status":"open","sticky":false,"template":"","format":"standard","meta":{"rop_custom_images_group":[],"rop_custom_messages_group":[],"rop_publish_now":"initial","rop_publish_now_accounts":[],"rop_publish_now_history":[],"rop_publish_now_status":"pending","footnotes":""},"categories":[188],"tags":[],"class_list":["post-8366","post","type-post","status-publish","format-standard","has-post-thumbnail","hentry","category-indaiatuba"],"amp_enabled":true,"_links":{"self":[{"href":"https:\/\/imais.online\/portal\/wp-json\/wp\/v2\/posts\/8366","targetHints":{"allow":["GET"]}}],"collection":[{"href":"https:\/\/imais.online\/portal\/wp-json\/wp\/v2\/posts"}],"about":[{"href":"https:\/\/imais.online\/portal\/wp-json\/wp\/v2\/types\/post"}],"author":[{"embeddable":true,"href":"https:\/\/imais.online\/portal\/wp-json\/wp\/v2\/users\/8"}],"replies":[{"embeddable":true,"href":"https:\/\/imais.online\/portal\/wp-json\/wp\/v2\/comments?post=8366"}],"version-history":[{"count":1,"href":"https:\/\/imais.online\/portal\/wp-json\/wp\/v2\/posts\/8366\/revisions"}],"predecessor-version":[{"id":8368,"href":"https:\/\/imais.online\/portal\/wp-json\/wp\/v2\/posts\/8366\/revisions\/8368"}],"wp:featuredmedia":[{"embeddable":true,"href":"https:\/\/imais.online\/portal\/wp-json\/wp\/v2\/media\/8367"}],"wp:attachment":[{"href":"https:\/\/imais.online\/portal\/wp-json\/wp\/v2\/media?parent=8366"}],"wp:term":[{"taxonomy":"category","embeddable":true,"href":"https:\/\/imais.online\/portal\/wp-json\/wp\/v2\/categories?post=8366"},{"taxonomy":"post_tag","embeddable":true,"href":"https:\/\/imais.online\/portal\/wp-json\/wp\/v2\/tags?post=8366"}],"curies":[{"name":"wp","href":"https:\/\/api.w.org\/{rel}","templated":true}]}}