{"id":8369,"date":"2022-08-02T16:01:53","date_gmt":"2022-08-02T19:01:53","guid":{"rendered":"https:\/\/imais.online\/portal\/?p=8369"},"modified":"2022-08-02T16:01:54","modified_gmt":"2022-08-02T19:01:54","slug":"bosque-do-saber-ficara-fechado-no-sabado-6-e-domingo-7-para-manutencao-do-espaco","status":"publish","type":"post","link":"https:\/\/imais.online\/portal\/bosque-do-saber-ficara-fechado-no-sabado-6-e-domingo-7-para-manutencao-do-espaco\/","title":{"rendered":"Bosque do Saber ficar\u00e1 fechado no s\u00e1bado (6) e domingo (7) para manuten\u00e7\u00e3o do espa\u00e7o"},"content":{"rendered":"<div class=\"imais-before-content-placement\" id=\"imais-2665094839\"><script async src=\"\/\/pagead2.googlesyndication.com\/pagead\/js\/adsbygoogle.js?client=ca-pub-8787528412751566\" crossorigin=\"anonymous\"><\/script><ins class=\"adsbygoogle\" style=\"display:block;\" data-ad-client=\"ca-pub-8787528412751566\" \ndata-ad-slot=\"\" \ndata-ad-format=\"auto\"><\/ins>\n<script> \n(adsbygoogle = window.adsbygoogle || []).push({}); \n<\/script>\n<\/div>\n<p><em><small>Administra\u00e7\u00e3o realizar\u00e1 a limpeza da caixa d\u2019\u00e1gua e dedetiza\u00e7\u00e3o<\/small><\/em><\/p>\n\n\n\n<p>A Secretaria de Educa\u00e7\u00e3o de Indaiatuba informa que no s\u00e1bado (6) e no domingo (7) o Bosque do Saber estar\u00e1 fechado para visita\u00e7\u00e3o da popula\u00e7\u00e3o. Neste final de semana a administra\u00e7\u00e3o realizar\u00e1 a limpeza da caixa d\u2019\u00e1gua e dedetiza\u00e7\u00e3o da escola. O servi\u00e7o faz parte da manuten\u00e7\u00e3o peri\u00f3dica dos pr\u00e9dios p\u00fablicos para conserva\u00e7\u00e3o e melhor atendimento \u00e0 popula\u00e7\u00e3o.<br><br><strong>Sobre o Bosque do Saber<\/strong><br><br>O Bosque do Saber est\u00e1 localizado na rua Jo\u00e3o Batista D&#8217;Alessandro, 610, Jardim do Sol, funciona aos s\u00e1bados, domingos e feriados, das 9h \u00e0s 16h.\u00a0Consulte as regras para utiliza\u00e7\u00e3o do espa\u00e7o no Regimento Interno, o qual pode ser conferido no\u00a0site da Prefeitura.<\/p>\n\n\n\n<p><\/p>\n","protected":false},"excerpt":{"rendered":"<p>Administra\u00e7\u00e3o realizar\u00e1 a limpeza da caixa d\u2019\u00e1gua e dedetiza\u00e7\u00e3o A Secretaria de Educa\u00e7\u00e3o de Indaiatuba informa que no s\u00e1bado (6) e no domingo (7) o Bosque do Saber estar\u00e1 fechado para visita\u00e7\u00e3o da popula\u00e7\u00e3o. Neste final de semana a administra\u00e7\u00e3o realizar\u00e1 a limpeza da caixa d\u2019\u00e1gua e dedetiza\u00e7\u00e3o da escola. O servi\u00e7o faz parte da [&hellip;]<\/p>\n","protected":false},"author":8,"featured_media":8370,"comment_status":"closed","ping_status":"open","sticky":false,"template":"","format":"standard","meta":{"rop_custom_images_group":[],"rop_custom_messages_group":[],"rop_publish_now":"initial","rop_publish_now_accounts":[],"rop_publish_now_history":[],"rop_publish_now_status":"pending","footnotes":""},"categories":[188],"tags":[],"class_list":["post-8369","post","type-post","status-publish","format-standard","has-post-thumbnail","hentry","category-indaiatuba"],"amp_enabled":true,"_links":{"self":[{"href":"https:\/\/imais.online\/portal\/wp-json\/wp\/v2\/posts\/8369","targetHints":{"allow":["GET"]}}],"collection":[{"href":"https:\/\/imais.online\/portal\/wp-json\/wp\/v2\/posts"}],"about":[{"href":"https:\/\/imais.online\/portal\/wp-json\/wp\/v2\/types\/post"}],"author":[{"embeddable":true,"href":"https:\/\/imais.online\/portal\/wp-json\/wp\/v2\/users\/8"}],"replies":[{"embeddable":true,"href":"https:\/\/imais.online\/portal\/wp-json\/wp\/v2\/comments?post=8369"}],"version-history":[{"count":1,"href":"https:\/\/imais.online\/portal\/wp-json\/wp\/v2\/posts\/8369\/revisions"}],"predecessor-version":[{"id":8371,"href":"https:\/\/imais.online\/portal\/wp-json\/wp\/v2\/posts\/8369\/revisions\/8371"}],"wp:featuredmedia":[{"embeddable":true,"href":"https:\/\/imais.online\/portal\/wp-json\/wp\/v2\/media\/8370"}],"wp:attachment":[{"href":"https:\/\/imais.online\/portal\/wp-json\/wp\/v2\/media?parent=8369"}],"wp:term":[{"taxonomy":"category","embeddable":true,"href":"https:\/\/imais.online\/portal\/wp-json\/wp\/v2\/categories?post=8369"},{"taxonomy":"post_tag","embeddable":true,"href":"https:\/\/imais.online\/portal\/wp-json\/wp\/v2\/tags?post=8369"}],"curies":[{"name":"wp","href":"https:\/\/api.w.org\/{rel}","templated":true}]}}