{"id":8375,"date":"2022-08-02T16:07:17","date_gmt":"2022-08-02T19:07:17","guid":{"rendered":"https:\/\/imais.online\/portal\/?p=8375"},"modified":"2022-08-02T16:07:19","modified_gmt":"2022-08-02T19:07:19","slug":"setima-edicao-da-mostra-de-artes-cenicas-reune-espetaculos-e-workshop-gratuitos","status":"publish","type":"post","link":"https:\/\/imais.online\/portal\/setima-edicao-da-mostra-de-artes-cenicas-reune-espetaculos-e-workshop-gratuitos\/","title":{"rendered":"S\u00e9tima edi\u00e7\u00e3o da Mostra de Artes C\u00eanicas re\u00fane espet\u00e1culos e workshop gratuitos"},"content":{"rendered":"<div class=\"imais-before-content-placement\" id=\"imais-415299585\"><script async src=\"\/\/pagead2.googlesyndication.com\/pagead\/js\/adsbygoogle.js?client=ca-pub-8787528412751566\" crossorigin=\"anonymous\"><\/script><ins class=\"adsbygoogle\" style=\"display:block;\" data-ad-client=\"ca-pub-8787528412751566\" \ndata-ad-slot=\"\" \ndata-ad-format=\"auto\"><\/ins>\n<script> \n(adsbygoogle = window.adsbygoogle || []).push({}); \n<\/script>\n<\/div>\n<p><em><small>Projeto re\u00fane 13 pe\u00e7as em diferentes pontos e aula sobre o M\u00e9todo Tabladiano com Andr\u00e9 Mattos<\/small><\/em><\/p>\n\n\n\n<p>A s\u00e9tima edi\u00e7\u00e3o da Mostra de Artes C\u00eanicas acontece ao longo do m\u00eas com a participa\u00e7\u00e3o de 11 grupos locais em espet\u00e1culos infanto-juvenis e adultos, al\u00e9m de abertura e encerramento com atra\u00e7\u00f5es especiais. Os espet\u00e1culos acontecem no Centro de Artes e Esportes Unificado (CEU) do Jardim S\u00e3o Conrado, no Centro Cultural Hermenegildo Pinto (Piano) e na Sala Acr\u00edsio de Camargo com entrada franca e os ingressos devem ser retirados uma hora antes do in\u00edcio de cada pe\u00e7a. A realiza\u00e7\u00e3o \u00e9 da Prefeitura de Indaiatuba, por meio da Secretaria Municipal de Cultura.<\/p>\n\n\n\n<p>Os objetivos da Mostra s\u00e3o promover a difus\u00e3o de trabalhos de grupos de pesquisa continuada na \u00e1rea de artes da cena, contribuir para a forma\u00e7\u00e3o de p\u00fablico e plateia no munic\u00edpio, bem como fomentar o teatro em Indaiatuba.<\/p>\n\n\n\n<p>\u201cAs companhias e grupos de teatro de Indaiatuba v\u00eam se destacando a cada edi\u00e7\u00e3o da Mostra de Artes C\u00eanicas e este ano n\u00e3o ser\u00e1 diferente\u201d, afirma a secret\u00e1ria municipal de Cultura, T\u00e2nia Castanho. \u201cAinda mais agora, que voltamos ao habitat natural do teatro, que \u00e9 o palco, para alegria de todos os envolvidos neste projeto e tamb\u00e9m do p\u00fablico\u201d.<\/p>\n\n\n\n<p>Todos os espet\u00e1culos participaram de Edital de Chamamento P\u00fablico e foram avaliados por uma curadoria externa contratada pela Secretaria Municipal de Cultura. Tr\u00eas profissionais avaliaram os seguintes crit\u00e9rios: qualidade art\u00edstica e cultural, impacto cultural da proposta para o munic\u00edpio, factibilidade, t\u00e9cnica e originalidade.<\/p>\n\n\n\n<p>Integram a curadoria: Andr\u00e9 Mattos, aluno de Ruy Guerra no Curso Superior de Cinema da Universidade Gama Filho, \u00e9 professor de Teatro na escola O Tablado, de Maria Clara Machado, e diretor da Fazenda da Arte Produ\u00e7\u00f5es Art\u00edsticas Ltda. Foi assistente de dire\u00e7\u00e3o de Domingos Oliveira, Chico Anysio e Maria Clara Machado.<\/p>\n\n\n\n<p>Ricardo Kosovski \u00e9 doutor em Comunica\u00e7\u00e3o e Cultura pela ECO\/UFRJ, dedicando-se ao magist\u00e9rio como Prof. Associado IV da Escola de Teatro da UNIRIO e da P\u00f3s-Gradua\u00e7\u00e3o em Artes C\u00eanicas da mesma universidade. \u00c9 ator e diretor teatral.<\/p>\n\n\n\n<p>Jos\u00e9 Dias \u00e9 Mestre e Doutor pela Escola de Comunica\u00e7\u00f5es e Artes da Universidade de S\u00e3o Paulo. Atualmente, \u00e9 professor titular da Universidade do Rio de Janeiro e professor adjunto da Escola de Belas Artes da Universidade Federal do Rio de Janeiro (UFRJ).<\/p>\n\n\n\n<p><strong>Workshop<\/strong><\/p>\n\n\n\n<p>Andr\u00e9 Mattos, Ricardo Kosovski e Jos\u00e9 Dias, com o refor\u00e7o de Heder Braga, mestre em teatro e professor titular da Universidade Federal do Rio de Janeiro, ir\u00e3o ministrar o workshop&nbsp;<em>M\u00e9todo Tabladiano<\/em>, que acontece dia 28 de agosto, das 9h \u00e0s 16h, na Sala Acr\u00edsio de Camargo, no Centro Integrado de Apoio \u00e0 Educa\u00e7\u00e3o de Indaiatuba (CIAEI).<\/p>\n\n\n\n<p>A participa\u00e7\u00e3o \u00e9 gratuita e&nbsp;<a href=\"https:\/\/forms.gle\/soG7E2PXHGZ5tni48\" target=\"_blank\" rel=\"noreferrer noopener\"><strong>deve ser confirmada neste link<\/strong><\/a>.<\/p>\n\n\n\n<p>Teatro O Tablado,&nbsp;ou simplesmente O Tablado, \u00e9 uma escola brasileira de teatro&nbsp;fundada em 1951, no&nbsp;Rio de Janeiro, pela escritora e dramaturga brasileira Maria Clara Machado, que j\u00e1 formou mais de cinco mil profissionais em&nbsp;artes c\u00eanicas.&nbsp;Inicialmente foi uma companhia de teatro amador, com uma pequena estrutura utilizada para seus ensaios, que mais tarde se transformou em um grande centro de forma\u00e7\u00e3o de atores.<\/p>\n\n\n\n<p>Foi a companhia que ajudou a modernizar o teatro no Brasil. Apresentava-se para todos os p\u00fablicos, mas sua especialidade eram pe\u00e7as infantis, a maioria de autoria de sua criadora, que desenvolvia textos e montagens de alt\u00edssima qualidade, at\u00e9 hoje encenados.<\/p>\n\n\n\n<p>\u201cAtrav\u00e9s de aulas de improvisa\u00e7\u00e3o do M\u00e9todo Tabladiano, vamos desenvolver sensibilidade, movimenta\u00e7\u00e3o c\u00eanica, corpo, voz, ideias de dire\u00e7\u00e3o de arte, de produ\u00e7\u00e3o\u201d, conta Andr\u00e9 Mattos. \u201cTrataremos sobre a produ\u00e7\u00e3o de um espet\u00e1culo teatral, passando pela hist\u00f3ria da dramaturgia\u201d.<\/p>\n\n\n\n<p>Confira a programa\u00e7\u00e3o da 7\u00aa Mostra de Artes C\u00eanicas de Indaiatuba:<\/p>\n\n\n\n<p><strong>5 de agosto (sexta-feira)<\/strong><\/p>\n\n\n\n<p><strong>Grupo Emcantar, com&nbsp;<em>Saltimbancos<\/em><br>20h \u2013 Sala Acr\u00edsio de Camargo (CIAEI)<\/strong><\/p>\n\n\n\n<p>Passados 45 anos desde a primeira adapta\u00e7\u00e3o da pe\u00e7a&nbsp;<em>Saltimbancos<\/em>, feita por Chico Buarque, e apresentada ao p\u00fablico no Canec\u00e3o (RJ), em 1977, a realidade e a f\u00e1bula sobre a explora\u00e7\u00e3o dos animais por seus patr\u00f5es ainda encontram muitos pontos em comum. Celebrando seus 25 anos, o Grupo Emcantar apresenta a vers\u00e3o dirigida por Rafael Michalichem, onde os conceitos de solidariedade, justi\u00e7a e diversidade ganham voz por meio dos famosos personagens do jumento, da gata, do cachorro e da galinha.<\/p>\n\n\n\n<p>Juntos, eles decidem se rebelar, ir \u00e0 cidade e se tornar m\u00fasicos. Para a sua pe\u00e7a, o Emcantar desenvolveu arranjos e interpreta\u00e7\u00f5es pr\u00f3prias das can\u00e7\u00f5es popularmente conhecidas. Uma banda ao vivo embala o quarteto de animais que tem pela frente alguns dos grandes desafios da humanidade: superar as suas diferen\u00e7as, trabalhar em equipe e, assim, alcan\u00e7ar a t\u00e3o sonhada liberdade. Mas ser\u00e1 que a uni\u00e3o da bicharada conseguir\u00e1 mudar o rumo de suas vidas?<\/p>\n\n\n\n<p>O elenco conta com Ana Lopez, Luciene Andrade, Marco Aur\u00e9lio Querubim e Viviane Rodrigues. A banda traz Carlim Ribeiro (Viol\u00e3o, Teclado e Acordeon), Carlos J\u00fanior (Guitarra, Flauta Transversal e Trompete), Ivan Ribeiro (Bateria) e Sandoval Cortes (Baixo).<\/p>\n\n\n\n<p>A dire\u00e7\u00e3o musical \u00e9 de Carlim Ribeiro. Figurino, maquiagem, cenografia e design gr\u00e1fico s\u00e3o de Pablo Mendon\u00e7a. A sonoriza\u00e7\u00e3o \u00e9 de Ricardo Campos e a ilumina\u00e7\u00e3o de Mario Leonardo. A produ\u00e7\u00e3o executiva \u00e9 de Ana Carla Cortes Teles.<\/p>\n\n\n\n<p><strong>6 de agosto (s\u00e1bado)<\/strong><\/p>\n\n\n\n<p><strong>T Art, com&nbsp;<em>A Natureza Pede Ajuda<br><\/em>16h \u2013 CEU S\u00e3o Conrado<\/strong><\/p>\n\n\n\n<p>Conhe\u00e7a a hist\u00f3ria de Manu, uma menina que n\u00e3o ligava para o mundo ao seu redor, s\u00f3 queria saber do que fosse c\u00f4modo e f\u00e1cil. At\u00e9 que ela conhece seu Chico, um senhor que ensina a import\u00e2ncia de cuidar do meio ambiente e de proteger os animais que correm risco de extin\u00e7\u00e3o. Assim, Manu vai aprender que todos precisamos nos preocupar com o meio ambiente e com os animais.<\/p>\n\n\n\n<p>O elenco conta com Pah Regina, Dirley Paco, Dri Moraes, Hugo Renato e Udachi (F\u00e1bio Augusto). A sonoplastia e ilumina\u00e7\u00e3o s\u00e3o de Jerry Reis, o roteiro e dire\u00e7\u00e3o de Udachi, a maquiagem de Pah Regina, os figurinos de Camila P\u00e1dua Marcelino e Udachi e cen\u00e1rio de Hugo Renato.<\/p>\n\n\n\n<p><strong>Grupo de Teatro Espelho C\u00eanico, com&nbsp;<em>Ch\u00e1 da Tarde<br><\/em>19h30 \u2013 Piano<\/strong><\/p>\n\n\n\n<p>A pe\u00e7a fala sobre a velhice ao retratar um dilema familiar: um homem idoso que n\u00e3o consegue mais cuidar de sua esposa com Alzheimer, toma a decis\u00e3o de se mudar para uma casa de repouso e comunica a not\u00edcia para os filhos. A maneira como os filhos reagem e o desenrolar da trama trazem alguns subtemas como: amor, rela\u00e7\u00e3o entre pais e filhos e descaso. A pe\u00e7a busca incitar a reflex\u00e3o: \u201cvoc\u00ea seria capaz de dedicar parte do seu tempo para cuidar de algu\u00e9m?\u201d.<\/p>\n\n\n\n<p>No elenco est\u00e3o Bruna Frari, Diego Souza, Ieda Gomes e Marcelo Cruz. O roteiro e a dire\u00e7\u00e3o s\u00e3o de Paloma Dourado, que tamb\u00e9m \u00e9 respons\u00e1vel pela sonoplastia e ilumina\u00e7\u00e3o, junto com Diego Grego, que assina a produ\u00e7\u00e3o. O cen\u00e1rio e o figurino foram criados pelo grupo.<\/p>\n\n\n\n<p><strong>7 de agosto (domingo)<\/strong><\/p>\n\n\n\n<p><strong>Trupe C\u00eanica Brasil, com&nbsp;<em>O Mundo de Clara<br><\/em>16h \u2013 Piano<\/strong><\/p>\n\n\n\n<p>Pe\u00e7a infantil conta a hist\u00f3ria de Clara, uma garotinha filha de um empres\u00e1rio, cuja empresa est\u00e1 poluindo um rio. Com ajuda de seus amigos duendes, Belinsk e Zelinsk e a Fada Azul, Clara vai tentar convencer seu pai da import\u00e2ncia de se preservar a natureza. O espet\u00e1culo tem dura\u00e7\u00e3o de 60 minutos e mistura realidade e fantasia para fazer com que o p\u00fablico reflita a respeito de valores e atitudes na forma\u00e7\u00e3o das crian\u00e7as.<\/p>\n\n\n\n<p>Roteiro e dire\u00e7\u00e3o s\u00e3o de Andr\u00e9 Chiaroni, que tamb\u00e9m integra o elenco ao lado de Janaina Chiaroni, Willian Louren\u00e7\u00e3o e Jo\u00e3o Chiaroni. Mariana Magalh\u00e3es e Gaby Souza s\u00e3o contrarregras, Gabriel Chiaroni \u00e9 respons\u00e1vel por som e ilumina\u00e7\u00e3o e a coordena\u00e7\u00e3o geral \u00e9 de Concei\u00e7\u00e3o Chiaroni.<\/p>\n\n\n\n<p><strong>12 de agosto (sexta-feira)<\/strong><\/p>\n\n\n\n<p><strong>Coletivo Fleuma, com&nbsp;<em>Como uma Met\u00e1fora<\/em><br>19h30 \u2013 Piano<\/strong><\/p>\n\n\n\n<p><em>Como uma Met\u00e1fora<\/em>&nbsp;explora algumas das cenas mais absurdas e metaf\u00f3ricas do livro&nbsp;<em>On<\/em>, de Marcus Mazieri. Coloca em cena figuras exc\u00eantricas cujos di\u00e1logos transitam entre a procura de um consenso improv\u00e1vel sobre um assunto, o iminente fim do mundo, o sil\u00eancio necess\u00e1rio para o sono de um beb\u00ea, as ra\u00edzes do abacate e a vida das abelhas. Entre desentendimentos e incompreens\u00f5es, as personagens se revelam caricaturas deste in\u00edcio de s\u00e9culo 21. Elas \u2013 que n\u00e3o revelam serem a mesma ou uma infinidade de pessoas \u2013 exp\u00f5em as consequ\u00eancias tr\u00e1gicas e c\u00f4micas de uma sociedade hiperativa, hiperconectada e hiperansiosa.<\/p>\n\n\n\n<p>A pe\u00e7a conta com dire\u00e7\u00e3o de Fabio Pimenta, que tamb\u00e9m atua ao lado de Marcus Mazierie, respons\u00e1vel pelo texto e dramaturgia. Luz, som, c\u00e2mera e proje\u00e7\u00e3o s\u00e3o de Kimberly Christie e Filipe Fran\u00e7a, que tamb\u00e9m comanda a cenografia. A sonoplastia \u00e9 de Diego Angelini e Victor Sim\u00f5es Lobato.<\/p>\n\n\n\n<p><strong>13 de agosto (s\u00e1bado)<\/strong><\/p>\n\n\n\n<p><strong>Grupo de Teatro Enrolados, com&nbsp;<em>Duende Dudu em Uma Aventura Especial<br><\/em>16h \u2013 CEU S\u00e3o Conrado<\/strong><\/p>\n\n\n\n<p>Em uma cidadezinha interiorana, duende Dudu e o jovem Jo\u00e3ozinho descobrem que o meio ambiente est\u00e1 chateado com a humanidade. Como se n\u00e3o fosse o bastante, eles enfrentam uma bruxa malvada que tenta p\u00f4r fim na popula\u00e7\u00e3o. Para salvar a cidade e toda sua hist\u00f3ria, Jo\u00e3ozinho e Dudu fazem planos m\u00e1gicos, com um ingrediente pra l\u00e1 de especial: o amor.<\/p>\n\n\n\n<p>J\u00fanior Grotto assina dire\u00e7\u00e3o, roteiro, cen\u00e1rio, figurinos, composi\u00e7\u00e3o das m\u00fasicas e a opera\u00e7\u00e3o de som e luz. O elenco conta com Danielle Caroline, Renan Farias, Leticia Ribeiro e Giovani Rebonato.<\/p>\n\n\n\n<p><strong>Grupo de Teatro Estrada, com&nbsp;<em>T\u00fa Pa\u00eds, Est\u00e1 Feliz?<br><\/em>19h30 \u2013 Piano<\/strong><\/p>\n\n\n\n<p>Adapta\u00e7\u00e3o do texto de Ant\u00f4nio Miranda, este poem\u00e1rio \u00e9 um encontro do poeta com seus fantasmas: a solid\u00e3o, a saudade dos amigos que partiram, a reclus\u00e3o, a revolta com o \u201csistema\u201d, os amores imposs\u00edveis, a liberdade ou falta dela, como insepar\u00e1vel companheira. Poesia em busca da liberdade, nutrida pela solid\u00e3o, perseguidora de esperan\u00e7as, tem seu m\u00e9rito em questionar-se por si mesma: Tu est\u00e1 feliz? Mas, acima de tudo, \u00e9 um grito de rebeldia e esperan\u00e7a, de sangue jovem, disposto \u00e0 luta e \u00e0s batalhas di\u00e1rias por seguir acreditando cada dia, no dia que vir\u00e1.<\/p>\n\n\n\n<p>O elenco conta com Vlademir Daniel, Raphaela Silva, Nando Almeida, Kellen Tobaldini e Douglas Lyra. A adapta\u00e7\u00e3o \u00e9 de Vlademir Daniel e a dire\u00e7\u00e3o \u00e9 coletiva, assim como cen\u00e1rios, figurinos e maquiagem. A sonoplastia, ilumina\u00e7\u00e3o e opera\u00e7\u00e3o de luz e som s\u00e3o de Andr\u00e9 Lup\u00e9rcio.<\/p>\n\n\n\n<p><strong>14 de agosto (domingo)<\/strong><\/p>\n\n\n\n<p><strong>Grupo de Teatro F\u00e2ntaso, com&nbsp;<em>Utopia S.A.<br><\/em>16h \u2013 Piano<\/strong><\/p>\n\n\n\n<p>Dentro de cada cabe\u00e7a pensante, existe a Utopia S.A, empresa especializada na imagina\u00e7\u00e3o das crian\u00e7as. Tr\u00eas atendentes recebem liga\u00e7\u00f5es com pensamentos e transformam cada pedido em realidade. Quando a cabe\u00e7a come\u00e7a a pensar, o alarme come\u00e7a a tocar. Mas ultimamente as liga\u00e7\u00f5es est\u00e3o se acabando e a criatividade quase n\u00e3o existe. Uma certa manh\u00e3, eles recebem um alerta diferente e t\u00eam que realizar um pensamento muito diferente e pra l\u00e1 de especial.<\/p>\n\n\n\n<p>Tiago Marcon e M\u00e1rcio Guimar\u00e3es assinam texto, dire\u00e7\u00e3o, ilumina\u00e7\u00e3o, cenografia, sonoplastia, maquiagem, figurino, m\u00fasicas e composi\u00e7\u00f5es. As coreografias s\u00e3o de Nat\u00e1lia Pinezzi, o operador de som \u00e9 Bruno Brito e a opera\u00e7\u00e3o de luz s\u00e3o de Bruno Blanco e Vit\u00f3ria Santos.<\/p>\n\n\n\n<p><strong>19 de agosto (sexta-feira)<\/strong><\/p>\n\n\n\n<p><strong>Grupo Anank\u00ea, com&nbsp;<em>Romeu e Julieta<\/em><br>19h30 \u2013 Piano<\/strong><\/p>\n\n\n\n<p>Romeu Montecchio e Julieta Capuleto s\u00e3o jovens perdidamente apaixonados, mas que n\u00e3o podem usufruir desse amor em virtude da enorme rivalidade das suas fam\u00edlias. Rivais, eles come\u00e7am a viver um intenso amor proibido.&nbsp;<em>Romeu e Julieta<\/em>, o espet\u00e1culo que tem como tema a pe\u00e7a de William Shakespeare, n\u00e3o foi adaptado, mas \u00e9 uma cria\u00e7\u00e3o aut\u00f4noma feita sobre a narrativa do autor ingl\u00eas, cuja estrutura po\u00e9tica se apoia nos tipos populares, nos maravilhosos personagens grotescos que perambulam pelo mundo, de cidade em cidade, desde a Idade M\u00e9dia at\u00e9 os tempos atuais. Uma homenagem \u00e0 perseveran\u00e7a e a supera\u00e7\u00e3o de barreiras impostas ao artista, seja no passado, seja no presente, e certamente continuar\u00e1 a ser no futuro.<\/p>\n\n\n\n<p>Baseado na obra hom\u00f4nima de William Shakespeare, a pe\u00e7a tem texto de Wagner Cintra, dire\u00e7\u00e3o de Marli Lopes, orienta\u00e7\u00e3o art\u00edstica de Lucas Gonzaga e prepara\u00e7\u00e3o vocal e musical de Olivia G\u00eanesi. O cen\u00e1rio \u00e9 de Chic\u00f3 Ferreira, figurino de Lucas Gonzaga e opera\u00e7\u00e3o de sonoplastia e luz de Cl\u00e9lio Santos. O elenco conta com Andr\u00e9 Almeida, Gisele Campos, Fl\u00e1vio Cardoso, Marli Lopes, Chic\u00f3 Ferreira, Leonardo Kayan e Gabriel Kitzmann.<\/p>\n\n\n\n<p><strong>20 de agosto (s\u00e1bado)<\/strong><\/p>\n\n\n\n<p><strong>Cia. Teatral Mat\u00e9ria Prima em&nbsp;<em>Menina Alice em Defesa do Meio Ambiente<br><\/em>16h \u2013 CEU S\u00e3o Conrado<\/strong><\/p>\n\n\n\n<p>Conhe\u00e7a a Menina Alice, uma garotinha protetora do meio ambiente, e seu amigo Caramelo, um c\u00e3ozinho muito esperto e fiel, mas tamb\u00e9m um pouco atrapalhado. A aventura come\u00e7a quando ela se prepara para cuidar do seu jardim e descobre que ele est\u00e1 todo destru\u00eddo. Muito triste, mas sem desaminar, ela e seu amigo Caramelo come\u00e7am a procurar explica\u00e7\u00f5es para o que teria acontecido. Resolvem chamar o Professor, um personagem muito inteligente e agitado, que adora ensinar sobre o meio ambiente e sobre como ajudar a preservar a natureza. Assim eles descobrem o Sr. Sujeira, uma representa\u00e7\u00e3o de todas as pessoas que n\u00e3o respeitam a natureza. Juntos, eles ir\u00e3o aprender uma importante li\u00e7\u00e3o.<\/p>\n\n\n\n<p>O elenco conta com Jeniffer Mendes, Pedro Mathias, Dartagnan Bertelli e Ger\u00ea Canova, que tamb\u00e9m \u00e9 autor do espet\u00e1culo. O figurino \u00e9 de Zenaide Baroni, o cen\u00e1rio de Marcelo Rosa, a coreografia de Jeniffer Mendes, a concep\u00e7\u00e3o de luz, trilha sonora e sonoplastia de Ger\u00ea Canova e a maquiagem \u00e9 do grupo. As m\u00fasicas s\u00e3o de Ger\u00ea Canova, interpretadas por Maria Clara, com arranjos de Gerson Lima, da Pal G Studio.<\/p>\n\n\n\n<p><strong>SLEZ \u2013 Tr\u00eas Monges e a Rosa<br>19h30 \u2013 Piano<\/strong><\/p>\n\n\n\n<p>&nbsp;A trama se passa em um long\u00ednquo mosteiro, onde vivem 3 monges. Irm\u00e3o Paulo, que se diz italiano, \u00e9 um l\u00edder autorit\u00e1rio que n\u00e3o admite contradi\u00e7\u00e3o, mas quando se trata do Bispo, as coisas mudam. Junto com ele seus subordinados: Irm\u00e3o Cosmi, um homem bondoso que sempre v\u00ea o lado bom das coisas e Irm\u00e3o Marcus, um nordestino arretado muito esperto. Tudo vai bem, por\u00e9m com a chegada de uma visita inesperada, tudo pode se transformar em suas vidas.<\/p>\n\n\n\n<p>Texto e dire\u00e7\u00e3o s\u00e3o de Elias Raimundo dos Santos, que integra o elenco com Leandro Alves, Ronaldo Zuppa e Sandra Alves. A sonoplastia e ilumina\u00e7\u00e3o s\u00e3o de Tacau Almeida. O figurino \u00e9 de L\u00facia Braz. Produ\u00e7\u00e3o e cen\u00e1rio s\u00e3o do grupo.<\/p>\n\n\n\n<p><strong>21 de agosto (domingo)<\/strong><\/p>\n\n\n\n<p><strong>Grupo Divers\u00e3o e Magia, com&nbsp;<em>O Menino que Cuidava do Mundo<\/em><br>16h \u2013 Piano<\/strong><\/p>\n\n\n\n<p>Em um reino m\u00e1gico t\u00e3o t\u00e3o distante, uma rainha recebe informa\u00e7\u00f5es de que uma cidade do interior conhecida como Indaiatuba est\u00e1 sob amea\u00e7a de uma vil\u00e3. Ent\u00e3o ela manda duas fadas \u00e0 cidade sem magia para ajudarem um menino que vive preocupado com o meio ambiente, Joca, que mora com a m\u00e3e e est\u00e1 sempre pensando em preservar o meio ambiente e toda sua cidade. Ser\u00e1 que juntos eles poder\u00e3o salvar a cidade das maldades da vil\u00e3?<\/p>\n\n\n\n<p>O elenco conta com&nbsp;Bruna Sampaio, Maria Eduarda, Giovanna Ragazini, Leticia de Siqueira, Victor Basilio e Giovanna Quitzau. Dire\u00e7\u00e3o, roteiro, cen\u00e1rio, figurinos e opera\u00e7\u00e3o de som e luz s\u00e3o de&nbsp;Mauricio Rezitano<\/p>\n\n\n\n<p><strong>27 de agosto (s\u00e1bado)<\/strong><\/p>\n\n\n\n<p><strong>Ded\u00e9 Show, com Andr\u00e9 Mattos<br>20h \u2013 Sala Acr\u00edsio de Camargo (CIAEI)<\/strong><\/p>\n\n\n\n<p><em>Ded\u00e9 Show<\/em>&nbsp;\u00e9 um evento especial com um dos mais renomados atores brasileiros: Andr\u00e9 Mattos. Um show de humor e emo\u00e7\u00e3o, onde Andr\u00e9 passeia pelos principais personagens de uma carreira consagrada, conjugada com sua pr\u00f3pria hist\u00f3ria de vida: fam\u00edlia, amores, trabalho e j\u00fabilos e tamb\u00e9m algumas poucas l\u00e1grimas.<\/p>\n\n\n\n<p>Confira trabalhos marcantes de Andr\u00e9 sob a tutela de Chico An\u00edsio, Domingos Oliveira, Jos\u00e9 Padilha, Maria Clara Machado, Murilo Salles e outros grandes artistas que proporcionaram ao ator realiza\u00e7\u00f5es inesquec\u00edveis no teatro, cinema e TV. Vamos reencontrar toda essa gente em&nbsp;<em>Ded\u00e9 Show<\/em>. O roteiro \u00e9 de Andr\u00e9 Mattos, com dire\u00e7\u00e3o de Ricardo Kosovski, dire\u00e7\u00e3o de arte de Jos\u00e9 Dias e m\u00fasica de Ary Sperling.<\/p>\n\n\n\n<p><strong>ENDERE\u00c7OS<\/strong><\/p>\n\n\n\n<p><strong>CEU do Jardim S\u00e3o Conrado<br><\/strong>Rua Jordalino Pietrobom, 1.300<\/p>\n\n\n\n<p><strong>Centro Cultural Hermenegildo Pinto (Piano)<br><\/strong>Av. Eng. Fabio Roberto Barnab\u00e9, 5.924 \u2013 Jardim Morada do Sol<\/p>\n\n\n\n<p><strong>Sala Acr\u00edsio de Camargo<br><\/strong>Av. Eng. F\u00e1bio Roberto Barnab\u00e9, 3.665 \u2013 Jardim Regina<\/p>\n","protected":false},"excerpt":{"rendered":"<p>Projeto re\u00fane 13 pe\u00e7as em diferentes pontos e aula sobre o M\u00e9todo Tabladiano com Andr\u00e9 Mattos A s\u00e9tima edi\u00e7\u00e3o da Mostra de Artes C\u00eanicas acontece ao longo do m\u00eas com a participa\u00e7\u00e3o de 11 grupos locais em espet\u00e1culos infanto-juvenis e adultos, al\u00e9m de abertura e encerramento com atra\u00e7\u00f5es especiais. Os espet\u00e1culos acontecem no Centro de [&hellip;]<\/p>\n","protected":false},"author":8,"featured_media":8376,"comment_status":"closed","ping_status":"open","sticky":false,"template":"","format":"standard","meta":{"rop_custom_images_group":[],"rop_custom_messages_group":[],"rop_publish_now":"initial","rop_publish_now_accounts":[],"rop_publish_now_history":[],"rop_publish_now_status":"pending","footnotes":""},"categories":[188],"tags":[73],"class_list":["post-8375","post","type-post","status-publish","format-standard","has-post-thumbnail","hentry","category-indaiatuba","tag-featured"],"amp_enabled":true,"_links":{"self":[{"href":"https:\/\/imais.online\/portal\/wp-json\/wp\/v2\/posts\/8375","targetHints":{"allow":["GET"]}}],"collection":[{"href":"https:\/\/imais.online\/portal\/wp-json\/wp\/v2\/posts"}],"about":[{"href":"https:\/\/imais.online\/portal\/wp-json\/wp\/v2\/types\/post"}],"author":[{"embeddable":true,"href":"https:\/\/imais.online\/portal\/wp-json\/wp\/v2\/users\/8"}],"replies":[{"embeddable":true,"href":"https:\/\/imais.online\/portal\/wp-json\/wp\/v2\/comments?post=8375"}],"version-history":[{"count":1,"href":"https:\/\/imais.online\/portal\/wp-json\/wp\/v2\/posts\/8375\/revisions"}],"predecessor-version":[{"id":8377,"href":"https:\/\/imais.online\/portal\/wp-json\/wp\/v2\/posts\/8375\/revisions\/8377"}],"wp:featuredmedia":[{"embeddable":true,"href":"https:\/\/imais.online\/portal\/wp-json\/wp\/v2\/media\/8376"}],"wp:attachment":[{"href":"https:\/\/imais.online\/portal\/wp-json\/wp\/v2\/media?parent=8375"}],"wp:term":[{"taxonomy":"category","embeddable":true,"href":"https:\/\/imais.online\/portal\/wp-json\/wp\/v2\/categories?post=8375"},{"taxonomy":"post_tag","embeddable":true,"href":"https:\/\/imais.online\/portal\/wp-json\/wp\/v2\/tags?post=8375"}],"curies":[{"name":"wp","href":"https:\/\/api.w.org\/{rel}","templated":true}]}}