{"id":8385,"date":"2022-08-03T09:39:28","date_gmt":"2022-08-03T12:39:28","guid":{"rendered":"https:\/\/imais.online\/portal\/?p=8385"},"modified":"2022-08-03T09:43:07","modified_gmt":"2022-08-03T12:43:07","slug":"sinfonica-de-indaiatuba-apresenta-obras-de-mozart-e-grieg","status":"publish","type":"post","link":"https:\/\/imais.online\/portal\/sinfonica-de-indaiatuba-apresenta-obras-de-mozart-e-grieg\/","title":{"rendered":"Sinf\u00f4nica de Indaiatuba apresenta obras de Mozart e Grieg"},"content":{"rendered":"<div class=\"imais-before-content-placement\" id=\"imais-1658921818\"><script async src=\"\/\/pagead2.googlesyndication.com\/pagead\/js\/adsbygoogle.js?client=ca-pub-8787528412751566\" crossorigin=\"anonymous\"><\/script><ins class=\"adsbygoogle\" style=\"display:block;\" data-ad-client=\"ca-pub-8787528412751566\" \ndata-ad-slot=\"\" \ndata-ad-format=\"auto\"><\/ins>\n<script> \n(adsbygoogle = window.adsbygoogle || []).push({}); \n<\/script>\n<\/div>\n<p class=\"has-text-align-center\"><em>Em sess\u00e3o \u00fanica e gratuita, concerto com o naipe de cordas acontece no dia 13<\/em><\/p>\n\n\n\n<p>A<strong> Sala Acr\u00edsio de Camargo<\/strong>, em Indaiatuba (SP), recebe, no pr\u00f3ximo dia 13, concerto gratuito do naipe de cordas da<a href=\"http:\/\/www.orquestradeindaiatuba.org.br\" target=\"_blank\" rel=\"noreferrer noopener\"><strong> Orquestra Sinf\u00f4nica de Indaiatuba<\/strong><\/a>. A apresenta\u00e7\u00e3o acontece \u00e0s 20h, e traz obras de Mozart e Grieg. A dire\u00e7\u00e3o art\u00edstica e reg\u00eancia s\u00e3o do maestro Paulo de Paula.<\/p>\n\n\n\n<p>As pe\u00e7as musicais escolhidas para essa noite estabelecem um di\u00e1logo, evidenciando semelhan\u00e7as e diferen\u00e7as, a partir da sonoridade dos instrumentos de cordas. Para abrir o repert\u00f3rio, ser\u00e1 executada a <em>Pequena Serenata Noturna<\/em>, composta por <strong><a href=\"https:\/\/www.ebiografia.com\/wolfgang_amadeus_mozart\/\" target=\"_blank\" rel=\"noreferrer noopener\">Wolfgang Amadeus Mozart<\/a>, <\/strong>e seus quatro movimentos \u2014 <em>Allegro, Romanze, Menuetto e Rond\u00f3<\/em>.<\/p>\n\n\n\n<p>Em seguida, \u00e9 a vez da <em>Su\u00edte Holberg, <\/em>escrita por <a href=\"https:\/\/pt.wikipedia.org\/wiki\/Edvard_Grieg\" target=\"_blank\" rel=\"noreferrer noopener\"><strong>Edvard Grieg <\/strong><\/a>para o bicenten\u00e1rio de nascimento de <a href=\"https:\/\/pt.wikipedia.org\/wiki\/Ludvig_Holberg\" target=\"_blank\" rel=\"noreferrer noopener\"><em>Ludvig Holberg<\/em><\/a>, uma das figuras mais importantes da literatura dinamarqu\u00eas-norueguesa tradicional. Com influ\u00eancias do per\u00edodo barroco, a obra tem cinco movimentos: <em>Praeludium<\/em>, <em>Sarabande<\/em>, <em>Gavotte-Musette<\/em>, <em>Air<\/em> e <em>Rigaudon.<\/em><\/p>\n\n\n\n<p><strong>CULTURA <\/strong><\/p>\n\n\n\n<p>Al\u00e9m de fomentar essa arte a partir de sua programa\u00e7\u00e3o de concertos, a Sinf\u00f4nica tamb\u00e9m desenvolve a\u00e7\u00f5es para incentivar o aprendizado em m\u00fasica. Em julho, aconteceu o Encontro Musical de Indaiatuba (EMIn), que recebeu mais de 200 estudantes de Indaiatuba e outras cidades do Brasil. Em sua 3\u00aa edi\u00e7\u00e3o, o evento trouxe 13 oficinas de diferentes instrumentos, incluindo pr\u00e1ticas orquestrais, e uma s\u00e9rie de apresenta\u00e7\u00f5es abertas \u00e0 comunidade. Todas as atividades foram oferecidas de forma gratuita.<\/p>\n\n\n\n<p><strong>COMO ASSISTIR?<\/strong><\/p>\n\n\n\n<p> Para conferir o concerto do dia 13, basta apenas chegar com anteced\u00eancia, pois a disponibiliza\u00e7\u00e3o dos lugares \u00e9 por ordem de chegada. A apresenta\u00e7\u00e3o \u00e9 realizada pela\u00a0 AMOJI (Associa\u00e7\u00e3o Mantenedora da Orquestra Jovem de Indaiatuba) e Prefeitura de Indaiatuba, por meio da Secretaria Municipal de Cultura e do ProAC (Programa de A\u00e7\u00e3o Cultural de S\u00e3o Paulo). A Sala Acr\u00edsio de Camargo fica no Ciaei (Centro Integrado de Apoio \u00e0 Educa\u00e7\u00e3o de Indaiatuba), na avenida Engenheiro F\u00e1bio Roberto Barnab\u00e9, 3665 &#8211; Jardim Regina, Indaiatuba (SP).<\/p>\n\n\n\n<p><strong>V\u00cdDEO<\/strong><br>Concerto Mozart e Jos\u00e9 Maur\u00edcio: <a href=\"https:\/\/www.youtube.com\/watch?v=IDQDBIdCkoU\" target=\"_blank\" rel=\"noreferrer noopener\">clique aqui<\/a><\/p>\n\n\n\n<p><strong>SERVI\u00c7O<\/strong><strong><br>Orquestra Sinf\u00f4nica de Indaiatuba<br><\/strong><em>Mozart e Grieg<\/em><em><br><\/em><strong>Data<\/strong>: 13\/08<br><strong>Hor\u00e1rio<\/strong>: 20h<br><strong>Entrada gratuita<\/strong><strong><br>Local<\/strong>: Sala Acr\u00edsio de Camargo &#8211; Ciaei (Centro Integrado de Apoio \u00e0 Educa\u00e7\u00e3o de Indaiatuba)<br>avenida Engenheiro F\u00e1bio Roberto Barnab\u00e9, 3665, Jardim Regina, Indaiatuba (SP) &#8211; <a href=\"https:\/\/goo.gl\/maps\/2Pz44AkmFMAdGbPcA\" target=\"_blank\" rel=\"noreferrer noopener\">MAPA AQUI<\/a><\/p>\n","protected":false},"excerpt":{"rendered":"<p>Em sess\u00e3o \u00fanica e gratuita, concerto com o naipe de cordas acontece no dia 13 A Sala Acr\u00edsio de Camargo, em Indaiatuba (SP), recebe, no pr\u00f3ximo dia 13, concerto gratuito do naipe de cordas da Orquestra Sinf\u00f4nica de Indaiatuba. A apresenta\u00e7\u00e3o acontece \u00e0s 20h, e traz obras de Mozart e Grieg. A dire\u00e7\u00e3o art\u00edstica e [&hellip;]<\/p>\n","protected":false},"author":7,"featured_media":8386,"comment_status":"closed","ping_status":"open","sticky":false,"template":"","format":"standard","meta":{"rop_custom_images_group":[],"rop_custom_messages_group":[],"rop_publish_now":"initial","rop_publish_now_accounts":[],"rop_publish_now_history":[],"rop_publish_now_status":"pending","footnotes":""},"categories":[200,188],"tags":[],"class_list":["post-8385","post","type-post","status-publish","format-standard","has-post-thumbnail","hentry","category-cultura","category-indaiatuba"],"amp_enabled":true,"_links":{"self":[{"href":"https:\/\/imais.online\/portal\/wp-json\/wp\/v2\/posts\/8385","targetHints":{"allow":["GET"]}}],"collection":[{"href":"https:\/\/imais.online\/portal\/wp-json\/wp\/v2\/posts"}],"about":[{"href":"https:\/\/imais.online\/portal\/wp-json\/wp\/v2\/types\/post"}],"author":[{"embeddable":true,"href":"https:\/\/imais.online\/portal\/wp-json\/wp\/v2\/users\/7"}],"replies":[{"embeddable":true,"href":"https:\/\/imais.online\/portal\/wp-json\/wp\/v2\/comments?post=8385"}],"version-history":[{"count":2,"href":"https:\/\/imais.online\/portal\/wp-json\/wp\/v2\/posts\/8385\/revisions"}],"predecessor-version":[{"id":8389,"href":"https:\/\/imais.online\/portal\/wp-json\/wp\/v2\/posts\/8385\/revisions\/8389"}],"wp:featuredmedia":[{"embeddable":true,"href":"https:\/\/imais.online\/portal\/wp-json\/wp\/v2\/media\/8386"}],"wp:attachment":[{"href":"https:\/\/imais.online\/portal\/wp-json\/wp\/v2\/media?parent=8385"}],"wp:term":[{"taxonomy":"category","embeddable":true,"href":"https:\/\/imais.online\/portal\/wp-json\/wp\/v2\/categories?post=8385"},{"taxonomy":"post_tag","embeddable":true,"href":"https:\/\/imais.online\/portal\/wp-json\/wp\/v2\/tags?post=8385"}],"curies":[{"name":"wp","href":"https:\/\/api.w.org\/{rel}","templated":true}]}}