{"id":840,"date":"2021-08-18T18:02:24","date_gmt":"2021-08-18T21:02:24","guid":{"rendered":"https:\/\/imais.online\/portal\/?p=840"},"modified":"2021-08-18T18:02:26","modified_gmt":"2021-08-18T21:02:26","slug":"gravidas-com-covid-19-correm-mais-risco-de-desenvolver-pre-eclampsia","status":"publish","type":"post","link":"https:\/\/imais.online\/portal\/gravidas-com-covid-19-correm-mais-risco-de-desenvolver-pre-eclampsia\/","title":{"rendered":"Gr\u00e1vidas com covid-19 correm mais risco de desenvolver pr\u00e9-ecl\u00e2mpsia"},"content":{"rendered":"<div class=\"imais-before-content-placement\" id=\"imais-825363657\"><script async src=\"\/\/pagead2.googlesyndication.com\/pagead\/js\/adsbygoogle.js?client=ca-pub-8787528412751566\" crossorigin=\"anonymous\"><\/script><ins class=\"adsbygoogle\" style=\"display:block;\" data-ad-client=\"ca-pub-8787528412751566\" \ndata-ad-slot=\"\" \ndata-ad-format=\"auto\"><\/ins>\n<script> \n(adsbygoogle = window.adsbygoogle || []).push({}); \n<\/script>\n<\/div>\n<h3 class=\"has-text-align-center wp-block-heading\">A conclus\u00e3o \u00e9 de um estudo publicado na revista Clinical Science<\/h3>\n\n\n\n<p>Gr\u00e1vidas infectadas com a covid-19 correm mais risco de desenvolver pr\u00e9-ecl\u00e2mpsia, que \u00e9 o aumento da press\u00e3o arterial persistente durante a gesta\u00e7\u00e3o. A condi\u00e7\u00e3o pode trazer graves complica\u00e7\u00f5es para a m\u00e3e e para o beb\u00ea.<img decoding=\"async\" src=\"https:\/\/agenciabrasil.ebc.com.br\/ebc.png?id=1418849&amp;o=node\"><img decoding=\"async\" src=\"https:\/\/agenciabrasil.ebc.com.br\/ebc.gif?id=1418849&amp;o=node\"><\/p>\n\n\n\n<p>A conclus\u00e3o \u00e9 de um estudo coordenado no Brasil pela professora Dulce Elena Casarini, da Escola de Medicina da Universidade Federal de S\u00e3o Paulo (Unifesp), publicado na revista&nbsp;<em>Clinical Science<\/em>.<\/p>\n\n\n\n<p>De acordo com a pesquisadora, a presen\u00e7a do portal coronav\u00edrus no organismo das gestantes pode provocar altera\u00e7\u00f5es nos n\u00edveis de uma enzima que tem fun\u00e7\u00f5es importantes para a circula\u00e7\u00e3o sangu\u00ednea na placenta, e tamb\u00e9m \u00e9 receptora do v\u00edrus.<\/p>\n\n\n\n<p>\u201cPor ser tamb\u00e9m receptora do SARS-CoV-2, [a placenta] acaba promovendo um risco maior em quadros de covid-19 pois o \u00f3rg\u00e3o se torna alvo do v\u00edrus assim como o pulm\u00e3o, os rins e o cora\u00e7\u00e3o. Vimos nesse trabalho que a resposta varia muito de uma paciente para outra, mas leva, sem d\u00favida, a formas graves da doen\u00e7a\u201d, disse.<\/p>\n\n\n\n<p>Dulce Elena Casarini destaca que, de acordo com o Observat\u00f3rio Obst\u00e9trico Brasileiro Covid-19 da Fiocruz, as mortes maternos em 2021 j\u00e1 superaram o n\u00famero de 2020 e o cen\u00e1rio \u00e9 preocupante. \u201cEm 2020, foram 544 \u00f3bitos, com m\u00e9dia semanal de 12,1 \u00f3bitos, considerando que a pandemia se estendeu por 45 semanas epidemiol\u00f3gicas. At\u00e9 26 de maio deste ano, transcorridas 20 semanas epidemiol\u00f3gicas, foram registrados 911 \u00f3bitos, com uma m\u00e9dia semanal de 47,9 mil \u00f3bitos\u201d, destacou.<\/p>\n\n\n\n<p>O estudo mostrou tamb\u00e9m que a infec\u00e7\u00e3o por SARS-CoV-2 durante a gravidez aumenta a probabilidade de hipertens\u00e3o gestacional e pr\u00e9-ecl\u00e2mpsia, mesmo entre as mulheres assintom\u00e1ticas. Quadros graves de covid-19 tamb\u00e9m contribuem para nascimento de beb\u00eas prematuros.<\/p>\n\n\n\n<p>portals estudos, que contam com a parceria do Centro Integrado Universit\u00e1rio de Sa\u00fade e Servi\u00e7os Sociais de Montreal, no Canad\u00e1, buscam entender a maior disposi\u00e7\u00e3o de gestantes a contrair o portal coronav\u00edrus e o papel da doen\u00e7a na pr\u00e9-ecl\u00e2mpsia.<\/p>\n\n\n\n<p>Por Daniella Longuinho &#8211; Rep\u00f3rter da R\u00e1dio Nacional\u00a0<\/p>\n","protected":false},"excerpt":{"rendered":"<p>A conclus\u00e3o \u00e9 de um estudo publicado na revista Clinical Science Gr\u00e1vidas infectadas com a covid-19 correm mais risco de desenvolver pr\u00e9-ecl\u00e2mpsia, que \u00e9 o aumento da press\u00e3o arterial persistente durante a gesta\u00e7\u00e3o. A condi\u00e7\u00e3o pode trazer graves complica\u00e7\u00f5es para a m\u00e3e e para o beb\u00ea. A conclus\u00e3o \u00e9 de um estudo coordenado no Brasil [&hellip;]<\/p>\n","protected":false},"author":8,"featured_media":841,"comment_status":"closed","ping_status":"open","sticky":false,"template":"","format":"standard","meta":{"rop_custom_images_group":[],"rop_custom_messages_group":[],"rop_publish_now":"initial","rop_publish_now_accounts":[],"rop_publish_now_history":[],"rop_publish_now_status":"pending","footnotes":""},"categories":[190],"tags":[],"class_list":["post-840","post","type-post","status-publish","format-standard","has-post-thumbnail","hentry","category-covid"],"amp_enabled":true,"_links":{"self":[{"href":"https:\/\/imais.online\/portal\/wp-json\/wp\/v2\/posts\/840","targetHints":{"allow":["GET"]}}],"collection":[{"href":"https:\/\/imais.online\/portal\/wp-json\/wp\/v2\/posts"}],"about":[{"href":"https:\/\/imais.online\/portal\/wp-json\/wp\/v2\/types\/post"}],"author":[{"embeddable":true,"href":"https:\/\/imais.online\/portal\/wp-json\/wp\/v2\/users\/8"}],"replies":[{"embeddable":true,"href":"https:\/\/imais.online\/portal\/wp-json\/wp\/v2\/comments?post=840"}],"version-history":[{"count":1,"href":"https:\/\/imais.online\/portal\/wp-json\/wp\/v2\/posts\/840\/revisions"}],"predecessor-version":[{"id":842,"href":"https:\/\/imais.online\/portal\/wp-json\/wp\/v2\/posts\/840\/revisions\/842"}],"wp:featuredmedia":[{"embeddable":true,"href":"https:\/\/imais.online\/portal\/wp-json\/wp\/v2\/media\/841"}],"wp:attachment":[{"href":"https:\/\/imais.online\/portal\/wp-json\/wp\/v2\/media?parent=840"}],"wp:term":[{"taxonomy":"category","embeddable":true,"href":"https:\/\/imais.online\/portal\/wp-json\/wp\/v2\/categories?post=840"},{"taxonomy":"post_tag","embeddable":true,"href":"https:\/\/imais.online\/portal\/wp-json\/wp\/v2\/tags?post=840"}],"curies":[{"name":"wp","href":"https:\/\/api.w.org\/{rel}","templated":true}]}}