{"id":8425,"date":"2022-08-04T07:15:28","date_gmt":"2022-08-04T10:15:28","guid":{"rendered":"https:\/\/imais.online\/portal\/?p=8425"},"modified":"2022-08-04T07:15:31","modified_gmt":"2022-08-04T10:15:31","slug":"sao-paulo-passa-a-contar-hoje-com-sinal-5g","status":"publish","type":"post","link":"https:\/\/imais.online\/portal\/sao-paulo-passa-a-contar-hoje-com-sinal-5g\/","title":{"rendered":"S\u00e3o Paulo passa a contar, hoje, com sinal 5G"},"content":{"rendered":"<div class=\"imais-before-content-placement\" id=\"imais-161085017\"><script async src=\"\/\/pagead2.googlesyndication.com\/pagead\/js\/adsbygoogle.js?client=ca-pub-8787528412751566\" crossorigin=\"anonymous\"><\/script><ins class=\"adsbygoogle\" style=\"display:block;\" data-ad-client=\"ca-pub-8787528412751566\" \ndata-ad-slot=\"\" \ndata-ad-format=\"auto\"><\/ins>\n<script> \n(adsbygoogle = window.adsbygoogle || []).push({}); \n<\/script>\n<\/div>\n<p class=\"has-text-align-center\">Cobertura deve atingir, no in\u00edcio, 25% da \u00e1rea urbana da cidade<\/p>\n\n\n\n<p>A partir de hoje (4), a cidade de S\u00e3o Paulo passa a contar com o sinal de telefonia 5G. Segundo a Ag\u00eancia Nacional de Telecomunica\u00e7\u00f5es (Anatel), a ativa\u00e7\u00e3o do sinal ocorreu devido ao n\u00famero expressivo de pedidos para instala\u00e7\u00e3o de antenas de 5G, o que superou o previsto no edital que autorizou o uso da nova tecnologia.<img decoding=\"async\" src=\"https:\/\/agenciabrasil.ebc.com.br\/ebc.png?id=1474430&amp;o=node\"><img decoding=\"async\" src=\"https:\/\/agenciabrasil.ebc.com.br\/ebc.gif?id=1474430&amp;o=node\"><\/p>\n\n\n\n<p>De acordo com as regras do edital, nessa primeira fase seriam necess\u00e1rias, no m\u00ednimo, 462 esta\u00e7\u00f5es ativadas at\u00e9 o dia 29 de setembro. Ocorre que, at\u00e9 a \u00faltima ter\u00e7a-feira (2), a ag\u00eancia reguladora j\u00e1 havia recebido 1.378 pedidos de licenciamento na faixa de 3,5 GHz. O n\u00famero corresponde a quase o triplo de antenas que deveriam ser instaladas na cidade at\u00e9 o final do ano.<\/p>\n\n\n\n<p>Por isso, o Grupo de Acompanhamento da Implanta\u00e7\u00e3o das Solu\u00e7\u00f5es para os Problemas de Interfer\u00eancia (Gaispi), ligado a Anatel e respons\u00e1vel pela ativa\u00e7\u00e3o do sinal, resolveu liberar&nbsp;<a href=\"http:\/\/agenciabrasil.ebc.com.br\/geral\/noticia\/2022-08\/sao-paulo-tera-sinal-5g-partir-de-quinta-feira\" target=\"_blank\" rel=\"noreferrer noopener\">o 5G<\/a>&nbsp;na capital paulista.<\/p>\n\n\n\n<p>Segundo o grupo, as antenas possibilitam antecipar a chamada limpeza do espectro na faixa de 3,5 Giga-hertz (GHz) para o funcionamento do 5G puro, o standalone [independente]. A avalia\u00e7\u00e3o do Gaispi \u00e9 que, como os pedidos superaram a quantidade prevista no edital, n\u00e3o haver\u00e1 problemas de interfer\u00eancia no sinal de antena parab\u00f3lica, tamb\u00e9m na faixa de 3,5GHz.<\/p>\n\n\n\n<h2 class=\"wp-block-heading\">\u00c1rea urbana<\/h2>\n\n\n\n<p>A estimativa \u00e9 que a cobertura do sinal 5G deve atingir, no primeiro momento, 25% da \u00e1rea urbana de S\u00e3o Paulo.<\/p>\n\n\n\n<p>&#8220;A maior concentra\u00e7\u00e3o de antenas est\u00e1 no Centro Hist\u00f3rico, na regi\u00e3o da Avenida Paulista e Itaim Bibi. J\u00e1 os bairros da Aclima\u00e7\u00e3o, da Mooca e do Br\u00e1s, por exemplo, ter\u00e3o cobertura menor no in\u00edcio do processo&#8221;, informou a Anatel.<\/p>\n\n\n\n<p>A ag\u00eancia informou ainda que foram instalados equipamentos para evitar interfer\u00eancias em 226 esta\u00e7\u00f5es do Servi\u00e7o Fixo por Sat\u00e9lite (FSS) e realizados testes para confirmar a opera\u00e7\u00e3o livre de interfer\u00eancias.<\/p>\n\n\n\n<p>A velocidade 5G pode chegar a ser at\u00e9 20 vezes maior que a do 4G. A ativa\u00e7\u00e3o da tecnologia em S\u00e3o Paulo ocorre ap\u00f3s sua&nbsp;<a href=\"http:\/\/agenciabrasil.ebc.com.br\/geral\/noticia\/2022-07\/sinal-5g-chega-hoje-belo-horizonte-joao-pessoa-e-porto-alegre\" target=\"_blank\" rel=\"noreferrer noopener\">chegada nas cidades&nbsp;<\/a>de Bras\u00edlia, Belo Horizonte, Jo\u00e3o Pessoa e Porto Alegre.<\/p>\n\n\n\n<h2 class=\"wp-block-heading\">Edital<\/h2>\n\n\n\n<p>Inicialmente, o edital do leil\u00e3o 5G previa que a infraestrutura necess\u00e1ria \u00e0 ativa\u00e7\u00e3o do sinal deveria ocorrer at\u00e9 31 de julho em todas as capitais, mas o pr\u00f3prio Gaispi pediu \u00e0 Anatel que o prazo fosse prorrogado por 60 dias a fim de contornar problemas log\u00edsticos que atrasaram a entrega de equipamentos importados da China.<\/p>\n\n\n\n<p>Pelas regras do edital, as operadoras de telefonia m\u00f3vel que participaram do certame t\u00eam at\u00e9 29 de setembro para cumprir a primeira exig\u00eancia de no m\u00ednimo uma antena de tecnologia de 5G para cada 100 mil habitantes nas capitais brasileiras. O adensamento da cobertura de 5G em 3,5 GHz nas capitais deve ser conclu\u00eddo at\u00e9 julho de 2025, devendo a nova tecnologia estar presente em todos os munic\u00edpios at\u00e9 2029.<\/p>\n\n\n\n<p>Na semana passada,<a href=\"http:\/\/agenciabrasil.ebc.com.br\/politica\/noticia\/2022-07\/sancionada-lei-que-facilita-instalacao-de-antenas-5g\" target=\"_blank\" rel=\"noreferrer noopener\">&nbsp;foi sancionada a Lei 14.424\/2022&nbsp;<\/a>que autoriza as operadoras de telefonia a instalarem infraestrutura de telecomunica\u00e7\u00f5es em \u00e1reas urbanas, caso o \u00f3rg\u00e3o competente n\u00e3o se manifeste sobre o pedido em 60 dias. Conhecida como sil\u00eancio positivo, a autoriza\u00e7\u00e3o deve facilitar a implanta\u00e7\u00e3o das antenas 5G de internet no Brasil.<\/p>\n\n\n\n<h2 class=\"wp-block-heading\">Interfer\u00eancias<\/h2>\n\n\n\n<p>Para contornar poss\u00edveis interfer\u00eancias causadas a pessoas que utilizam antenas parab\u00f3licas da chamada Banda C, a Entidade Administradora da Faixa (EAF) da Anatel criou um programa para distribuir, gratuitamente, a fam\u00edlias carentes das capitais brasileiras registradas no&nbsp;<a href=\"https:\/\/cadunico.dataprev.gov.br\/#\/\" target=\"_blank\" rel=\"noreferrer noopener\">Cadastro \u00danico para Programas Sociais<\/a>&nbsp;do governo federal, kits contendo novas antenas digitais, conversores e cabos. O pedido do kit e a instala\u00e7\u00e3o dos aparelhos podem ser feitos por meio do&nbsp;<a href=\"http:\/\/sigaantenado.com.br\/distribuicao-kits\/#criterios\" target=\"_blank\" rel=\"noreferrer noopener\">site<\/a>&nbsp;do Programa de Distribui\u00e7\u00e3o de Kits, criado pela EFA.<\/p>\n","protected":false},"excerpt":{"rendered":"<p>Cobertura deve atingir, no in\u00edcio, 25% da \u00e1rea urbana da cidade A partir de hoje (4), a cidade de S\u00e3o Paulo passa a contar com o sinal de telefonia 5G. Segundo a Ag\u00eancia Nacional de Telecomunica\u00e7\u00f5es (Anatel), a ativa\u00e7\u00e3o do sinal ocorreu devido ao n\u00famero expressivo de pedidos para instala\u00e7\u00e3o de antenas de 5G, o [&hellip;]<\/p>\n","protected":false},"author":7,"featured_media":8426,"comment_status":"closed","ping_status":"open","sticky":false,"template":"","format":"standard","meta":{"rop_custom_images_group":[],"rop_custom_messages_group":[],"rop_publish_now":"initial","rop_publish_now_accounts":[],"rop_publish_now_history":[],"rop_publish_now_status":"pending","footnotes":""},"categories":[195],"tags":[73],"class_list":["post-8425","post","type-post","status-publish","format-standard","has-post-thumbnail","hentry","category-sao-paulo","tag-featured"],"amp_enabled":true,"_links":{"self":[{"href":"https:\/\/imais.online\/portal\/wp-json\/wp\/v2\/posts\/8425","targetHints":{"allow":["GET"]}}],"collection":[{"href":"https:\/\/imais.online\/portal\/wp-json\/wp\/v2\/posts"}],"about":[{"href":"https:\/\/imais.online\/portal\/wp-json\/wp\/v2\/types\/post"}],"author":[{"embeddable":true,"href":"https:\/\/imais.online\/portal\/wp-json\/wp\/v2\/users\/7"}],"replies":[{"embeddable":true,"href":"https:\/\/imais.online\/portal\/wp-json\/wp\/v2\/comments?post=8425"}],"version-history":[{"count":1,"href":"https:\/\/imais.online\/portal\/wp-json\/wp\/v2\/posts\/8425\/revisions"}],"predecessor-version":[{"id":8427,"href":"https:\/\/imais.online\/portal\/wp-json\/wp\/v2\/posts\/8425\/revisions\/8427"}],"wp:featuredmedia":[{"embeddable":true,"href":"https:\/\/imais.online\/portal\/wp-json\/wp\/v2\/media\/8426"}],"wp:attachment":[{"href":"https:\/\/imais.online\/portal\/wp-json\/wp\/v2\/media?parent=8425"}],"wp:term":[{"taxonomy":"category","embeddable":true,"href":"https:\/\/imais.online\/portal\/wp-json\/wp\/v2\/categories?post=8425"},{"taxonomy":"post_tag","embeddable":true,"href":"https:\/\/imais.online\/portal\/wp-json\/wp\/v2\/tags?post=8425"}],"curies":[{"name":"wp","href":"https:\/\/api.w.org\/{rel}","templated":true}]}}