{"id":8428,"date":"2022-08-04T07:31:42","date_gmt":"2022-08-04T10:31:42","guid":{"rendered":"https:\/\/imais.online\/portal\/?p=8428"},"modified":"2022-08-04T07:31:44","modified_gmt":"2022-08-04T10:31:44","slug":"participante-do-bake-off-brasil-faz-aula-show-em-indaiatuba","status":"publish","type":"post","link":"https:\/\/imais.online\/portal\/participante-do-bake-off-brasil-faz-aula-show-em-indaiatuba\/","title":{"rendered":"Participante do Bake Off Brasil faz aula-show em Indaiatuba"},"content":{"rendered":"<div class=\"imais-before-content-placement\" id=\"imais-3342493200\"><script async src=\"\/\/pagead2.googlesyndication.com\/pagead\/js\/adsbygoogle.js?client=ca-pub-8787528412751566\" crossorigin=\"anonymous\"><\/script><ins class=\"adsbygoogle\" style=\"display:block;\" data-ad-client=\"ca-pub-8787528412751566\" \ndata-ad-slot=\"\" \ndata-ad-format=\"auto\"><\/ins>\n<script> \n(adsbygoogle = window.adsbygoogle || []).push({}); \n<\/script>\n<\/div>\n<p><a href=\"https:\/\/www.instagram.com\/apae.indaiatuba\/\" target=\"_blank\" rel=\"noreferrer noopener\">APAE Indaiatuba (Associa\u00e7\u00e3o de Pais e Amigos dos Excepcionais)<\/a>, contar\u00e1 com aulas-show gratuitas dos chefs Talita Gomes, participante confirmada no Bake Off Brasil, e Ab\u00edlio Pires.<\/p>\n\n\n\n<p>Anunciada como uma das confeiteiras selecionadas para a 8\u00aa temporada do <em><strong>Bake Off Brasil<\/strong><\/em> &#8211; reality show de confeitaria transmitido no SBT -, <a href=\"https:\/\/www.instagram.com\/talitabakeoff8\/\" target=\"_blank\" rel=\"noreferrer noopener\"><strong>Talita Gomes<\/strong><\/a> participar\u00e1 do Chef\u2019s pela APAE no dia 19, \u00e0s 18h30. Em sua aula-show, ela ensinar\u00e1 ao p\u00fablico como decorar bolos de festa de forma r\u00e1pida e pr\u00e1tica. O pr\u00f3ximo momento de aprendizado ser\u00e1 no dia 21, \u00e0s 16h, com o <strong>chef <a href=\"https:\/\/www.instagram.com\/abilio.pires96\/\" target=\"_blank\" rel=\"noreferrer noopener\">Ab\u00edlio Pires<\/a><\/strong>, que vai demonstrar como preparar uma torta de chocolate duo.<\/p>\n\n\n\n<p><strong>GASTRONOMIA<\/strong> Al\u00e9m de entender como preparar as receitas com os especialistas, o p\u00fablico tamb\u00e9m poder\u00e1 saborear, durante o festival, pratos de 17 estabelecimentos locais, com pre\u00e7os at\u00e9 R$45. A principal novidade do card\u00e1pio desta edi\u00e7\u00e3o do Chefs pela APAE \u00e9 o ceviche, receita da culin\u00e1ria peruana, que ser\u00e1 apresentado pelo <strong>Boteco do Chile<\/strong>. Para quem est\u00e1 com saudade de del\u00edcias presentes em outras edi\u00e7\u00f5es, o famoso risotto do restaurante <strong>Green House Gourmet<\/strong> estar\u00e1 de volta.&nbsp;<\/p>\n\n\n\n<p>O menu do evento trar\u00e1 ainda comida baiana, fettuccine, nhoque de batata, iscas de frango no palito e p\u00e3o sem gl\u00faten e lactose. E n\u00e3o para por a\u00ed: os vegetarianos e veganos n\u00e3o ficar\u00e3o de fora e poder\u00e3o curtir omeletes, tapiocas e lanches naturais. Dessa vez, tamb\u00e9m ser\u00e1 poss\u00edvel pedir embalagem para viagem e, no caso das massas, haver\u00e1 op\u00e7\u00f5es congeladas.&nbsp;<\/p>\n\n\n\n<p><strong>PROGRAMA\u00c7\u00c3O<\/strong> A abertura do festival acontece no dia 18, \u00e0s 19h30, com <strong>Jantar de Gala<\/strong> exclusivo e menu assinado por <strong>Lau Pinheiro Buffet<\/strong>. O evento tamb\u00e9m ser\u00e1 realizado no Espa\u00e7o Viber, e os convites podem ser adquiridos na APAE Indaiatuba, nas seguintes op\u00e7\u00f5es: entrada dupla no valor de R$430; e mesa de 6 pessoas no valor de R$1200. Bebidas alco\u00f3licas ser\u00e3o cobradas \u00e0 parte.&nbsp;<\/p>\n\n\n\n<p>Ap\u00f3s a noite do jantar, o Chef\u2019s pela APAE ser\u00e1 aberto ao p\u00fablico, com entrada solid\u00e1ria no valor de R$3 &#8211; que tamb\u00e9m ser\u00e1 revertida para a entidade. O hor\u00e1rio de funcionamento ser\u00e1: dia 19, das 18h \u00e0s 22h; dia 20, das 10h \u00e0s 22h; dia 21, das 10h \u00e0s 18h. Crian\u00e7as de at\u00e9 sete anos de idade e maiores de 60 anos n\u00e3o pagam.<\/p>\n\n\n\n<p>Vale ressaltar que, para participar de qualquer dia do evento, \u00e9 preciso apresentar o comprovante de vacina\u00e7\u00e3o contra a covid-19. A organiza\u00e7\u00e3o tamb\u00e9m disponibilizar\u00e1 \u00e1lcool em gel em locais estrat\u00e9gicos e haver\u00e1 controle de acesso.<\/p>\n\n\n\n<p>O <strong>Chefs pela APAE<\/strong> tem patroc\u00ednio de Lemasa, Monark Produ\u00e7\u00f5es, Polivisor, GTA Seguran\u00e7a, V&amp;S Servi\u00e7os de limpeza al\u00e9m do apoio da Prefeitura Municipal de Indaiatuba e da Marcia Paccor Decora\u00e7\u00f5es. A realiza\u00e7\u00e3o \u00e9 da APAE Indaiatuba. O Espa\u00e7o Viber est\u00e1 localizado \u00e0 avenida Almirante Tamandar\u00e9, 675, no bairro Cidade Nova II \u2014 Indaiatuba (SP). Mais informa\u00e7\u00f5es pelo telefone (19) 99712 7523.<\/p>\n\n\n\n<p><strong>ESTABELECIMENTOS CONFIRMADOS<\/strong><\/p>\n\n\n\n<p><a href=\"https:\/\/www.instagram.com\/botecodochileindaiatuba\" target=\"_blank\" rel=\"noreferrer noopener\"><strong>Boteco do Chil<\/strong><\/a><a href=\"https:\/\/www.instagram.com\/botecodochileindaiatuba\" target=\"_blank\" rel=\"noreferrer noopener\"><strong>e<\/strong><\/a><br><a href=\"https:\/\/www.instagram.com\/praiaburgeroficial\/\"><strong>Praia<\/strong> <strong>Burguer<\/strong><\/a><br><a href=\"https:\/\/www.instagram.com\/praiapizzaartesanal\/\" target=\"_blank\" rel=\"noreferrer noopener\"><strong>Praia Pizza<\/strong><\/a><br><a href=\"https:\/\/www.instagram.com\/saborcaseiromassaartesanal\/\" target=\"_blank\" rel=\"noreferrer noopener\"><strong>Sabor Caseiro<\/strong><\/a><br><a href=\"https:\/\/www.instagram.com\/pastificiovictorelli\/\" target=\"_blank\" rel=\"noreferrer noopener\"><strong>Pastif\u00edcio Victorelli<\/strong><\/a><br><a href=\"https:\/\/www.instagram.com\/sucaoindaiatuba_centro\/\"><strong>Suc\u00e3o Indaiatuba<\/strong><\/a><br><a href=\"\/www.instagram.com\/doceamorchurrosoficial\/\" target=\"_blank\" rel=\"noreferrer noopener\"><strong>Doce Amor Churros<\/strong><\/a><br><a href=\"https:\/\/www.instagram.com\/laupinheirobuffet\/\" target=\"_blank\" rel=\"noreferrer noopener\"><strong>Lau Pinheiro Buffet<\/strong><\/a><br><a href=\"https:\/\/www.instagram.com\/diskchoppdoalemao\/\" target=\"_blank\" rel=\"noreferrer noopener\"><strong>Disk Chopp do Alem\u00e3o<\/strong><\/a><br><a href=\"https:\/\/www.instagram.com\/oximainha\/\" target=\"_blank\" rel=\"noreferrer noopener\"><strong>Oxi Mainha<\/strong><\/a><br><a href=\"https:\/\/www.instagram.com\/vecchiaemiliammxvi\" target=\"_blank\" rel=\"noreferrer noopener\"><strong>Vecchia Em\u00edlia<\/strong><\/a><br><strong><a href=\"https:\/\/instagram.com\/caravanagipsywine%20\" target=\"_blank\" rel=\"noreferrer noopener\">Gipsy Wine&nbsp;<\/a> <\/strong><strong><br><a href=\"https:\/\/instagram.com\/caminhonetaburger\" target=\"_blank\" rel=\"noreferrer noopener\">Caminhoneta Burger&nbsp;<\/a><\/strong><br><strong><a href=\"https:\/\/www.instagram.com\/butiquimdogauchoindaiatuba\" target=\"_blank\" rel=\"noreferrer noopener\">Butiquim do Gaucho&nbsp;<\/a><\/strong><br><strong><a href=\"https:\/\/www.instagram.com\/greenhouse_gourmet\/\">Green House Gourmet<\/a> <\/strong><strong><br><a href=\"https:\/\/instagram.com\/espetinhodojuan\" target=\"_blank\" rel=\"noreferrer noopener\">E<\/a><a href=\"https:\/\/instagram.com\/espetinhodojuan\" target=\"_blank\" rel=\"noreferrer noopener\">spetinhos do Juan<\/a><br>Ichiban<\/strong><\/p>\n\n\n\n<p><strong>SERVI\u00c7O<\/strong><strong><br><\/strong><strong>3\u00ba Chefs pela APAE<\/strong><\/p>\n\n\n\n<p><strong>Jantar de Gala: <\/strong>18 de agosto | <strong>Hor\u00e1rio<\/strong>: 19h30<br><strong>Ingressos<\/strong>: convite duplo R$430 | M\u00eas 6 pessoas R$1200<br><br><strong>Festival aberto ao p\u00fablico: <\/strong>19 a 21 de agosto<br><strong>Hor\u00e1rios<\/strong>: 18h \u00e0s 22h (sexta) \/ 10h \u00e0s 22h (s\u00e1bado) \/ 10h \u00e0s 18h (domingo)<br><strong>Ingressos<\/strong>: Entrada solid\u00e1ria R$3<br><br><strong>Estacionamento gratuito<\/strong><br><strong>Local<\/strong>: Espa\u00e7o Viber &#8211; avenida Almirante Tamandar\u00e9, 675, bairro Cidade Nova II &#8211; Indaiatuba (SP) &#8211; <a href=\"https:\/\/goo.gl\/maps\/wmijB7CLXg2KAZJDA\">MAPA AQUI<\/a><br><strong>Informa\u00e7\u00f5es: (19) 99712 7523 | <a href=\"mailto:eventos@apaeindaiatuba.org.br\">eventos@apaeindaiatuba.org.br<\/a><\/strong><\/p>\n","protected":false},"excerpt":{"rendered":"<p>APAE Indaiatuba (Associa\u00e7\u00e3o de Pais e Amigos dos Excepcionais), contar\u00e1 com aulas-show gratuitas dos chefs Talita Gomes, participante confirmada no Bake Off Brasil, e Ab\u00edlio Pires. Anunciada como uma das confeiteiras selecionadas para a 8\u00aa temporada do Bake Off Brasil &#8211; reality show de confeitaria transmitido no SBT -, Talita Gomes participar\u00e1 do Chef\u2019s pela [&hellip;]<\/p>\n","protected":false},"author":7,"featured_media":8429,"comment_status":"closed","ping_status":"open","sticky":false,"template":"","format":"standard","meta":{"rop_custom_images_group":[],"rop_custom_messages_group":[],"rop_publish_now":"initial","rop_publish_now_accounts":[],"rop_publish_now_history":[],"rop_publish_now_status":"pending","footnotes":""},"categories":[188],"tags":[],"class_list":["post-8428","post","type-post","status-publish","format-standard","has-post-thumbnail","hentry","category-indaiatuba"],"amp_enabled":true,"_links":{"self":[{"href":"https:\/\/imais.online\/portal\/wp-json\/wp\/v2\/posts\/8428","targetHints":{"allow":["GET"]}}],"collection":[{"href":"https:\/\/imais.online\/portal\/wp-json\/wp\/v2\/posts"}],"about":[{"href":"https:\/\/imais.online\/portal\/wp-json\/wp\/v2\/types\/post"}],"author":[{"embeddable":true,"href":"https:\/\/imais.online\/portal\/wp-json\/wp\/v2\/users\/7"}],"replies":[{"embeddable":true,"href":"https:\/\/imais.online\/portal\/wp-json\/wp\/v2\/comments?post=8428"}],"version-history":[{"count":1,"href":"https:\/\/imais.online\/portal\/wp-json\/wp\/v2\/posts\/8428\/revisions"}],"predecessor-version":[{"id":8430,"href":"https:\/\/imais.online\/portal\/wp-json\/wp\/v2\/posts\/8428\/revisions\/8430"}],"wp:featuredmedia":[{"embeddable":true,"href":"https:\/\/imais.online\/portal\/wp-json\/wp\/v2\/media\/8429"}],"wp:attachment":[{"href":"https:\/\/imais.online\/portal\/wp-json\/wp\/v2\/media?parent=8428"}],"wp:term":[{"taxonomy":"category","embeddable":true,"href":"https:\/\/imais.online\/portal\/wp-json\/wp\/v2\/categories?post=8428"},{"taxonomy":"post_tag","embeddable":true,"href":"https:\/\/imais.online\/portal\/wp-json\/wp\/v2\/tags?post=8428"}],"curies":[{"name":"wp","href":"https:\/\/api.w.org\/{rel}","templated":true}]}}