{"id":8432,"date":"2022-08-04T10:57:48","date_gmt":"2022-08-04T13:57:48","guid":{"rendered":"https:\/\/imais.online\/portal\/?p=8432"},"modified":"2022-08-04T10:57:50","modified_gmt":"2022-08-04T13:57:50","slug":"guarda-civil-de-indaiatuba-detem-adolescente-por-envolvimento-com-o-trafico-de-drogas","status":"publish","type":"post","link":"https:\/\/imais.online\/portal\/guarda-civil-de-indaiatuba-detem-adolescente-por-envolvimento-com-o-trafico-de-drogas\/","title":{"rendered":"Guarda Civil de Indaiatuba det\u00e9m adolescente por envolvimento com o tr\u00e1fico de drogas"},"content":{"rendered":"<div class=\"imais-before-content-placement\" id=\"imais-1791014888\"><script async src=\"\/\/pagead2.googlesyndication.com\/pagead\/js\/adsbygoogle.js?client=ca-pub-8787528412751566\" crossorigin=\"anonymous\"><\/script><ins class=\"adsbygoogle\" style=\"display:block;\" data-ad-client=\"ca-pub-8787528412751566\" \ndata-ad-slot=\"\" \ndata-ad-format=\"auto\"><\/ins>\n<script> \n(adsbygoogle = window.adsbygoogle || []).push({}); \n<\/script>\n<\/div>\n<p class=\"has-text-align-center\"><strong><em>Den\u00fancia an\u00f4nima levou guardas civis at\u00e9 o local onde a droga estava escondida<\/em><\/strong><\/p>\n\n\n\n<p>A Guarda Civil de Indaiatuba deteve um jovem de 17 anos na tarde de segunda-feira (01), pelo envolvimento com o tr\u00e1fico de drogas. O fato ocorreu na Avenida Engenheiro F\u00e1bio Roberto Barnab\u00e9, no Jardim Morada do Sol.<\/p>\n\n\n\n<p>Uma den\u00fancia ao COI (Centro de Opera\u00e7\u00f5es e Intelig\u00eancia) relatava um jovem realizando o tr\u00e1fico de drogas no Parque Ecol\u00f3gico, escondendo o entorpecente embaixo da passarela que liga as Ruas Fortunato R\u00e9 e Cleante Lan\u00e7oni. Com base nas informa\u00e7\u00f5es, o COI enviou a equipe Romi com o apoio do Canil at\u00e9 o local.<\/p>\n\n\n\n<p>Ao notar a aproxima\u00e7\u00e3o da equipe um adolescente com as caracter\u00edsticas id\u00eanticas as da den\u00fancia, dispensou uma sacola com sete microtubos de coca\u00edna e tentou correr. Ele foi detido e com ele os agentes encontraram mais quatro por\u00e7\u00f5es de maconha e R$81,10. No local informado pelo denunciante a equipe do Canil localizou 15 microtubos com coca\u00edna escondidos.<\/p>\n\n\n\n<p>Diante dos fatos toda a droga localizada, o adolescente e seu respons\u00e1vel legal, foram apresentados no 1\u00ba distrito policial.<\/p>\n","protected":false},"excerpt":{"rendered":"<p>Den\u00fancia an\u00f4nima levou guardas civis at\u00e9 o local onde a droga estava escondida A Guarda Civil de Indaiatuba deteve um jovem de 17 anos na tarde de segunda-feira (01), pelo envolvimento com o tr\u00e1fico de drogas. O fato ocorreu na Avenida Engenheiro F\u00e1bio Roberto Barnab\u00e9, no Jardim Morada do Sol. Uma den\u00fancia ao COI (Centro [&hellip;]<\/p>\n","protected":false},"author":7,"featured_media":8433,"comment_status":"closed","ping_status":"open","sticky":false,"template":"","format":"standard","meta":{"rop_custom_images_group":[],"rop_custom_messages_group":[],"rop_publish_now":"initial","rop_publish_now_accounts":[],"rop_publish_now_history":[],"rop_publish_now_status":"pending","footnotes":""},"categories":[188,199],"tags":[],"class_list":["post-8432","post","type-post","status-publish","format-standard","has-post-thumbnail","hentry","category-indaiatuba","category-policia"],"amp_enabled":true,"_links":{"self":[{"href":"https:\/\/imais.online\/portal\/wp-json\/wp\/v2\/posts\/8432","targetHints":{"allow":["GET"]}}],"collection":[{"href":"https:\/\/imais.online\/portal\/wp-json\/wp\/v2\/posts"}],"about":[{"href":"https:\/\/imais.online\/portal\/wp-json\/wp\/v2\/types\/post"}],"author":[{"embeddable":true,"href":"https:\/\/imais.online\/portal\/wp-json\/wp\/v2\/users\/7"}],"replies":[{"embeddable":true,"href":"https:\/\/imais.online\/portal\/wp-json\/wp\/v2\/comments?post=8432"}],"version-history":[{"count":1,"href":"https:\/\/imais.online\/portal\/wp-json\/wp\/v2\/posts\/8432\/revisions"}],"predecessor-version":[{"id":8434,"href":"https:\/\/imais.online\/portal\/wp-json\/wp\/v2\/posts\/8432\/revisions\/8434"}],"wp:featuredmedia":[{"embeddable":true,"href":"https:\/\/imais.online\/portal\/wp-json\/wp\/v2\/media\/8433"}],"wp:attachment":[{"href":"https:\/\/imais.online\/portal\/wp-json\/wp\/v2\/media?parent=8432"}],"wp:term":[{"taxonomy":"category","embeddable":true,"href":"https:\/\/imais.online\/portal\/wp-json\/wp\/v2\/categories?post=8432"},{"taxonomy":"post_tag","embeddable":true,"href":"https:\/\/imais.online\/portal\/wp-json\/wp\/v2\/tags?post=8432"}],"curies":[{"name":"wp","href":"https:\/\/api.w.org\/{rel}","templated":true}]}}