{"id":8435,"date":"2022-08-04T10:59:54","date_gmt":"2022-08-04T13:59:54","guid":{"rendered":"https:\/\/imais.online\/portal\/?p=8435"},"modified":"2022-08-04T10:59:55","modified_gmt":"2022-08-04T13:59:55","slug":"guarda-civil-de-indaiatuba-apreende-77-porcoes-de-drogas-no-jardim-sao-conrado","status":"publish","type":"post","link":"https:\/\/imais.online\/portal\/guarda-civil-de-indaiatuba-apreende-77-porcoes-de-drogas-no-jardim-sao-conrado\/","title":{"rendered":"Guarda Civil de Indaiatuba apreende 77 por\u00e7\u00f5es de drogas no Jardim S\u00e3o Conrado"},"content":{"rendered":"<div class=\"imais-before-content-placement\" id=\"imais-516395841\"><script async src=\"\/\/pagead2.googlesyndication.com\/pagead\/js\/adsbygoogle.js?client=ca-pub-8787528412751566\" crossorigin=\"anonymous\"><\/script><ins class=\"adsbygoogle\" style=\"display:block;\" data-ad-client=\"ca-pub-8787528412751566\" \ndata-ad-slot=\"\" \ndata-ad-format=\"auto\"><\/ins>\n<script> \n(adsbygoogle = window.adsbygoogle || []).push({}); \n<\/script>\n<\/div>\n<p class=\"has-text-align-center\"><strong><em>Zeus, o c\u00e3o de faro da GCI, localizou embalagem suspeita onde os guardas encontraram as drogas<\/em><\/strong><\/p>\n\n\n\n<p>A Guarda Civil de Indaiatuba retirou das ruas 77 por\u00e7\u00f5es de drogas em uma ocorr\u00eancia de averigua\u00e7\u00e3o na segunda-feira (01). O caso aconteceu na Rua Doutor Raul David do Valle, no Jardim S\u00e3o Conrado.<\/p>\n\n\n\n<p>A equipe do Canil 139 realizava o patrulhamento preventivo do bairro, quando os guardas optaram por averiguar um local conhecido por ser utilizado por indiv\u00edduos que fazem a merc\u00e2ncia de drogas. Os agentes utilizaram o c\u00e3o de faro Zeus que localizou dentro de um terreno baldio uma embalagem pl\u00e1stica suspeita.<\/p>\n\n\n\n<p>Ao averiguar o conte\u00fado da embalagem, os agentes encontraram 21 microtubos com coca\u00edna e 56 pedras de crack. Toda a droga foi apresentada e apreendida no plant\u00e3o policial.<\/p>\n\n\n\n<p><\/p>\n","protected":false},"excerpt":{"rendered":"<p>Zeus, o c\u00e3o de faro da GCI, localizou embalagem suspeita onde os guardas encontraram as drogas A Guarda Civil de Indaiatuba retirou das ruas 77 por\u00e7\u00f5es de drogas em uma ocorr\u00eancia de averigua\u00e7\u00e3o na segunda-feira (01). O caso aconteceu na Rua Doutor Raul David do Valle, no Jardim S\u00e3o Conrado. A equipe do Canil 139 [&hellip;]<\/p>\n","protected":false},"author":7,"featured_media":8436,"comment_status":"closed","ping_status":"open","sticky":false,"template":"","format":"standard","meta":{"rop_custom_images_group":[],"rop_custom_messages_group":[],"rop_publish_now":"initial","rop_publish_now_accounts":[],"rop_publish_now_history":[],"rop_publish_now_status":"pending","footnotes":""},"categories":[188,199],"tags":[73],"class_list":["post-8435","post","type-post","status-publish","format-standard","has-post-thumbnail","hentry","category-indaiatuba","category-policia","tag-featured"],"amp_enabled":true,"_links":{"self":[{"href":"https:\/\/imais.online\/portal\/wp-json\/wp\/v2\/posts\/8435","targetHints":{"allow":["GET"]}}],"collection":[{"href":"https:\/\/imais.online\/portal\/wp-json\/wp\/v2\/posts"}],"about":[{"href":"https:\/\/imais.online\/portal\/wp-json\/wp\/v2\/types\/post"}],"author":[{"embeddable":true,"href":"https:\/\/imais.online\/portal\/wp-json\/wp\/v2\/users\/7"}],"replies":[{"embeddable":true,"href":"https:\/\/imais.online\/portal\/wp-json\/wp\/v2\/comments?post=8435"}],"version-history":[{"count":1,"href":"https:\/\/imais.online\/portal\/wp-json\/wp\/v2\/posts\/8435\/revisions"}],"predecessor-version":[{"id":8437,"href":"https:\/\/imais.online\/portal\/wp-json\/wp\/v2\/posts\/8435\/revisions\/8437"}],"wp:featuredmedia":[{"embeddable":true,"href":"https:\/\/imais.online\/portal\/wp-json\/wp\/v2\/media\/8436"}],"wp:attachment":[{"href":"https:\/\/imais.online\/portal\/wp-json\/wp\/v2\/media?parent=8435"}],"wp:term":[{"taxonomy":"category","embeddable":true,"href":"https:\/\/imais.online\/portal\/wp-json\/wp\/v2\/categories?post=8435"},{"taxonomy":"post_tag","embeddable":true,"href":"https:\/\/imais.online\/portal\/wp-json\/wp\/v2\/tags?post=8435"}],"curies":[{"name":"wp","href":"https:\/\/api.w.org\/{rel}","templated":true}]}}