{"id":8438,"date":"2022-08-04T14:17:11","date_gmt":"2022-08-04T17:17:11","guid":{"rendered":"https:\/\/imais.online\/portal\/?p=8438"},"modified":"2022-08-04T14:17:13","modified_gmt":"2022-08-04T17:17:13","slug":"recenseadores-realizam-visitas-nos-bairros-para-coletar-os-dados-do-censo-demografico-2022","status":"publish","type":"post","link":"https:\/\/imais.online\/portal\/recenseadores-realizam-visitas-nos-bairros-para-coletar-os-dados-do-censo-demografico-2022\/","title":{"rendered":"Recenseadores realizam visitas nos bairros para coletar os dados do Censo Demogr\u00e1fico 2022"},"content":{"rendered":"<div class=\"imais-before-content-placement\" id=\"imais-3579118691\"><script async src=\"\/\/pagead2.googlesyndication.com\/pagead\/js\/adsbygoogle.js?client=ca-pub-8787528412751566\" crossorigin=\"anonymous\"><\/script><ins class=\"adsbygoogle\" style=\"display:block;\" data-ad-client=\"ca-pub-8787528412751566\" \ndata-ad-slot=\"\" \ndata-ad-format=\"auto\"><\/ins>\n<script> \n(adsbygoogle = window.adsbygoogle || []).push({}); \n<\/script>\n<\/div>\n<p><em><small>Dados do Censo Demogr\u00e1fico tem como objetivo demonstrar a evolu\u00e7\u00e3o populacional de Indaiatuba<\/small><\/em><\/p>\n\n\n\n<p>A Prefeitura de Indaiatuba informa que o Instituto Brasileiro de Geografia e Estat\u00edstica (IBGE) &nbsp;iniciou nesta semana as visitas dos recenseadores do Censo Demogr\u00e1fico 2022, nos bairros do munic\u00edpio. &nbsp;Os agentes estar\u00e3o utilizando os crach\u00e1s de identifica\u00e7\u00e3o, al\u00e9m de colete com o logo do IBGE nas cores azul marinho com branco e bon\u00e9 com aba amarelo.&nbsp; Para coletar os dados estar\u00e3o portando um dispositivo m\u00f3vel.<\/p>\n\n\n\n<figure class=\"wp-block-image size-large\"><img loading=\"lazy\" decoding=\"async\" width=\"826\" height=\"1024\" src=\"https:\/\/imais.online\/portal\/wp-content\/uploads\/2022\/08\/image-826x1024.jpeg\" alt=\"\" class=\"wp-image-8439\" srcset=\"https:\/\/imais.online\/portal\/wp-content\/uploads\/2022\/08\/image-826x1024.jpeg 826w, https:\/\/imais.online\/portal\/wp-content\/uploads\/2022\/08\/image-242x300.jpeg 242w, https:\/\/imais.online\/portal\/wp-content\/uploads\/2022\/08\/image-768x953.jpeg 768w, https:\/\/imais.online\/portal\/wp-content\/uploads\/2022\/08\/image-1238x1536.jpeg 1238w, https:\/\/imais.online\/portal\/wp-content\/uploads\/2022\/08\/image.jpeg 1290w\" sizes=\"auto, (max-width: 826px) 100vw, 826px\" \/><\/figure>\n\n\n\n<p>Dispositivo m\u00f3vel de coleta de dados utilizados pelos agentes do IBGE<\/p>\n\n\n\n<p>Caso haja d\u00favidas, o mun\u00edcipe poder\u00e1 consultar se o profissional est\u00e1 cadastrado como t\u00e9cnico do IBGE entrando em contato pelo telefone 0800 721 8181 ou pesquisar pelo\u00a0<a href=\"https:\/\/respondendo.ibge.gov.br\/entrevistador.html\">link (Clique aqui!)<\/a>\u00a0e informar o n\u00famero da matr\u00edcula, CPF ou RG.\u00a0<\/p>\n\n\n\n<p><\/p>\n","protected":false},"excerpt":{"rendered":"<p>Dados do Censo Demogr\u00e1fico tem como objetivo demonstrar a evolu\u00e7\u00e3o populacional de Indaiatuba A Prefeitura de Indaiatuba informa que o Instituto Brasileiro de Geografia e Estat\u00edstica (IBGE) &nbsp;iniciou nesta semana as visitas dos recenseadores do Censo Demogr\u00e1fico 2022, nos bairros do munic\u00edpio. &nbsp;Os agentes estar\u00e3o utilizando os crach\u00e1s de identifica\u00e7\u00e3o, al\u00e9m de colete com o [&hellip;]<\/p>\n","protected":false},"author":8,"featured_media":8440,"comment_status":"closed","ping_status":"open","sticky":false,"template":"","format":"standard","meta":{"rop_custom_images_group":[],"rop_custom_messages_group":[],"rop_publish_now":"initial","rop_publish_now_accounts":[],"rop_publish_now_history":[],"rop_publish_now_status":"pending","footnotes":""},"categories":[188],"tags":[],"class_list":["post-8438","post","type-post","status-publish","format-standard","has-post-thumbnail","hentry","category-indaiatuba"],"amp_enabled":true,"_links":{"self":[{"href":"https:\/\/imais.online\/portal\/wp-json\/wp\/v2\/posts\/8438","targetHints":{"allow":["GET"]}}],"collection":[{"href":"https:\/\/imais.online\/portal\/wp-json\/wp\/v2\/posts"}],"about":[{"href":"https:\/\/imais.online\/portal\/wp-json\/wp\/v2\/types\/post"}],"author":[{"embeddable":true,"href":"https:\/\/imais.online\/portal\/wp-json\/wp\/v2\/users\/8"}],"replies":[{"embeddable":true,"href":"https:\/\/imais.online\/portal\/wp-json\/wp\/v2\/comments?post=8438"}],"version-history":[{"count":1,"href":"https:\/\/imais.online\/portal\/wp-json\/wp\/v2\/posts\/8438\/revisions"}],"predecessor-version":[{"id":8441,"href":"https:\/\/imais.online\/portal\/wp-json\/wp\/v2\/posts\/8438\/revisions\/8441"}],"wp:featuredmedia":[{"embeddable":true,"href":"https:\/\/imais.online\/portal\/wp-json\/wp\/v2\/media\/8440"}],"wp:attachment":[{"href":"https:\/\/imais.online\/portal\/wp-json\/wp\/v2\/media?parent=8438"}],"wp:term":[{"taxonomy":"category","embeddable":true,"href":"https:\/\/imais.online\/portal\/wp-json\/wp\/v2\/categories?post=8438"},{"taxonomy":"post_tag","embeddable":true,"href":"https:\/\/imais.online\/portal\/wp-json\/wp\/v2\/tags?post=8438"}],"curies":[{"name":"wp","href":"https:\/\/api.w.org\/{rel}","templated":true}]}}