{"id":8451,"date":"2022-08-05T14:09:24","date_gmt":"2022-08-05T17:09:24","guid":{"rendered":"https:\/\/imais.online\/portal\/?p=8451"},"modified":"2022-08-05T14:09:25","modified_gmt":"2022-08-05T17:09:25","slug":"habitacao-em-acao-acontece-nos-dias-20-e-27-de-agosto-na-prefeitura-de-indaiatuba","status":"publish","type":"post","link":"https:\/\/imais.online\/portal\/habitacao-em-acao-acontece-nos-dias-20-e-27-de-agosto-na-prefeitura-de-indaiatuba\/","title":{"rendered":"Habita\u00e7\u00e3o em A\u00e7\u00e3o acontece nos dias 20 e 27 de agosto na Prefeitura de Indaiatuba"},"content":{"rendered":"<div class=\"imais-before-content-placement\" id=\"imais-55141339\"><script async src=\"\/\/pagead2.googlesyndication.com\/pagead\/js\/adsbygoogle.js?client=ca-pub-8787528412751566\" crossorigin=\"anonymous\"><\/script><ins class=\"adsbygoogle\" style=\"display:block;\" data-ad-client=\"ca-pub-8787528412751566\" \ndata-ad-slot=\"\" \ndata-ad-format=\"auto\"><\/ins>\n<script> \n(adsbygoogle = window.adsbygoogle || []).push({}); \n<\/script>\n<\/div>\n<p><em><small>Atendimentos aos s\u00e1bados s\u00e3o destinados \u00e0s pessoas que n\u00e3o conseguem comparecer no hor\u00e1rio comercial<\/small><\/em><\/p>\n\n\n\n<p>O &nbsp;programa \u201cHabita\u00e7\u00e3o em A\u00e7\u00e3o\u201d, que segue o Plano de Governo do prefeito Nilson Gaspar (MDB), acontecer\u00e1 neste m\u00eas aos s\u00e1bados nos dias 20 e 27 de agosto, das 8h \u00e0s 12h, na Secretaria Municipal de Habita\u00e7\u00e3o, localizada na Prefeitura de Indaiatuba.&nbsp; Nestas datas ser\u00e3o realizados os atendimentos da Companhia de Desenvolvimento Habitacional e Urbano (CDHU), novos cadastros e atualiza\u00e7\u00f5es, al\u00e9m de informar sobre os programas:&nbsp; Moradia Econ\u00f4mica, Reforma F\u00e1cil e Pr\u00f3 Cidad\u00e3o. N\u00e3o ser\u00e1 necess\u00e1rio o agendamento e as pessoas ser\u00e3o atendidas por ordem de chegada.<\/p>\n\n\n\n<p>Em setembro, o programa ocorrer\u00e1 nos dias 3,10,17 e 24 de setembro. O objetivo \u00e9 atender os mun\u00edcipes que tem dificuldade &nbsp;em comparecer durante a semana na Secretaria de Habita\u00e7\u00e3o, no hor\u00e1rio comercial da Prefeitura. Desse modo, o \u201cHabita\u00e7\u00e3o em A\u00e7\u00e3o\u201d acontecer\u00e1 nos s\u00e1bados definidos a fim de atender essa parcela da popula\u00e7\u00e3o. Em caso de d\u00favidas ou orienta\u00e7\u00f5es entrar em contato pelos telefones (19) 3834-9329, (19) 3834- 9148 e (19)3834-9367.<\/p>\n","protected":false},"excerpt":{"rendered":"<p>Atendimentos aos s\u00e1bados s\u00e3o destinados \u00e0s pessoas que n\u00e3o conseguem comparecer no hor\u00e1rio comercial O &nbsp;programa \u201cHabita\u00e7\u00e3o em A\u00e7\u00e3o\u201d, que segue o Plano de Governo do prefeito Nilson Gaspar (MDB), acontecer\u00e1 neste m\u00eas aos s\u00e1bados nos dias 20 e 27 de agosto, das 8h \u00e0s 12h, na Secretaria Municipal de Habita\u00e7\u00e3o, localizada na Prefeitura de [&hellip;]<\/p>\n","protected":false},"author":8,"featured_media":8452,"comment_status":"closed","ping_status":"open","sticky":false,"template":"","format":"standard","meta":{"rop_custom_images_group":[],"rop_custom_messages_group":[],"rop_publish_now":"initial","rop_publish_now_accounts":[],"rop_publish_now_history":[],"rop_publish_now_status":"pending","footnotes":""},"categories":[188],"tags":[],"class_list":["post-8451","post","type-post","status-publish","format-standard","has-post-thumbnail","hentry","category-indaiatuba"],"amp_enabled":true,"_links":{"self":[{"href":"https:\/\/imais.online\/portal\/wp-json\/wp\/v2\/posts\/8451","targetHints":{"allow":["GET"]}}],"collection":[{"href":"https:\/\/imais.online\/portal\/wp-json\/wp\/v2\/posts"}],"about":[{"href":"https:\/\/imais.online\/portal\/wp-json\/wp\/v2\/types\/post"}],"author":[{"embeddable":true,"href":"https:\/\/imais.online\/portal\/wp-json\/wp\/v2\/users\/8"}],"replies":[{"embeddable":true,"href":"https:\/\/imais.online\/portal\/wp-json\/wp\/v2\/comments?post=8451"}],"version-history":[{"count":1,"href":"https:\/\/imais.online\/portal\/wp-json\/wp\/v2\/posts\/8451\/revisions"}],"predecessor-version":[{"id":8453,"href":"https:\/\/imais.online\/portal\/wp-json\/wp\/v2\/posts\/8451\/revisions\/8453"}],"wp:featuredmedia":[{"embeddable":true,"href":"https:\/\/imais.online\/portal\/wp-json\/wp\/v2\/media\/8452"}],"wp:attachment":[{"href":"https:\/\/imais.online\/portal\/wp-json\/wp\/v2\/media?parent=8451"}],"wp:term":[{"taxonomy":"category","embeddable":true,"href":"https:\/\/imais.online\/portal\/wp-json\/wp\/v2\/categories?post=8451"},{"taxonomy":"post_tag","embeddable":true,"href":"https:\/\/imais.online\/portal\/wp-json\/wp\/v2\/tags?post=8451"}],"curies":[{"name":"wp","href":"https:\/\/api.w.org\/{rel}","templated":true}]}}