{"id":8454,"date":"2022-08-05T14:57:11","date_gmt":"2022-08-05T17:57:11","guid":{"rendered":"https:\/\/imais.online\/portal\/?p=8454"},"modified":"2022-08-05T14:57:45","modified_gmt":"2022-08-05T17:57:45","slug":"velorio-de-jo-soares-sera-restrito-a-familiares-e-amigos-proximos","status":"publish","type":"post","link":"https:\/\/imais.online\/portal\/velorio-de-jo-soares-sera-restrito-a-familiares-e-amigos-proximos\/","title":{"rendered":"Vel\u00f3rio de J\u00f4 Soares ser\u00e1 restrito a familiares e amigos pr\u00f3ximos"},"content":{"rendered":"<div class=\"imais-before-content-placement\" id=\"imais-1351286904\"><script async src=\"\/\/pagead2.googlesyndication.com\/pagead\/js\/adsbygoogle.js?client=ca-pub-8787528412751566\" crossorigin=\"anonymous\"><\/script><ins class=\"adsbygoogle\" style=\"display:block;\" data-ad-client=\"ca-pub-8787528412751566\" \ndata-ad-slot=\"\" \ndata-ad-format=\"auto\"><\/ins>\n<script> \n(adsbygoogle = window.adsbygoogle || []).push({}); \n<\/script>\n<\/div>\n<h2 class=\"wp-block-heading\">Fl\u00e1via Pedra, ex-mulher do apresentador, pediu que os f\u00e3s fa\u00e7am um brinde \u00e0 vida do apresentador e humorista<\/h2>\n\n\n\n<p>O vel\u00f3rio do apresentador, ator e humorista J\u00f4 Soares ser\u00e1 restrito aos familiares e amigos. A informa\u00e7\u00e3o foi dada pela ex-mulher dele, Fl\u00e1via Pedras, nas redes sociais, na manh\u00e3 desta sexta-feira (5).<\/p>\n\n\n\n<p>&#8220;Faleceu h\u00e1 alguns minutos o ator, humorista, diretor e escritor J\u00f4 Soares. Nos deixou no hospital S\u00edrio Liban\u00eas, em S\u00e3o Paulo, cercado de amor e cuidados. O funeral ser\u00e1 apenas para fam\u00edlia e amigos pr\u00f3ximos&#8221;, escreveu Fl\u00e1via.<\/p>\n\n\n\n<p>Ela pediu que os f\u00e3s do artista fa\u00e7am um brinde, como puderem, em homenagem \u00e0 hist\u00f3ria de vida dele. &#8220;Assim, aqueles que atrav\u00e9s dos seus mais de 60 anos de carreira tenham se divertido com seus personagens, repetido seus bord\u00f5es, sorrido com a intelig\u00eancia afiada desse vocacionado comediante, celebrem, fa\u00e7am um brinde \u00e0 sua vida.&#8221;<\/p>\n\n\n\n<p>A causa da morte do apresentador ainda n\u00e3o foi revelada. Adriane Galisteu, vizinha de J\u00f4, contou em entrevista ao&nbsp;<a href=\"https:\/\/recordtv.r7.com\/balanco-geral-manha\"><strong><em>Balan\u00e7o Geral Manh\u00e3<\/em><\/strong><\/a>, da&nbsp;<strong>Record TV<\/strong>, que&nbsp;<a href=\"https:\/\/entretenimento.r7.com\/famosos-e-tv\/vizinha-de-jo-soares-adriane-galisteu-conta-ele-estava-em-um-momento-delicado-de-saude-05082022\"><strong>ele enfrentava alguns problemas de sa\u00fade e que estava fazendo um tratamento complicado<\/strong><\/a>.<\/p>\n\n\n\n<p>&#8220;Ele estava em um momento delicado de sa\u00fade, indo e vindo do hospital. Nesses \u00faltimos meses, ele estava vivendo essa dor de um tratamento complicado, com a idade avan\u00e7ada, ia e vinha do hospital, mas n\u00e3o importa. A gente nunca est\u00e1 preparado para a partida. N\u00e3o sei lidar com a morte&#8221;, contou Galisteu, que mora no mesmo edif\u00edcio do amigo, localizado em Higien\u00f3polis, bairro nobre de S\u00e3o Paulo.<\/p>\n\n\n\n<p>Veja a publica\u00e7\u00e3o:<\/p>\n\n\n\n<p><\/p>\n\n\n<blockquote class=\"instagram-media\" style=\"background: #FFF; border: 0; border-radius: 3px; box-shadow: 0 0 1px 0 rgba(0,0,0,0.5),0 1px 10px 0 rgba(0,0,0,0.15); margin: 1px; max-width: 540px; min-width: 326px; padding: 0; width: calc(100% - 2px);\" data-instgrm-captioned=\"\" data-instgrm-permalink=\"https:\/\/www.instagram.com\/p\/Cg3eOtuO8bO\/?utm_source=ig_embed&amp;utm_campaign=loading\" data-instgrm-version=\"14\">\n<div style=\"padding: 16px;\">\n<p>\u00a0<\/p>\n<div style=\"display: flex; flex-direction: row; align-items: center;\">\n<div style=\"background-color: #f4f4f4; border-radius: 50%; flex-grow: 0; height: 40px; margin-right: 14px; width: 40px;\">\u00a0<\/div>\n<div style=\"display: flex; flex-direction: column; flex-grow: 1; justify-content: center;\">\n<div style=\"background-color: #f4f4f4; border-radius: 4px; flex-grow: 0; height: 14px; margin-bottom: 6px; width: 100px;\">\u00a0<\/div>\n<div style=\"background-color: #f4f4f4; border-radius: 4px; flex-grow: 0; height: 14px; width: 60px;\">\u00a0<\/div>\n<\/div>\n<\/div>\n<div style=\"padding: 19% 0;\">\u00a0<\/div>\n<div style=\"display: block; height: 50px; margin: 0 auto 12px; width: 50px;\">\u00a0<\/div>\n<div style=\"padding-top: 8px;\">\n<div style=\"color: #3897f0; font-family: Arial,sans-serif; font-size: 14px; font-style: normal; font-weight: 550; line-height: 18px;\">Ver esta publica\u00e7\u00e3o no Instagram<\/div>\n<\/div>\n<div style=\"padding: 12.5% 0;\">\u00a0<\/div>\n<div style=\"display: flex; flex-direction: row; margin-bottom: 14px; align-items: center;\">\n<div>\n<div style=\"background-color: #f4f4f4; border-radius: 50%; height: 12.5px; width: 12.5px; transform: translateX(0px) translateY(7px);\">\u00a0<\/div>\n<div style=\"background-color: #f4f4f4; height: 12.5px; transform: rotate(-45deg) translateX(3px) translateY(1px); width: 12.5px; flex-grow: 0; margin-right: 14px; margin-left: 2px;\">\u00a0<\/div>\n<div style=\"background-color: #f4f4f4; border-radius: 50%; height: 12.5px; width: 12.5px; transform: translateX(9px) translateY(-18px);\">\u00a0<\/div>\n<\/div>\n<div style=\"margin-left: 8px;\">\n<div style=\"background-color: #f4f4f4; border-radius: 50%; flex-grow: 0; height: 20px; width: 20px;\">\u00a0<\/div>\n<div style=\"width: 0; height: 0; border-top: 2px solid transparent; border-left: 6px solid #f4f4f4; border-bottom: 2px solid transparent; transform: translateX(16px) translateY(-4px) rotate(30deg);\">\u00a0<\/div>\n<\/div>\n<div style=\"margin-left: auto;\">\n<div style=\"width: 0px; border-top: 8px solid #F4F4F4; border-right: 8px solid transparent; transform: translateY(16px);\">\u00a0<\/div>\n<div style=\"background-color: #f4f4f4; flex-grow: 0; height: 12px; width: 16px; transform: translateY(-4px);\">\u00a0<\/div>\n<div style=\"width: 0; height: 0; border-top: 8px solid #F4F4F4; border-left: 8px solid transparent; transform: translateY(-4px) translateX(8px);\">\u00a0<\/div>\n<\/div>\n<\/div>\n<div style=\"display: flex; flex-direction: column; flex-grow: 1; justify-content: center; margin-bottom: 24px;\">\n<div style=\"background-color: #f4f4f4; border-radius: 4px; flex-grow: 0; height: 14px; margin-bottom: 6px; width: 224px;\">\u00a0<\/div>\n<div style=\"background-color: #f4f4f4; border-radius: 4px; flex-grow: 0; height: 14px; width: 144px;\">\u00a0<\/div>\n<\/div>\n<p>\u00a0<\/p>\n<p style=\"color: #c9c8cd; font-family: Arial,sans-serif; font-size: 14px; line-height: 17px; margin-bottom: 0; margin-top: 8px; overflow: hidden; padding: 8px 0 7px; text-align: center; text-overflow: ellipsis; white-space: nowrap;\"><a style=\"color: #c9c8cd; font-family: Arial,sans-serif; font-size: 14px; font-style: normal; font-weight: normal; line-height: 17px; text-decoration: none;\" href=\"https:\/\/www.instagram.com\/p\/Cg3eOtuO8bO\/?utm_source=ig_embed&amp;utm_campaign=loading\" target=\"_blank\" rel=\"noopener\">Uma publica\u00e7\u00e3o partilhada por Flavia Pedras Soares (@flavia_pedras)<\/a><\/p>\n<\/div>\n<\/blockquote>\n<p>Fonte R7\u00a0<\/p>","protected":false},"excerpt":{"rendered":"<p>Fl\u00e1via Pedra, ex-mulher do apresentador, pediu que os f\u00e3s fa\u00e7am um brinde \u00e0 vida do apresentador e humorista O vel\u00f3rio do apresentador, ator e humorista J\u00f4 Soares ser\u00e1 restrito aos familiares e amigos. A informa\u00e7\u00e3o foi dada pela ex-mulher dele, Fl\u00e1via Pedras, nas redes sociais, na manh\u00e3 desta sexta-feira (5). &#8220;Faleceu h\u00e1 alguns minutos o [&hellip;]<\/p>\n","protected":false},"author":8,"featured_media":8455,"comment_status":"closed","ping_status":"open","sticky":false,"template":"","format":"standard","meta":{"rop_custom_images_group":[],"rop_custom_messages_group":[],"rop_publish_now":"initial","rop_publish_now_accounts":[],"rop_publish_now_history":[],"rop_publish_now_status":"pending","footnotes":""},"categories":[237],"tags":[],"class_list":["post-8454","post","type-post","status-publish","format-standard","has-post-thumbnail","hentry","category-luto"],"amp_enabled":true,"_links":{"self":[{"href":"https:\/\/imais.online\/portal\/wp-json\/wp\/v2\/posts\/8454","targetHints":{"allow":["GET"]}}],"collection":[{"href":"https:\/\/imais.online\/portal\/wp-json\/wp\/v2\/posts"}],"about":[{"href":"https:\/\/imais.online\/portal\/wp-json\/wp\/v2\/types\/post"}],"author":[{"embeddable":true,"href":"https:\/\/imais.online\/portal\/wp-json\/wp\/v2\/users\/8"}],"replies":[{"embeddable":true,"href":"https:\/\/imais.online\/portal\/wp-json\/wp\/v2\/comments?post=8454"}],"version-history":[{"count":1,"href":"https:\/\/imais.online\/portal\/wp-json\/wp\/v2\/posts\/8454\/revisions"}],"predecessor-version":[{"id":8456,"href":"https:\/\/imais.online\/portal\/wp-json\/wp\/v2\/posts\/8454\/revisions\/8456"}],"wp:featuredmedia":[{"embeddable":true,"href":"https:\/\/imais.online\/portal\/wp-json\/wp\/v2\/media\/8455"}],"wp:attachment":[{"href":"https:\/\/imais.online\/portal\/wp-json\/wp\/v2\/media?parent=8454"}],"wp:term":[{"taxonomy":"category","embeddable":true,"href":"https:\/\/imais.online\/portal\/wp-json\/wp\/v2\/categories?post=8454"},{"taxonomy":"post_tag","embeddable":true,"href":"https:\/\/imais.online\/portal\/wp-json\/wp\/v2\/tags?post=8454"}],"curies":[{"name":"wp","href":"https:\/\/api.w.org\/{rel}","templated":true}]}}