{"id":847,"date":"2021-08-19T17:13:52","date_gmt":"2021-08-19T20:13:52","guid":{"rendered":"https:\/\/imais.online\/portal\/?p=847"},"modified":"2021-08-19T17:13:54","modified_gmt":"2021-08-19T20:13:54","slug":"governador-de-sao-paulo-anuncia-novas-regras-para-o-plano-sp","status":"publish","type":"post","link":"https:\/\/imais.online\/portal\/governador-de-sao-paulo-anuncia-novas-regras-para-o-plano-sp\/","title":{"rendered":"Governador de S\u00e3o Paulo anuncia novas regras para o Plano SP"},"content":{"rendered":"<div class=\"imais-before-content-placement\" id=\"imais-460345183\"><script async src=\"\/\/pagead2.googlesyndication.com\/pagead\/js\/adsbygoogle.js?client=ca-pub-8787528412751566\" crossorigin=\"anonymous\"><\/script><ins class=\"adsbygoogle\" style=\"display:block;\" data-ad-client=\"ca-pub-8787528412751566\" \ndata-ad-slot=\"\" \ndata-ad-format=\"auto\"><\/ins>\n<script> \n(adsbygoogle = window.adsbygoogle || []).push({}); \n<\/script>\n<\/div>\n<p>Na segunda-feira (16) o governador Jo\u00e3o Doria anunciou altera\u00e7\u00f5es das regras da fase de transi\u00e7\u00e3o do Plano SP. Desde o dia 17 de agosto os com\u00e9rcios e servi\u00e7os podem funcionar sem o limite de hor\u00e1rio e com 100% de ocupa\u00e7\u00e3o, mas devem respeitar o distanciamento de 1 metro, uso de m\u00e1scara obrigat\u00f3rio e protocolos de higiene. Continua proibido atividades coletivas que n\u00e3o garantam o distanciamento m\u00ednimo de 1 metro, tais como shows, baladas e eventos com aglomera\u00e7\u00e3o.<\/p>\n\n\n\n<p>Atividades religiosas, cinemas, feiras, teatros e salas de espet\u00e1culos, al\u00e9m de eventos sociais s\u00e3o permitidos com p\u00fablico sentado, controle de acesso e distanciamento m\u00ednimo de 1 metro. N\u00e3o h\u00e1 limite de p\u00fablico ou hor\u00e1rio, mas esses eventos devem respeitar os protocolos sanit\u00e1rios, uso de m\u00e1scara e \u00e1lcool gel. N\u00e3o pode haver aglomera\u00e7\u00e3o. Esportes coletivos est\u00e3o permitidos respeitando regras sanit\u00e1rias e sem p\u00fablico ou torcida.<\/p>\n\n\n\n<p>A flexibiliza\u00e7\u00e3o aconteceu ap\u00f3s o avan\u00e7o da vacina\u00e7\u00e3o e queda no n\u00famero de interna\u00e7\u00f5es.<\/p>\n\n\n\n<p>Foto: Divulga\u00e7\u00e3o<\/p>\n","protected":false},"excerpt":{"rendered":"<p>Na segunda-feira (16) o governador Jo\u00e3o Doria anunciou altera\u00e7\u00f5es das regras da fase de transi\u00e7\u00e3o do Plano SP. Desde o dia 17 de agosto os com\u00e9rcios e servi\u00e7os podem funcionar sem o limite de hor\u00e1rio e com 100% de ocupa\u00e7\u00e3o, mas devem respeitar o distanciamento de 1 metro, uso de m\u00e1scara obrigat\u00f3rio e protocolos de [&hellip;]<\/p>\n","protected":false},"author":8,"featured_media":848,"comment_status":"closed","ping_status":"open","sticky":false,"template":"","format":"standard","meta":{"rop_custom_images_group":[],"rop_custom_messages_group":[],"rop_publish_now":"initial","rop_publish_now_accounts":[],"rop_publish_now_history":[],"rop_publish_now_status":"pending","footnotes":""},"categories":[190],"tags":[],"class_list":["post-847","post","type-post","status-publish","format-standard","has-post-thumbnail","hentry","category-covid"],"amp_enabled":true,"_links":{"self":[{"href":"https:\/\/imais.online\/portal\/wp-json\/wp\/v2\/posts\/847","targetHints":{"allow":["GET"]}}],"collection":[{"href":"https:\/\/imais.online\/portal\/wp-json\/wp\/v2\/posts"}],"about":[{"href":"https:\/\/imais.online\/portal\/wp-json\/wp\/v2\/types\/post"}],"author":[{"embeddable":true,"href":"https:\/\/imais.online\/portal\/wp-json\/wp\/v2\/users\/8"}],"replies":[{"embeddable":true,"href":"https:\/\/imais.online\/portal\/wp-json\/wp\/v2\/comments?post=847"}],"version-history":[{"count":1,"href":"https:\/\/imais.online\/portal\/wp-json\/wp\/v2\/posts\/847\/revisions"}],"predecessor-version":[{"id":849,"href":"https:\/\/imais.online\/portal\/wp-json\/wp\/v2\/posts\/847\/revisions\/849"}],"wp:featuredmedia":[{"embeddable":true,"href":"https:\/\/imais.online\/portal\/wp-json\/wp\/v2\/media\/848"}],"wp:attachment":[{"href":"https:\/\/imais.online\/portal\/wp-json\/wp\/v2\/media?parent=847"}],"wp:term":[{"taxonomy":"category","embeddable":true,"href":"https:\/\/imais.online\/portal\/wp-json\/wp\/v2\/categories?post=847"},{"taxonomy":"post_tag","embeddable":true,"href":"https:\/\/imais.online\/portal\/wp-json\/wp\/v2\/tags?post=847"}],"curies":[{"name":"wp","href":"https:\/\/api.w.org\/{rel}","templated":true}]}}