{"id":850,"date":"2021-08-19T17:20:32","date_gmt":"2021-08-19T20:20:32","guid":{"rendered":"https:\/\/imais.online\/portal\/?p=850"},"modified":"2021-08-19T17:20:34","modified_gmt":"2021-08-19T20:20:34","slug":"sebrae-aqui-abre-turmas-para-o-curso-de-geracao-de-energia-fotovoltaica","status":"publish","type":"post","link":"https:\/\/imais.online\/portal\/sebrae-aqui-abre-turmas-para-o-curso-de-geracao-de-energia-fotovoltaica\/","title":{"rendered":"Sebrae Aqui abre turmas para o curso de gera\u00e7\u00e3o de energia fotovoltaica"},"content":{"rendered":"<div class=\"imais-before-content-placement\" id=\"imais-2973042230\"><script async src=\"\/\/pagead2.googlesyndication.com\/pagead\/js\/adsbygoogle.js?client=ca-pub-8787528412751566\" crossorigin=\"anonymous\"><\/script><ins class=\"adsbygoogle\" style=\"display:block;\" data-ad-client=\"ca-pub-8787528412751566\" \ndata-ad-slot=\"\" \ndata-ad-format=\"auto\"><\/ins>\n<script> \n(adsbygoogle = window.adsbygoogle || []).push({}); \n<\/script>\n<\/div>\n<p>O Posto do Sebrae Aqui Indaiatuba, por meio da Secretaria de Governo e em parceria com o Senai (Servi\u00e7o Nacional de Aprendizagem Industrial), abre inscri\u00e7\u00f5es para o curso online com o tema: \u201cT\u00e9cnicas de Gera\u00e7\u00e3o de Energia Solar Fotovoltaica\u201d. As aulas ser\u00e3o gratuitas e dividas em duas turmas de segunda a sexta-feira. No per\u00edodo diurno acontecer\u00e1 dos dias 02 a 13 de setembro, no hor\u00e1rio das 13h \u00e0s 17h. J\u00e1 no noturno, ser\u00e1 realizada do dia 13 at\u00e9 20 de setembro das 18h \u00e0s 22h.<\/p>\n\n\n\n<p>O foco do objetivo \u00e9 capacitar os alunos para desenvolverem compet\u00eancias a fim de orientar sobre os sistemas de energia solar fotovoltaica. Os inscritos aprender\u00e3o a diagnosticar fatores de consumo de energia e propor solu\u00e7\u00f5es de acordo com normas e determina\u00e7\u00f5es dos \u00f3rg\u00e3os regulamentadores.<\/p>\n\n\n\n<p>A durabilidade das aulas \u00e9 de seis dias com quatro horas di\u00e1rias, sendo 24 horas de carga hor\u00e1ria completa. Os interessados devem realizar a inscri\u00e7\u00e3o pelo link https:\/\/www.sympla.com.br\/tecnicas-de-geracao-de-energia-solar-fotovoltaica&#8212;senaisebrae&#8212;inserir-demanda__1313382. Para mais informa\u00e7\u00f5es, entrar em contato pelo telefone (19) 3834-9272. N\u00e3o \u00e9 permitida a inscri\u00e7\u00e3o de menores de idade.<\/p>\n\n\n\n<p>Conte\u00fado Program\u00e1tico:<\/p>\n\n\n\n<p>\u2022 Energia Solar<\/p>\n\n\n\n<p>o Aproveitamento da energia solar<\/p>\n\n\n\n<p>o Aplica\u00e7\u00f5es da energia solar,<\/p>\n\n\n\n<p>o Principais caracter\u00edsticas dos raios solares;<\/p>\n\n\n\n<p>o Capta\u00e7\u00e3o da radia\u00e7\u00e3o solar;<\/p>\n\n\n\n<p>\u2022 M\u00f3dulos Solares fotovoltaicos<\/p>\n\n\n\n<p>o Modelos e tipos, e estrutura de constru\u00e7\u00e3o;<\/p>\n\n\n\n<p>o Funcionamento do m\u00f3dulo solar;<\/p>\n\n\n\n<p>o Capta\u00e7\u00e3o da luz radiante;<\/p>\n\n\n\n<p>\u2022 Calcular M\u00f3dulos fotovoltaicos<\/p>\n\n\n\n<p>o Principais caracter\u00edsticas;<\/p>\n\n\n\n<p>o Posicionamento;<\/p>\n\n\n\n<p>o Dimensionamento;<\/p>\n\n\n\n<p>\u2022 Dimensionar Sistemas Solares Fotovoltaicos (On Grid e Off Grid)<\/p>\n\n\n\n<p>o M\u00f3dulos solares;<\/p>\n\n\n\n<p>o Reguladores de carga;<\/p>\n\n\n\n<p>o Acumuladores de Energia;<\/p>\n\n\n\n<p>o Inversores;<\/p>\n\n\n\n<p>o Sistemas On Grid e Off Grid ;<\/p>\n\n\n\n<p>o Caixa de jun\u00e7\u00e3o (string box) DC e AC;<\/p>\n\n\n\n<p>\u2022 Normas e Organismos regulamentadores.<\/p>\n\n\n\n<p>SERVI\u00c7O:<\/p>\n\n\n\n<p>DATA\/HOR\u00c1RIO: Turma 01 &#8211; 02\/09 a 13\/09 (Segunda a Quinta) das 13h \u00e0s 17h.<\/p>\n\n\n\n<p>Turma 02 \u2013 13\/09 a 20\/09 (Segunda a Quinta) das 18h \u00e0s 22h.<\/p>\n\n\n\n<p>FORMATO: CURSO ONLINE<\/p>\n\n\n\n<p>TELEFONE: (19) 3834-9272.<\/p>\n\n\n\n<p>LINK DE INSCRI\u00c7\u00c3O: https:\/\/www.sympla.com.br\/tecnicas-de-geracao-de-energia-solar-fotovoltaica&#8212;senaisebrae&#8212;inserir-demanda__1313382.<\/p>\n\n\n\n<p>Foto: Divulga\u00e7\u00e3o<\/p>\n","protected":false},"excerpt":{"rendered":"<p>O Posto do Sebrae Aqui Indaiatuba, por meio da Secretaria de Governo e em parceria com o Senai (Servi\u00e7o Nacional de Aprendizagem Industrial), abre inscri\u00e7\u00f5es para o curso online com o tema: \u201cT\u00e9cnicas de Gera\u00e7\u00e3o de Energia Solar Fotovoltaica\u201d. As aulas ser\u00e3o gratuitas e dividas em duas turmas de segunda a sexta-feira. No per\u00edodo diurno [&hellip;]<\/p>\n","protected":false},"author":8,"featured_media":851,"comment_status":"closed","ping_status":"open","sticky":false,"template":"","format":"standard","meta":{"rop_custom_images_group":[],"rop_custom_messages_group":[],"rop_publish_now":"initial","rop_publish_now_accounts":[],"rop_publish_now_history":[],"rop_publish_now_status":"pending","footnotes":""},"categories":[188],"tags":[],"class_list":["post-850","post","type-post","status-publish","format-standard","has-post-thumbnail","hentry","category-indaiatuba"],"amp_enabled":true,"_links":{"self":[{"href":"https:\/\/imais.online\/portal\/wp-json\/wp\/v2\/posts\/850","targetHints":{"allow":["GET"]}}],"collection":[{"href":"https:\/\/imais.online\/portal\/wp-json\/wp\/v2\/posts"}],"about":[{"href":"https:\/\/imais.online\/portal\/wp-json\/wp\/v2\/types\/post"}],"author":[{"embeddable":true,"href":"https:\/\/imais.online\/portal\/wp-json\/wp\/v2\/users\/8"}],"replies":[{"embeddable":true,"href":"https:\/\/imais.online\/portal\/wp-json\/wp\/v2\/comments?post=850"}],"version-history":[{"count":1,"href":"https:\/\/imais.online\/portal\/wp-json\/wp\/v2\/posts\/850\/revisions"}],"predecessor-version":[{"id":852,"href":"https:\/\/imais.online\/portal\/wp-json\/wp\/v2\/posts\/850\/revisions\/852"}],"wp:featuredmedia":[{"embeddable":true,"href":"https:\/\/imais.online\/portal\/wp-json\/wp\/v2\/media\/851"}],"wp:attachment":[{"href":"https:\/\/imais.online\/portal\/wp-json\/wp\/v2\/media?parent=850"}],"wp:term":[{"taxonomy":"category","embeddable":true,"href":"https:\/\/imais.online\/portal\/wp-json\/wp\/v2\/categories?post=850"},{"taxonomy":"post_tag","embeddable":true,"href":"https:\/\/imais.online\/portal\/wp-json\/wp\/v2\/tags?post=850"}],"curies":[{"name":"wp","href":"https:\/\/api.w.org\/{rel}","templated":true}]}}