{"id":8517,"date":"2022-08-09T14:22:34","date_gmt":"2022-08-09T17:22:34","guid":{"rendered":"https:\/\/imais.online\/portal\/?p=8517"},"modified":"2022-08-09T14:24:07","modified_gmt":"2022-08-09T17:24:07","slug":"guarda-civil-de-indaiatuba-detem-adolescente-por-envolvimento-com-o-trafico-de-drogas-2","status":"publish","type":"post","link":"https:\/\/imais.online\/portal\/guarda-civil-de-indaiatuba-detem-adolescente-por-envolvimento-com-o-trafico-de-drogas-2\/","title":{"rendered":"Guarda Civil de Indaiatuba det\u00e9m adolescente por envolvimento com o tr\u00e1fico de drogas"},"content":{"rendered":"<div class=\"imais-before-content-placement\" id=\"imais-3751599762\"><script async src=\"\/\/pagead2.googlesyndication.com\/pagead\/js\/adsbygoogle.js?client=ca-pub-8787528412751566\" crossorigin=\"anonymous\"><\/script><ins class=\"adsbygoogle\" style=\"display:block;\" data-ad-client=\"ca-pub-8787528412751566\" \ndata-ad-slot=\"\" \ndata-ad-format=\"auto\"><\/ins>\n<script> \n(adsbygoogle = window.adsbygoogle || []).push({}); \n<\/script>\n<\/div>\n<p><em><small>Ao notar a aproxima\u00e7\u00e3o da equipe Romi, jovem saiu correndo para o interior de um estabelecimento<\/small><\/em><\/p>\n\n\n\n<p>A Guarda Civil de Indaiatuba deteve um adolescente de 13 anos por envolvimento com o tr\u00e1fico de drogas. A ocorr\u00eancia foi registrada na sexta-feira (05).<\/p>\n\n\n\n<p>Tudo aconteceu no Jardim Morada do Sol, quando a equipe da Romi (Rondas Ostensivas com Motocicletas de Indaiatuba) realizava o patrulhamento preventivo do bairro. Durante o patrulhamento da Rua Jorge Scachetti um jovem ao notar a equipe saiu correndo para dentro de um estabelecimento comercial, o que chamou a aten\u00e7\u00e3o dos agentes.<\/p>\n\n\n\n<p>Rapidamente os guardas entraram no estabelecimento e o abordaram o suspeito, com quem encontraram 16 por\u00e7\u00f5es de maconha e R$30,00. Diante dos fatos o adolescente e sua respons\u00e1vel legal foram apresentados no 1\u00ba distrito policial, onde o delegado tomou as medidas cab\u00edveis a pol\u00edcia judici\u00e1ria.<\/p>\n\n\n\n<p><\/p>\n","protected":false},"excerpt":{"rendered":"<p>Ao notar a aproxima\u00e7\u00e3o da equipe Romi, jovem saiu correndo para o interior de um estabelecimento A Guarda Civil de Indaiatuba deteve um adolescente de 13 anos por envolvimento com o tr\u00e1fico de drogas. A ocorr\u00eancia foi registrada na sexta-feira (05). Tudo aconteceu no Jardim Morada do Sol, quando a equipe da Romi (Rondas Ostensivas [&hellip;]<\/p>\n","protected":false},"author":8,"featured_media":8518,"comment_status":"closed","ping_status":"open","sticky":false,"template":"","format":"standard","meta":{"rop_custom_images_group":[],"rop_custom_messages_group":[],"rop_publish_now":"initial","rop_publish_now_accounts":[],"rop_publish_now_history":[],"rop_publish_now_status":"pending","footnotes":""},"categories":[188],"tags":[],"class_list":["post-8517","post","type-post","status-publish","format-standard","has-post-thumbnail","hentry","category-indaiatuba"],"amp_enabled":true,"_links":{"self":[{"href":"https:\/\/imais.online\/portal\/wp-json\/wp\/v2\/posts\/8517","targetHints":{"allow":["GET"]}}],"collection":[{"href":"https:\/\/imais.online\/portal\/wp-json\/wp\/v2\/posts"}],"about":[{"href":"https:\/\/imais.online\/portal\/wp-json\/wp\/v2\/types\/post"}],"author":[{"embeddable":true,"href":"https:\/\/imais.online\/portal\/wp-json\/wp\/v2\/users\/8"}],"replies":[{"embeddable":true,"href":"https:\/\/imais.online\/portal\/wp-json\/wp\/v2\/comments?post=8517"}],"version-history":[{"count":1,"href":"https:\/\/imais.online\/portal\/wp-json\/wp\/v2\/posts\/8517\/revisions"}],"predecessor-version":[{"id":8519,"href":"https:\/\/imais.online\/portal\/wp-json\/wp\/v2\/posts\/8517\/revisions\/8519"}],"wp:featuredmedia":[{"embeddable":true,"href":"https:\/\/imais.online\/portal\/wp-json\/wp\/v2\/media\/8518"}],"wp:attachment":[{"href":"https:\/\/imais.online\/portal\/wp-json\/wp\/v2\/media?parent=8517"}],"wp:term":[{"taxonomy":"category","embeddable":true,"href":"https:\/\/imais.online\/portal\/wp-json\/wp\/v2\/categories?post=8517"},{"taxonomy":"post_tag","embeddable":true,"href":"https:\/\/imais.online\/portal\/wp-json\/wp\/v2\/tags?post=8517"}],"curies":[{"name":"wp","href":"https:\/\/api.w.org\/{rel}","templated":true}]}}