{"id":8521,"date":"2022-08-09T14:25:33","date_gmt":"2022-08-09T17:25:33","guid":{"rendered":"https:\/\/imais.online\/portal\/?p=8521"},"modified":"2022-08-09T14:25:34","modified_gmt":"2022-08-09T17:25:34","slug":"atendimentos-odontologicos-passam-a-acontecer-em-horario-estendido-na-ubs-da-cecap","status":"publish","type":"post","link":"https:\/\/imais.online\/portal\/atendimentos-odontologicos-passam-a-acontecer-em-horario-estendido-na-ubs-da-cecap\/","title":{"rendered":"Atendimentos Odontol\u00f3gicos passam a acontecer em hor\u00e1rio estendido na UBS da Cecap"},"content":{"rendered":"<div class=\"imais-before-content-placement\" id=\"imais-3453825950\"><script async src=\"\/\/pagead2.googlesyndication.com\/pagead\/js\/adsbygoogle.js?client=ca-pub-8787528412751566\" crossorigin=\"anonymous\"><\/script><ins class=\"adsbygoogle\" style=\"display:block;\" data-ad-client=\"ca-pub-8787528412751566\" \ndata-ad-slot=\"\" \ndata-ad-format=\"auto\"><\/ins>\n<script> \n(adsbygoogle = window.adsbygoogle || []).push({}); \n<\/script>\n<\/div>\n<p><em><small>Consultas acontecer\u00e3o atrav\u00e9s de agendamentos de segunda a sexta-feira at\u00e9 \u00e0s 22h<\/small><\/em><\/p>\n\n\n\n<p>A Secretaria de Sa\u00fade de Indaiatuba disponibilizou, desde a \u00faltima segunda-feira (8), dentistas para atuarem em hor\u00e1rio estendido na UBS da Cecap. Os atendimentos odontol\u00f3gicos passam a acontecer de segunda a sexta-feira at\u00e9 \u00e0s 22h, atrav\u00e9s de agendamentos marcados.<\/p>\n\n\n\n<p>Desde o dia 2 de maio a UBS da Cecap tem operado em hor\u00e1rio estendido, inclusive com a dispensas\u00e3o de medicamentos at\u00e9 \u00e0s 22h, com o objetivo de desafogar os pronto-atendimentos hospitalares. Agora, com os atendimentos odontol\u00f3gicos tamb\u00e9m adaptados ao novo hor\u00e1rio, a popula\u00e7\u00e3o ter\u00e1 mais flexibilidade de hor\u00e1rios para passar em consulta.<\/p>\n\n\n\n<p>A UBS da Cecap \u00e9 a unidade de refer\u00eancia do Jd. R\u00eamulo Zoppi, Jd. S\u00e3o Francisco, Pq. Das Na\u00e7\u00f5es, Jd. Alice, Jd. Do Valle 1 e 2, Jd. Renata, Jd. Adriana, Jd. Recanto do Valle, Jd. Nely, Jd. Bom Princ\u00edpio, Vila S\u00e3o Jos\u00e9, N\u00facleo Hab. Brigadeiro Faria Lima, Resid. Da Lagoa e Resid. Vila das Palmeiras.<\/p>\n\n\n\n<p>Todos os servi\u00e7os que j\u00e1 s\u00e3o oferecidos durante o dia, tamb\u00e9m s\u00e3o ofertados durante o atendimento noturno na UBS da Cecap, com exce\u00e7\u00e3o da Sala de Vacina, que segue o hor\u00e1rio das 7h30 \u00e0s 16h30.<\/p>\n\n\n\n<p>A UBS da Cecap est\u00e1 localizada na Rua Vital Barnab\u00e9 s\/n\u00ba, N\u00facleo Hab. Brg. Faria Lima e funcionar\u00e1 das 7h \u00e0s 22h, de segunda a sexta, exceto feriados.<\/p>\n","protected":false},"excerpt":{"rendered":"<p>Consultas acontecer\u00e3o atrav\u00e9s de agendamentos de segunda a sexta-feira at\u00e9 \u00e0s 22h A Secretaria de Sa\u00fade de Indaiatuba disponibilizou, desde a \u00faltima segunda-feira (8), dentistas para atuarem em hor\u00e1rio estendido na UBS da Cecap. Os atendimentos odontol\u00f3gicos passam a acontecer de segunda a sexta-feira at\u00e9 \u00e0s 22h, atrav\u00e9s de agendamentos marcados. Desde o dia 2 [&hellip;]<\/p>\n","protected":false},"author":8,"featured_media":8522,"comment_status":"closed","ping_status":"open","sticky":false,"template":"","format":"standard","meta":{"rop_custom_images_group":[],"rop_custom_messages_group":[],"rop_publish_now":"initial","rop_publish_now_accounts":[],"rop_publish_now_history":[],"rop_publish_now_status":"pending","footnotes":""},"categories":[188],"tags":[73],"class_list":["post-8521","post","type-post","status-publish","format-standard","has-post-thumbnail","hentry","category-indaiatuba","tag-featured"],"amp_enabled":true,"_links":{"self":[{"href":"https:\/\/imais.online\/portal\/wp-json\/wp\/v2\/posts\/8521","targetHints":{"allow":["GET"]}}],"collection":[{"href":"https:\/\/imais.online\/portal\/wp-json\/wp\/v2\/posts"}],"about":[{"href":"https:\/\/imais.online\/portal\/wp-json\/wp\/v2\/types\/post"}],"author":[{"embeddable":true,"href":"https:\/\/imais.online\/portal\/wp-json\/wp\/v2\/users\/8"}],"replies":[{"embeddable":true,"href":"https:\/\/imais.online\/portal\/wp-json\/wp\/v2\/comments?post=8521"}],"version-history":[{"count":1,"href":"https:\/\/imais.online\/portal\/wp-json\/wp\/v2\/posts\/8521\/revisions"}],"predecessor-version":[{"id":8523,"href":"https:\/\/imais.online\/portal\/wp-json\/wp\/v2\/posts\/8521\/revisions\/8523"}],"wp:featuredmedia":[{"embeddable":true,"href":"https:\/\/imais.online\/portal\/wp-json\/wp\/v2\/media\/8522"}],"wp:attachment":[{"href":"https:\/\/imais.online\/portal\/wp-json\/wp\/v2\/media?parent=8521"}],"wp:term":[{"taxonomy":"category","embeddable":true,"href":"https:\/\/imais.online\/portal\/wp-json\/wp\/v2\/categories?post=8521"},{"taxonomy":"post_tag","embeddable":true,"href":"https:\/\/imais.online\/portal\/wp-json\/wp\/v2\/tags?post=8521"}],"curies":[{"name":"wp","href":"https:\/\/api.w.org\/{rel}","templated":true}]}}