{"id":8578,"date":"2022-08-11T14:14:58","date_gmt":"2022-08-11T17:14:58","guid":{"rendered":"https:\/\/imais.online\/portal\/?p=8578"},"modified":"2022-08-11T14:15:00","modified_gmt":"2022-08-11T17:15:00","slug":"apae-indaiatuba-realiza-festival-gastronomico-beneficente","status":"publish","type":"post","link":"https:\/\/imais.online\/portal\/apae-indaiatuba-realiza-festival-gastronomico-beneficente\/","title":{"rendered":"APAE Indaiatuba realiza festival gastron\u00f4mico beneficente"},"content":{"rendered":"<div class=\"imais-before-content-placement\" id=\"imais-2439100501\"><script async src=\"\/\/pagead2.googlesyndication.com\/pagead\/js\/adsbygoogle.js?client=ca-pub-8787528412751566\" crossorigin=\"anonymous\"><\/script><ins class=\"adsbygoogle\" style=\"display:block;\" data-ad-client=\"ca-pub-8787528412751566\" \ndata-ad-slot=\"\" \ndata-ad-format=\"auto\"><\/ins>\n<script> \n(adsbygoogle = window.adsbygoogle || []).push({}); \n<\/script>\n<\/div>\n<p class=\"has-text-align-center\"><em>Evento re\u00fane 17 estabelecimentos, aulas-show e apresenta\u00e7\u00f5es culturais<\/em><\/p>\n\n\n\n<p>A cidade de Indaiatuba (SP) recebe, de <strong>19 a 21 de agosto<\/strong>, a<strong> 3\u00aa edi\u00e7\u00e3o do Chefs pela APAE<\/strong>, festival gastron\u00f4mico que re\u00fane restaurantes com pratos a pre\u00e7os acess\u00edveis, em prol <strong>da <a href=\"http:\/\/www.apaeindaiatuba.org.br\/\">APAE Indaiatuba<\/a><\/strong><a href=\"http:\/\/www.apaeindaiatuba.org.br\/\"> (Associa\u00e7\u00e3o dos Pais e Amigos dos Excepcionais).<\/a> Apresenta\u00e7\u00f5es culturais e aulas-show tamb\u00e9m comp\u00f5em o evento, que acontece no <strong>Espa\u00e7o Viber<\/strong>. Al\u00e9m disso, haver\u00e1 um<strong> Jantar de Gala,<\/strong> no dia 18, dando as boas-vindas ao festival.<\/p>\n\n\n\n<p>O evento beneficente, que integra as comemora\u00e7\u00f5es da <em><strong>Semana Nacional da Pessoa com Defici\u00eancia Intelectual e M\u00faltipla<\/strong><\/em>, re\u00fane a culin\u00e1ria de 17 estabelecimentos locais, com pre\u00e7os at\u00e9 R$ 45. Alguns dos pratos mais esperados s\u00e3o o ceviche, apresentado pelo <strong>Boteco do Chile<\/strong>, e o risotto do restaurante <strong>Green House<\/strong>. Al\u00e9m deles, o p\u00fablico ainda poder\u00e1 saborear pratos baianos, italianos e japoneses, hamb\u00fargueres, massas, comida de boteco, churros, entre outras op\u00e7\u00f5es, inclusive vegetarianas e veganas. Dessa vez, tamb\u00e9m ser\u00e1 poss\u00edvel pedir embalagem para viagem e, no caso das massas, haver\u00e1 pacotes congelados.&nbsp;<\/p>\n\n\n\n<p><strong>CULTURA <\/strong>Mas a experi\u00eancia do Chefs pela APAE n\u00e3o para por a\u00ed: o evento est\u00e1 recheado de apresenta\u00e7\u00f5es musicais e de dan\u00e7a, como o <strong>Est\u00fadio DCA<\/strong> que apresenta jazz, ballet e hip-hop; <a href=\"https:\/\/pt-br.facebook.com\/BetoTempestaOficial\/\" target=\"_blank\" rel=\"noreferrer noopener\"><strong>Beto Tempesta e Banda<\/strong><\/a>, com foco em grandes hits do rock nacional e internacional; apresenta\u00e7\u00e3o da melhor idade da <a href=\"https:\/\/www.indaiatuba.sp.gov.br\/funssol\/\" target=\"_blank\" rel=\"noreferrer noopener\"><strong>Funssol Indaiatuba<\/strong><\/a>; e o cantor mirim <a href=\"https:\/\/www.instagram.com\/luccaalmeida.oficial\/\" target=\"_blank\" rel=\"noreferrer noopener\"><strong>Lucca Almeida<\/strong><\/a>, conhecido por sua participa\u00e7\u00e3o no programa <em>A Pracinha<\/em>, do SBT, trazendo sucessos do sertanejo e at\u00e9 a can\u00e7\u00e3o pr\u00f3pria <em>Hit do Ano<\/em>, al\u00e9m de outras atra\u00e7\u00f5es. Todo o cronograma de shows pode ser <a href=\"https:\/\/www.chefspelaapae.com.br\/\" target=\"_blank\" rel=\"noreferrer noopener\">conferido aqui<\/a>.<\/p>\n\n\n\n<p><strong>CONFEITARIA <\/strong>Para quem quiser aprender um pouco mais sobre a arte de confeitar, a chef <a href=\"https:\/\/www.instagram.com\/talitabakeoff8\/\" target=\"_blank\" rel=\"noreferrer noopener\"><strong>Talita Gomes<\/strong><\/a>, participante da 8\u00aa temporada do <em>Bake Off Brasil<\/em> &#8211; reality show de confeitaria transmitido no SBT e Discovery Home &amp; Health &#8211; realiza uma aula-show sobre como decorar bolos de festa de forma r\u00e1pida e pr\u00e1tica. O pr\u00f3ximo momento de aprendizado ser\u00e1 no dia 21, \u00e0s 16h, com o chef <a href=\"https:\/\/www.instagram.com\/abilio.pires96\/\" target=\"_blank\" rel=\"noreferrer noopener\"><strong>Ab\u00edlio Pires<\/strong><\/a>, que vai demonstrar como preparar uma torta de chocolate duo.<\/p>\n\n\n\n<p><strong>JANTAR <\/strong>A cerim\u00f4nia de abertura do festival acontece antes, no dia 18, \u00e0s 19h30, com <strong>Jantar de Gala<\/strong> exclusivo e menu assinado por <strong>Lau Pinheiro Buffet<\/strong>. Sob o lema <em><strong>Noite do bem<\/strong><\/em>, o jantar beneficente \u00e9 uma novidade completa, com coquetel, entradas, pratos principais e sobremesas. O evento tamb\u00e9m ser\u00e1 realizado no <strong>Espa\u00e7o Viber<\/strong>, e os convites podem ser adquiridos na APAE Indaiatuba, nas seguintes op\u00e7\u00f5es: entrada dupla no valor de R$430; e mesa de 6 pessoas no valor de R$1200. Bebidas alco\u00f3licas ser\u00e3o cobradas \u00e0 parte.<\/p>\n\n\n\n<p><strong>FUNCIONAMENTO<\/strong> Ap\u00f3s a noite do jantar, o <strong>Chef\u2019s pela APAE<\/strong> ser\u00e1 aberto ao p\u00fablico, com entrada solid\u00e1ria no valor de R$3 &#8211; que tamb\u00e9m ser\u00e1 revertida para a entidade. O hor\u00e1rio de funcionamento ser\u00e1: dia 19, das 18h \u00e0s 22h; dia 20, das 10h \u00e0s 22h; dia 21, das 10h \u00e0s 18h. Crian\u00e7as de at\u00e9 sete anos de idade e maiores de 60 anos n\u00e3o pagam.<\/p>\n\n\n\n<p>Vale ressaltar que, para participar de qualquer dia do evento, \u00e9 preciso apresentar o comprovante de vacina\u00e7\u00e3o contra a covid-19. A organiza\u00e7\u00e3o tamb\u00e9m disponibilizar\u00e1 \u00e1lcool em gel em locais estrat\u00e9gicos e haver\u00e1 controle de acesso.<\/p>\n\n\n\n<p>O Chefs pela APAE tem patroc\u00ednio de Lemasa, Monark Produ\u00e7\u00f5es, Polivisor, GTA Seguran\u00e7a e V&amp;S Servi\u00e7os de limpeza, al\u00e9m do apoio da Prefeitura&nbsp; de Indaiatuba e da Marcia Paccor Decora\u00e7\u00f5es. A realiza\u00e7\u00e3o \u00e9 da APAE Indaiatuba. O Espa\u00e7o Viber est\u00e1 localizado \u00e0 avenida Almirante Tamandar\u00e9, 675, no bairro Cidade Nova II \u2014 Indaiatuba (SP). Mais informa\u00e7\u00f5es pelo telefone (19) 99712 7523 e <a href=\"http:\/\/www.chefspelaapae.com.br\" target=\"_blank\" rel=\"noreferrer noopener\">no site.<\/a>&nbsp;<\/p>\n\n\n\n<p><strong>ESTABELECIMENTOS CONFIRMADOS<\/strong><\/p>\n\n\n\n<p><a href=\"https:\/\/www.instagram.com\/botecodochileindaiatuba\" target=\"_blank\" rel=\"noreferrer noopener\"><strong>Boteco do Chil<\/strong><\/a><a href=\"https:\/\/www.instagram.com\/botecodochileindaiatuba\" target=\"_blank\" rel=\"noreferrer noopener\"><strong>e<\/strong><\/a><br><a href=\"https:\/\/www.instagram.com\/praiaburgeroficial\/\"><strong>Praia<\/strong> <strong>Burguer<\/strong><\/a><br><a href=\"https:\/\/www.instagram.com\/praiapizzaartesanal\/\" target=\"_blank\" rel=\"noreferrer noopener\"><strong>Praia Pizza<\/strong><\/a><br><a href=\"https:\/\/www.instagram.com\/saborcaseiromassaartesanal\/\" target=\"_blank\" rel=\"noreferrer noopener\"><strong>Sabor Caseiro<\/strong><\/a><br><a href=\"https:\/\/www.instagram.com\/pastificiovictorelli\/\" target=\"_blank\" rel=\"noreferrer noopener\"><strong>Pastif\u00edcio Victorelli<\/strong><\/a><br><a href=\"https:\/\/www.instagram.com\/sucaoindaiatuba_centro\/\"><strong>Suc\u00e3o Indaiatuba<\/strong><\/a><br><a href=\"https:\/\/www.instagram.com\/doceamorchurrosoficial\/\" target=\"_blank\" rel=\"noreferrer noopener\"><strong>Doce Amor Churros<\/strong><\/a><br><a href=\"https:\/\/www.instagram.com\/laupinheirobuffet\/\" target=\"_blank\" rel=\"noreferrer noopener\"><strong>Lau Pinheiro Buffet<\/strong><\/a><br><a href=\"https:\/\/www.instagram.com\/diskchoppdoalemao\/\" target=\"_blank\" rel=\"noreferrer noopener\"><strong>Disk Chopp do Alem\u00e3o<\/strong><\/a><br><a href=\"https:\/\/www.instagram.com\/oximainha\/\" target=\"_blank\" rel=\"noreferrer noopener\"><strong>Oxi Mainha<\/strong><\/a><br><a href=\"https:\/\/www.instagram.com\/vecchiaemiliammxvi\" target=\"_blank\" rel=\"noreferrer noopener\"><strong>Vecchia Em\u00edlia<\/strong><\/a><br><strong><a href=\"https:\/\/instagram.com\/caravanagipsywine%20\" target=\"_blank\" rel=\"noreferrer noopener\">Gipsy Wine&nbsp;<\/a> <\/strong><strong><br><a href=\"https:\/\/instagram.com\/caminhonetaburger\" target=\"_blank\" rel=\"noreferrer noopener\">Caminhoneta Burger&nbsp;<\/a><\/strong><br><strong><a href=\"https:\/\/www.instagram.com\/butiquimdogauchoindaiatuba\" target=\"_blank\" rel=\"noreferrer noopener\">Butiquim do Gaucho&nbsp;<\/a><\/strong><br><strong><a href=\"https:\/\/www.instagram.com\/greenhouse_gourmet\/\">Green House Gourmet<\/a> <\/strong><strong><br><a href=\"https:\/\/instagram.com\/espetinhodojuan\" target=\"_blank\" rel=\"noreferrer noopener\">E<\/a><a href=\"https:\/\/instagram.com\/espetinhodojuan\" target=\"_blank\" rel=\"noreferrer noopener\">spetinhos do Juan<\/a><br>Ichiban<\/strong><\/p>\n\n\n\n<p><strong>SERVI\u00c7O<\/strong><strong><br><\/strong><strong>3\u00ba Chefs pela APAE<\/strong><\/p>\n\n\n\n<p><strong>Jantar de Gala: <\/strong>18 de agosto | <strong>Hor\u00e1rio<\/strong>: 19h30<br><strong>Ingressos<\/strong>: convite duplo R$430 | M\u00eas 6 pessoas R$1200<br><strong>Onde comprar:&nbsp; <\/strong>APAE Indaiatuba &#8211; alameda da Crian\u00e7a, 100 &#8211; Vila Vit\u00f3ria I &#8211; <a href=\"https:\/\/goo.gl\/maps\/b6a8EPKkCJvJmdrP8\" target=\"_blank\" rel=\"noreferrer noopener\">MAPA AQUI<\/a><\/p>\n\n\n\n<p><strong>Festival aberto ao p\u00fablico: <\/strong>19 a 21 de agosto<br><strong>Hor\u00e1rios<\/strong>: 18h \u00e0s 22h (sexta) \/ 10h \u00e0s 22h (s\u00e1bado) \/ 10h \u00e0s 18h (domingo)<br><strong>Ingressos<\/strong>: Entrada solid\u00e1ria R$3<br><br><strong>Estacionamento gratuito<\/strong><br><strong>Local<\/strong>: Espa\u00e7o Viber &#8211; avenida Almirante Tamandar\u00e9, 675, bairro Cidade Nova II &#8211; Indaiatuba (SP) &#8211; <a href=\"https:\/\/goo.gl\/maps\/wmijB7CLXg2KAZJDA\">MAPA AQUI<\/a><br><strong>Informa\u00e7\u00f5es: (19) 99712 7523 | <a href=\"mailto:eventos@apaeindaiatuba.org.br\">eventos@apaeindaiatuba.org.br<\/a><\/strong><\/p>\n\n\n\n<p><\/p>\n","protected":false},"excerpt":{"rendered":"<p>Evento re\u00fane 17 estabelecimentos, aulas-show e apresenta\u00e7\u00f5es culturais A cidade de Indaiatuba (SP) recebe, de 19 a 21 de agosto, a 3\u00aa edi\u00e7\u00e3o do Chefs pela APAE, festival gastron\u00f4mico que re\u00fane restaurantes com pratos a pre\u00e7os acess\u00edveis, em prol da APAE Indaiatuba (Associa\u00e7\u00e3o dos Pais e Amigos dos Excepcionais). Apresenta\u00e7\u00f5es culturais e aulas-show tamb\u00e9m comp\u00f5em [&hellip;]<\/p>\n","protected":false},"author":7,"featured_media":8579,"comment_status":"closed","ping_status":"open","sticky":false,"template":"","format":"standard","meta":{"rop_custom_images_group":[],"rop_custom_messages_group":[],"rop_publish_now":"initial","rop_publish_now_accounts":[],"rop_publish_now_history":[],"rop_publish_now_status":"pending","footnotes":""},"categories":[188],"tags":[],"class_list":["post-8578","post","type-post","status-publish","format-standard","has-post-thumbnail","hentry","category-indaiatuba"],"amp_enabled":true,"_links":{"self":[{"href":"https:\/\/imais.online\/portal\/wp-json\/wp\/v2\/posts\/8578","targetHints":{"allow":["GET"]}}],"collection":[{"href":"https:\/\/imais.online\/portal\/wp-json\/wp\/v2\/posts"}],"about":[{"href":"https:\/\/imais.online\/portal\/wp-json\/wp\/v2\/types\/post"}],"author":[{"embeddable":true,"href":"https:\/\/imais.online\/portal\/wp-json\/wp\/v2\/users\/7"}],"replies":[{"embeddable":true,"href":"https:\/\/imais.online\/portal\/wp-json\/wp\/v2\/comments?post=8578"}],"version-history":[{"count":1,"href":"https:\/\/imais.online\/portal\/wp-json\/wp\/v2\/posts\/8578\/revisions"}],"predecessor-version":[{"id":8580,"href":"https:\/\/imais.online\/portal\/wp-json\/wp\/v2\/posts\/8578\/revisions\/8580"}],"wp:featuredmedia":[{"embeddable":true,"href":"https:\/\/imais.online\/portal\/wp-json\/wp\/v2\/media\/8579"}],"wp:attachment":[{"href":"https:\/\/imais.online\/portal\/wp-json\/wp\/v2\/media?parent=8578"}],"wp:term":[{"taxonomy":"category","embeddable":true,"href":"https:\/\/imais.online\/portal\/wp-json\/wp\/v2\/categories?post=8578"},{"taxonomy":"post_tag","embeddable":true,"href":"https:\/\/imais.online\/portal\/wp-json\/wp\/v2\/tags?post=8578"}],"curies":[{"name":"wp","href":"https:\/\/api.w.org\/{rel}","templated":true}]}}