{"id":8584,"date":"2022-08-12T14:24:28","date_gmt":"2022-08-12T17:24:28","guid":{"rendered":"https:\/\/imais.online\/portal\/?p=8584"},"modified":"2022-08-12T14:24:29","modified_gmt":"2022-08-12T17:24:29","slug":"centro-cultural-itaici-recebera-356-alunos-em-diversas-oficinas-e-aulas-terao-inicio-em-setembro","status":"publish","type":"post","link":"https:\/\/imais.online\/portal\/centro-cultural-itaici-recebera-356-alunos-em-diversas-oficinas-e-aulas-terao-inicio-em-setembro\/","title":{"rendered":"Centro Cultural Itaici receber\u00e1 356 alunos em diversas oficinas e aulas ter\u00e3o in\u00edcio em setembro"},"content":{"rendered":"<div class=\"imais-before-content-placement\" id=\"imais-4277841059\"><script async src=\"\/\/pagead2.googlesyndication.com\/pagead\/js\/adsbygoogle.js?client=ca-pub-8787528412751566\" crossorigin=\"anonymous\"><\/script><ins class=\"adsbygoogle\" style=\"display:block;\" data-ad-client=\"ca-pub-8787528412751566\" \ndata-ad-slot=\"\" \ndata-ad-format=\"auto\"><\/ins>\n<script> \n(adsbygoogle = window.adsbygoogle || []).push({}); \n<\/script>\n<\/div>\n<p><em><small>Inaugura\u00e7\u00e3o do novo polo acontece dia 20 de agosto, com entrada franca e diversas atra\u00e7\u00f5es<\/small><\/em><\/p>\n\n\n\n<p>No pr\u00f3ximo dia 20 de agosto, a partir das 9 horas, Indaiatuba ganha um novo polo cultural, localizado na Esta\u00e7\u00e3o Ferrovi\u00e1ria de Itaici, que foi reformada para receber um total de 356 alunos em diversas op\u00e7\u00f5es de oficinas. A Esta\u00e7\u00e3o Cultural Itaici contar\u00e1 com salas multidisciplinares, espa\u00e7os de leitura e conviv\u00eancia e muito mais, para receber a popula\u00e7\u00e3o nos per\u00edodos da manh\u00e3 e tarde. A inaugura\u00e7\u00e3o \u00e9 aberta ao p\u00fablico e contar\u00e1 com diversas atra\u00e7\u00f5es, como conta\u00e7\u00e3o de hist\u00f3rias, teatro musical com personagens infantis e show com L\u00e9o Pratta.<\/p>\n\n\n\n<p>\u201cA Esta\u00e7\u00e3o Cultural Itaici chega para atender essa regi\u00e3o de Indaiatuba, que cresce a cada ano e possui uma grande demanda para oficinas culturais\u201d, destaca o prefeito Nilson Gaspar. \u201cAssim, a popula\u00e7\u00e3o poder\u00e1 se inscrever e fazer aulas de teatro, m\u00fasica, dan\u00e7a e artes com os professores da Secretaria Municipal de Cultura, pertinho de casa\u201d.<\/p>\n\n\n\n<p>A secret\u00e1ria municipal de Cultura, T\u00e2nia Castanho, destaca que a inaugura\u00e7\u00e3o do Centro Cultural Itaici atende os planos para descentralizar a oferta de oficinas e oferecer oportunidades a toda popula\u00e7\u00e3o. \u201cJ\u00e1 estamos levando as oficinas culturais para diversos pontos de Indaiatuba e apresentamos tamb\u00e9m a Biblioteca Itinerante, que far\u00e1 sua estreia na inaugura\u00e7\u00e3o do Centro Cultural Itaici, levando literatura para todos os bairros de Indaiatuba\u201d, aponta.<\/p>\n\n\n\n<p>O Centro Cultural Itaici conta com quatro salas funcionais, adaptadas de acordo com as atividades oferecidas: teatro, m\u00fasica, artes e uma sala multidisciplinar, com uma cozinha em anexo, que permite a realiza\u00e7\u00e3o de cursos e palestras. O novo polo conta tamb\u00e9m com Espa\u00e7o de Leitura e Espa\u00e7o de Conviv\u00eancia e funcionar\u00e1 das 8h \u00e0s 17h.<\/p>\n\n\n\n<p>As oficinas culturais que estar\u00e3o dispon\u00edveis no novo polo s\u00e3o: Teatro Infantil, Teatro Juvenil, Desenho Infantil, Desenho Juvenil, Pintura em Tela, Ballet Baby, Ballet Infantil, Ballet Juvenil, Jazz Infantil, Jazz Juvenil, Dan\u00e7as Urbanas Infantil, Dan\u00e7as Urbanas Juvenil, Viol\u00e3o N\u00edvel 1, Artes para Crian\u00e7as (5 a 7 anos) e Artes para Crian\u00e7as (8 a 10 anos).<\/p>\n\n\n\n<p>Neste primeiro momento, ser\u00e3o oferecidas 356 vagas nos per\u00edodos da manh\u00e3 e tarde, e as inscri\u00e7\u00f5es ser\u00e3o realizadas entre os dias 20 de agosto a 3 de setembro, atrav\u00e9s do portal\u00a0<strong>Cultura Online<\/strong>, no site da Prefeitura de Indaiatuba. As aulas ter\u00e3o in\u00edcio em 12 de setembro.<\/p>\n\n\n\n<p>O Centro Cultural Itaici est\u00e1 localizado na Rua Francisco Ara\u00fajo, 49, perto do Ponto Verde &#8211; Feira da Agricultura Familiar \u2018Agenor Tachinardi\u2019.<\/p>\n\n\n\n<p><strong>Reforma<\/strong><\/p>\n\n\n\n<p>Toda a reforma do pr\u00e9dio foi realizada com recursos pr\u00f3prios. A Secretaria Municipal de Obras e Vias P\u00fablicas promoveu a pintura do espa\u00e7o, reestrutura\u00e7\u00e3o dos acessos, reforma de banheiros e manuten\u00e7\u00e3o dos pisos para adequar a acessibilidade. Foram feitas manuten\u00e7\u00f5es no telhado e nas calhas, reforma da parte el\u00e9trica, instala\u00e7\u00e3o de ilumina\u00e7\u00e3o LED e de alambrado externo para prote\u00e7\u00e3o do pr\u00e9dio. As cores escolhidas seguiram a mesma identidade visual do Museu Ferrovi\u00e1rio, reaberto pela Secretaria da Cultura no final do ano passado.<\/p>\n\n\n\n<p>A Secretaria Municipal de Servi\u00e7os Urbanos e Meio Ambiente providenciou a revitaliza\u00e7\u00e3o do paisagismo e a instala\u00e7\u00e3o de uma Esta\u00e7\u00e3o Ciclista, com banco para descanso, bomba para encher pneus e jogo de chaves para pequenas manuten\u00e7\u00f5es, em apoio aos esportistas que precisam de uma base para descansar e fazer pequenos reparos na bicicleta.<\/p>\n\n\n\n<p><strong>Hist\u00f3ria<\/strong><\/p>\n\n\n\n<p>A Esta\u00e7\u00e3o Ferrovi\u00e1ria de Itaici, segundo alguns registros documentais, teve sua inaugura\u00e7\u00e3o oficial em 11 de dezembro de 1879. Por\u00e9m, tudo leva a crer, que ela existia desde 1873. Sempre foi uma esta\u00e7\u00e3o de entroncamento e serviu a linha-tronco da Ituana (Itu- Jundia\u00ed). Em 1914 passou a servir o ramal de Campinas e em 1948 o pr\u00e9dio passou por uma ampla reforma. Foi desativada em 1986.<\/p>\n\n\n\n<p><strong>Inaugura\u00e7\u00e3o do Centro Cultural Itaici<\/strong><\/p>\n\n\n\n<p><strong>Data<\/strong>: 20 de agosto<\/p>\n\n\n\n<p><strong>Hor\u00e1rio<\/strong>: 9 horas<\/p>\n\n\n\n<p><strong>Endere\u00e7o<\/strong>: Rua Francisco Ara\u00fajo, 49, Itaici<\/p>\n\n\n\n<p><strong>Entrada franca<\/strong><\/p>\n\n\n\n<p><strong>Inscri\u00e7\u00f5es para Oficinas Culturais&nbsp;<a href=\"http:\/\/www.indaiatuba.sp.gov.br\/cultura-online\" target=\"_blank\" rel=\"noreferrer noopener\">NESTE LINK<\/a><\/strong><\/p>\n","protected":false},"excerpt":{"rendered":"<p>Inaugura\u00e7\u00e3o do novo polo acontece dia 20 de agosto, com entrada franca e diversas atra\u00e7\u00f5es No pr\u00f3ximo dia 20 de agosto, a partir das 9 horas, Indaiatuba ganha um novo polo cultural, localizado na Esta\u00e7\u00e3o Ferrovi\u00e1ria de Itaici, que foi reformada para receber um total de 356 alunos em diversas op\u00e7\u00f5es de oficinas. A Esta\u00e7\u00e3o [&hellip;]<\/p>\n","protected":false},"author":8,"featured_media":8585,"comment_status":"closed","ping_status":"open","sticky":false,"template":"","format":"standard","meta":{"rop_custom_images_group":[],"rop_custom_messages_group":[],"rop_publish_now":"initial","rop_publish_now_accounts":[],"rop_publish_now_history":[],"rop_publish_now_status":"pending","footnotes":""},"categories":[188],"tags":[73],"class_list":["post-8584","post","type-post","status-publish","format-standard","has-post-thumbnail","hentry","category-indaiatuba","tag-featured"],"amp_enabled":true,"_links":{"self":[{"href":"https:\/\/imais.online\/portal\/wp-json\/wp\/v2\/posts\/8584","targetHints":{"allow":["GET"]}}],"collection":[{"href":"https:\/\/imais.online\/portal\/wp-json\/wp\/v2\/posts"}],"about":[{"href":"https:\/\/imais.online\/portal\/wp-json\/wp\/v2\/types\/post"}],"author":[{"embeddable":true,"href":"https:\/\/imais.online\/portal\/wp-json\/wp\/v2\/users\/8"}],"replies":[{"embeddable":true,"href":"https:\/\/imais.online\/portal\/wp-json\/wp\/v2\/comments?post=8584"}],"version-history":[{"count":1,"href":"https:\/\/imais.online\/portal\/wp-json\/wp\/v2\/posts\/8584\/revisions"}],"predecessor-version":[{"id":8586,"href":"https:\/\/imais.online\/portal\/wp-json\/wp\/v2\/posts\/8584\/revisions\/8586"}],"wp:featuredmedia":[{"embeddable":true,"href":"https:\/\/imais.online\/portal\/wp-json\/wp\/v2\/media\/8585"}],"wp:attachment":[{"href":"https:\/\/imais.online\/portal\/wp-json\/wp\/v2\/media?parent=8584"}],"wp:term":[{"taxonomy":"category","embeddable":true,"href":"https:\/\/imais.online\/portal\/wp-json\/wp\/v2\/categories?post=8584"},{"taxonomy":"post_tag","embeddable":true,"href":"https:\/\/imais.online\/portal\/wp-json\/wp\/v2\/tags?post=8584"}],"curies":[{"name":"wp","href":"https:\/\/api.w.org\/{rel}","templated":true}]}}