{"id":8587,"date":"2022-08-12T14:26:34","date_gmt":"2022-08-12T17:26:34","guid":{"rendered":"https:\/\/imais.online\/portal\/?p=8587"},"modified":"2022-08-12T14:26:36","modified_gmt":"2022-08-12T17:26:36","slug":"prefeitura-e-fiec-realizam-cerimonia-de-colacao-de-grau-para-alunos-do-ensino-tecnico","status":"publish","type":"post","link":"https:\/\/imais.online\/portal\/prefeitura-e-fiec-realizam-cerimonia-de-colacao-de-grau-para-alunos-do-ensino-tecnico\/","title":{"rendered":"Prefeitura e Fiec realizam cerim\u00f4nia de cola\u00e7\u00e3o de grau para alunos do ensino t\u00e9cnico"},"content":{"rendered":"<div class=\"imais-before-content-placement\" id=\"imais-1483347233\"><script async src=\"\/\/pagead2.googlesyndication.com\/pagead\/js\/adsbygoogle.js?client=ca-pub-8787528412751566\" crossorigin=\"anonymous\"><\/script><ins class=\"adsbygoogle\" style=\"display:block;\" data-ad-client=\"ca-pub-8787528412751566\" \ndata-ad-slot=\"\" \ndata-ad-format=\"auto\"><\/ins>\n<script> \n(adsbygoogle = window.adsbygoogle || []).push({}); \n<\/script>\n<\/div>\n<p><em><small>Cerim\u00f4nia foi realizada no dia 10 de agosto no CIAEI para 216 alunos de seis cursos t\u00e9cnicos<\/small><\/em><\/p>\n\n\n\n<p>A Prefeitura Municipal de Indaiatuba, por meio da Funda\u00e7\u00e3o Indaiatubana de Educa\u00e7\u00e3o e Cultura (Fiec), realizou no dia 10 de agosto, no Centro Integrado de Apoio a Educa\u00e7\u00e3o de Indaiatuba (Ciaei), a cola\u00e7\u00e3o de grau, de 216 alunos dos cursos t\u00e9cnicos de Administra\u00e7\u00e3o, An\u00e1lises Cl\u00ednicas, Inform\u00e1tica, Log\u00edstica, Mecatr\u00f4nica e Nutri\u00e7\u00e3o.<\/p>\n\n\n\n<p>&nbsp;A mesa solene foi composta pelo prefeito, Nilson Gaspar, o superintendente da Fiec, Geraldo Garcia, a diretora pedag\u00f3gica, Eliane Geiss, a assistente de dire\u00e7\u00e3o Nilza Chavier, e os coordenadores dos cursos, Andreza Nabarrete, Jana\u00edna Madruga, Lucas Konishi,&nbsp;Ana Maria Picolomini, Erika Guerra e Claudemir Adriano Borgo.&nbsp;Tamb\u00e9m estiveram presentes os professores da Fiec.<\/p>\n\n\n\n<p>&nbsp;O superintendente, Gerando Garcia, iniciou a cerim\u00f4nia parabenizando os formandos pela certifica\u00e7\u00e3o t\u00e9cnica. \u201cNesta noite voc\u00eas vivenciam a conclus\u00e3o de um ciclo da vida escolar e v\u00e3o em busca de grandes conquistas profissionais. Desejo sucesso nessa caminhada. Parab\u00e9ns\u201d. Concluiu.<\/p>\n\n\n\n<p>O Prefeito Nilson Gaspar, falou sobre a oportunidade de os jovens terem uma escola t\u00e9cnica no Munic\u00edpio. \u201cVoc\u00eas t\u00eam um privil\u00e9gio que muitos n\u00e3o tiveram no passado, que \u00e9 poder cursar um ensino t\u00e9cnico em Indaiatuba, j\u00e1 que antigamente t\u00ednhamos que nos deslocarmos para outros lugares da regi\u00e3o em busca de forma\u00e7\u00e3o. Hoje voc\u00eas t\u00eam em Indaiatuba, uma escola t\u00e9cnica totalmente gratuita que \u00e9 refer\u00eancia nacional. Continuem em busca de conhecimento. Parab\u00e9ns por essa forma\u00e7\u00e3o e sucesso\u201d. Finalizou Gaspar.<\/p>\n","protected":false},"excerpt":{"rendered":"<p>Cerim\u00f4nia foi realizada no dia 10 de agosto no CIAEI para 216 alunos de seis cursos t\u00e9cnicos A Prefeitura Municipal de Indaiatuba, por meio da Funda\u00e7\u00e3o Indaiatubana de Educa\u00e7\u00e3o e Cultura (Fiec), realizou no dia 10 de agosto, no Centro Integrado de Apoio a Educa\u00e7\u00e3o de Indaiatuba (Ciaei), a cola\u00e7\u00e3o de grau, de 216 alunos [&hellip;]<\/p>\n","protected":false},"author":8,"featured_media":8588,"comment_status":"closed","ping_status":"open","sticky":false,"template":"","format":"standard","meta":{"rop_custom_images_group":[],"rop_custom_messages_group":[],"rop_publish_now":"initial","rop_publish_now_accounts":[],"rop_publish_now_history":[],"rop_publish_now_status":"pending","footnotes":""},"categories":[188],"tags":[],"class_list":["post-8587","post","type-post","status-publish","format-standard","has-post-thumbnail","hentry","category-indaiatuba"],"amp_enabled":true,"_links":{"self":[{"href":"https:\/\/imais.online\/portal\/wp-json\/wp\/v2\/posts\/8587","targetHints":{"allow":["GET"]}}],"collection":[{"href":"https:\/\/imais.online\/portal\/wp-json\/wp\/v2\/posts"}],"about":[{"href":"https:\/\/imais.online\/portal\/wp-json\/wp\/v2\/types\/post"}],"author":[{"embeddable":true,"href":"https:\/\/imais.online\/portal\/wp-json\/wp\/v2\/users\/8"}],"replies":[{"embeddable":true,"href":"https:\/\/imais.online\/portal\/wp-json\/wp\/v2\/comments?post=8587"}],"version-history":[{"count":1,"href":"https:\/\/imais.online\/portal\/wp-json\/wp\/v2\/posts\/8587\/revisions"}],"predecessor-version":[{"id":8589,"href":"https:\/\/imais.online\/portal\/wp-json\/wp\/v2\/posts\/8587\/revisions\/8589"}],"wp:featuredmedia":[{"embeddable":true,"href":"https:\/\/imais.online\/portal\/wp-json\/wp\/v2\/media\/8588"}],"wp:attachment":[{"href":"https:\/\/imais.online\/portal\/wp-json\/wp\/v2\/media?parent=8587"}],"wp:term":[{"taxonomy":"category","embeddable":true,"href":"https:\/\/imais.online\/portal\/wp-json\/wp\/v2\/categories?post=8587"},{"taxonomy":"post_tag","embeddable":true,"href":"https:\/\/imais.online\/portal\/wp-json\/wp\/v2\/tags?post=8587"}],"curies":[{"name":"wp","href":"https:\/\/api.w.org\/{rel}","templated":true}]}}