{"id":8590,"date":"2022-08-12T14:28:18","date_gmt":"2022-08-12T17:28:18","guid":{"rendered":"https:\/\/imais.online\/portal\/?p=8590"},"modified":"2022-08-12T14:28:19","modified_gmt":"2022-08-12T17:28:19","slug":"governo-informa-sobre-alteracoes-de-datas-do-plantao-itinerante-do-pat-e-banco-do-povo","status":"publish","type":"post","link":"https:\/\/imais.online\/portal\/governo-informa-sobre-alteracoes-de-datas-do-plantao-itinerante-do-pat-e-banco-do-povo\/","title":{"rendered":"Governo informa sobre altera\u00e7\u00f5es de datas do plant\u00e3o itinerante do PAT e Banco do Povo"},"content":{"rendered":"<div class=\"imais-before-content-placement\" id=\"imais-3766742193\"><script async src=\"\/\/pagead2.googlesyndication.com\/pagead\/js\/adsbygoogle.js?client=ca-pub-8787528412751566\" crossorigin=\"anonymous\"><\/script><ins class=\"adsbygoogle\" style=\"display:block;\" data-ad-client=\"ca-pub-8787528412751566\" \ndata-ad-slot=\"\" \ndata-ad-format=\"auto\"><\/ins>\n<script> \n(adsbygoogle = window.adsbygoogle || []).push({}); \n<\/script>\n<\/div>\n<p><em><small>Plant\u00e3o itinerante ser\u00e1 realizado uma vez por m\u00eas na Pra\u00e7a Dom Pedro a partir das 9h<\/small><\/em><\/p>\n\n\n\n<p>A Prefeitura de Indaiatuba, por meio da Secretaria de Governo, informa que foram alteradas as datas e o local que ser\u00e3o realizados os plant\u00f5es itinerantes do Pat e do Banco do Povo. A nova programa\u00e7\u00e3o acontecer\u00e1 apenas na Pra\u00e7a Dom Pedro nos dias: 10 de setembro, 8 de outubro, 5 de novembro e 10 de dezembro. O hor\u00e1rio \u00e9 das 9h \u00e0s 12h.<\/p>\n\n\n\n<p>Os servi\u00e7os disponibilizados ser\u00e3o: IMO (Intermedia\u00e7\u00e3o de M\u00e3o de Obra), informa\u00e7\u00f5es sobre seguro desemprego, informa\u00e7\u00f5es e orienta\u00e7\u00f5es sobre CTPS (Carteira de trabalho digital); recebimento de curr\u00edculos; inscri\u00e7\u00f5es para o Programa Meu Emprego \u2013 comportamento de entrevista e Banco do Povo, com orienta\u00e7\u00e3o para linhas de cr\u00e9dito dispon\u00edveis para empreendedores com ou sem empresa aberta, inclusive MEI.&nbsp;Para mais informa\u00e7\u00f5es, entrar em contato pelo telefone:&nbsp;(19)3816-9252.<\/p>\n","protected":false},"excerpt":{"rendered":"<p>Plant\u00e3o itinerante ser\u00e1 realizado uma vez por m\u00eas na Pra\u00e7a Dom Pedro a partir das 9h A Prefeitura de Indaiatuba, por meio da Secretaria de Governo, informa que foram alteradas as datas e o local que ser\u00e3o realizados os plant\u00f5es itinerantes do Pat e do Banco do Povo. A nova programa\u00e7\u00e3o acontecer\u00e1 apenas na Pra\u00e7a [&hellip;]<\/p>\n","protected":false},"author":8,"featured_media":8591,"comment_status":"closed","ping_status":"open","sticky":false,"template":"","format":"standard","meta":{"rop_custom_images_group":[],"rop_custom_messages_group":[],"rop_publish_now":"initial","rop_publish_now_accounts":[],"rop_publish_now_history":[],"rop_publish_now_status":"pending","footnotes":""},"categories":[188],"tags":[],"class_list":["post-8590","post","type-post","status-publish","format-standard","has-post-thumbnail","hentry","category-indaiatuba"],"amp_enabled":true,"_links":{"self":[{"href":"https:\/\/imais.online\/portal\/wp-json\/wp\/v2\/posts\/8590","targetHints":{"allow":["GET"]}}],"collection":[{"href":"https:\/\/imais.online\/portal\/wp-json\/wp\/v2\/posts"}],"about":[{"href":"https:\/\/imais.online\/portal\/wp-json\/wp\/v2\/types\/post"}],"author":[{"embeddable":true,"href":"https:\/\/imais.online\/portal\/wp-json\/wp\/v2\/users\/8"}],"replies":[{"embeddable":true,"href":"https:\/\/imais.online\/portal\/wp-json\/wp\/v2\/comments?post=8590"}],"version-history":[{"count":1,"href":"https:\/\/imais.online\/portal\/wp-json\/wp\/v2\/posts\/8590\/revisions"}],"predecessor-version":[{"id":8592,"href":"https:\/\/imais.online\/portal\/wp-json\/wp\/v2\/posts\/8590\/revisions\/8592"}],"wp:featuredmedia":[{"embeddable":true,"href":"https:\/\/imais.online\/portal\/wp-json\/wp\/v2\/media\/8591"}],"wp:attachment":[{"href":"https:\/\/imais.online\/portal\/wp-json\/wp\/v2\/media?parent=8590"}],"wp:term":[{"taxonomy":"category","embeddable":true,"href":"https:\/\/imais.online\/portal\/wp-json\/wp\/v2\/categories?post=8590"},{"taxonomy":"post_tag","embeddable":true,"href":"https:\/\/imais.online\/portal\/wp-json\/wp\/v2\/tags?post=8590"}],"curies":[{"name":"wp","href":"https:\/\/api.w.org\/{rel}","templated":true}]}}