{"id":8602,"date":"2022-08-12T15:14:44","date_gmt":"2022-08-12T18:14:44","guid":{"rendered":"https:\/\/imais.online\/portal\/?p=8602"},"modified":"2022-08-12T15:14:45","modified_gmt":"2022-08-12T18:14:45","slug":"steve-martin-anuncia-aposentadoria-apos-o-fim-de-only-murders-in-the-building","status":"publish","type":"post","link":"https:\/\/imais.online\/portal\/steve-martin-anuncia-aposentadoria-apos-o-fim-de-only-murders-in-the-building\/","title":{"rendered":"Steve Martin anuncia aposentadoria ap\u00f3s o fim de &#8216;Only Murders in the Building&#8217;"},"content":{"rendered":"<div class=\"imais-before-content-placement\" id=\"imais-1192373830\"><script async src=\"\/\/pagead2.googlesyndication.com\/pagead\/js\/adsbygoogle.js?client=ca-pub-8787528412751566\" crossorigin=\"anonymous\"><\/script><ins class=\"adsbygoogle\" style=\"display:block;\" data-ad-client=\"ca-pub-8787528412751566\" \ndata-ad-slot=\"\" \ndata-ad-format=\"auto\"><\/ins>\n<script> \n(adsbygoogle = window.adsbygoogle || []).push({}); \n<\/script>\n<\/div>\n<h2 class=\"wp-block-heading\">O ator disse que n\u00e3o pretende mais aceitar trabalhos no cinema nem na televis\u00e3o<\/h2>\n\n\n\n<p>Steve Martin, ator de produ\u00e7\u00f5es de sucesso e filmes cl\u00e1ssicos de com\u00e9dia, anunciou a sua aposentadoria. Em entrevista \u00e0 revista The Hollywood Reporter, o astro disse que n\u00e3o vai mais aceitar convites para produ\u00e7\u00f5es nem no cinema, nem na televis\u00e3o. Atualmente, o ator est\u00e1 no elenco da s\u00e9rie de com\u00e9dia&nbsp;<em>Only Murders in the Building<\/em>, do streaming Star+.<\/p>\n\n\n\n<p>O astro de\u00a0<em>O Pai da Noiva<\/em>, produ\u00e7\u00e3o de sucesso dos anos 1990, disse que quando a s\u00e9rie que participa acabar, n\u00e3o ir\u00e1 procurar outros trabalhos. &#8220;Eu n\u00e3o quero fazer participa\u00e7\u00f5es especiais e isso \u00e9, estranhamente, o fim&#8221;.<\/p>\n\n\n\n<p>O ator, que est\u00e1 em turn\u00ea pelos Estados Unidos com a com\u00e9dia teatral&nbsp;<em>You Won&#8217;t Believe What They Look Like Today!<\/em>, disse que est\u00e1 satisfeito em trabalhar s\u00f3 na produ\u00e7\u00e3o do Star+ e no espet\u00e1culo que divide o palco com Martin Short, que tamb\u00e9m participa de&nbsp;<em>Only Murders in the Building<\/em>.<\/p>\n\n\n\n<p>O ator foi indicado recentemente em tr\u00eas categorias no\u00a0Emmy 2022\u00a0por sua atua\u00e7\u00e3o na s\u00e9rie. A trama mostra tr\u00eas estranhos que moram no mesmo pr\u00e9dio e que t\u00eam uma predile\u00e7\u00e3o pelo g\u00eanero &#8220;true crime&#8221;. Entretanto, um assassinato acontece no lugar em que moram e envolve o trio num enredo real de homic\u00eddio.<\/p>\n\n\n\n<p><\/p>\n","protected":false},"excerpt":{"rendered":"<p>O ator disse que n\u00e3o pretende mais aceitar trabalhos no cinema nem na televis\u00e3o Steve Martin, ator de produ\u00e7\u00f5es de sucesso e filmes cl\u00e1ssicos de com\u00e9dia, anunciou a sua aposentadoria. Em entrevista \u00e0 revista The Hollywood Reporter, o astro disse que n\u00e3o vai mais aceitar convites para produ\u00e7\u00f5es nem no cinema, nem na televis\u00e3o. Atualmente, [&hellip;]<\/p>\n","protected":false},"author":8,"featured_media":8603,"comment_status":"closed","ping_status":"open","sticky":false,"template":"","format":"standard","meta":{"rop_custom_images_group":[],"rop_custom_messages_group":[],"rop_publish_now":"initial","rop_publish_now_accounts":[],"rop_publish_now_history":[],"rop_publish_now_status":"pending","footnotes":""},"categories":[16],"tags":[],"class_list":["post-8602","post","type-post","status-publish","format-standard","has-post-thumbnail","hentry","category-entertainment"],"amp_enabled":true,"_links":{"self":[{"href":"https:\/\/imais.online\/portal\/wp-json\/wp\/v2\/posts\/8602","targetHints":{"allow":["GET"]}}],"collection":[{"href":"https:\/\/imais.online\/portal\/wp-json\/wp\/v2\/posts"}],"about":[{"href":"https:\/\/imais.online\/portal\/wp-json\/wp\/v2\/types\/post"}],"author":[{"embeddable":true,"href":"https:\/\/imais.online\/portal\/wp-json\/wp\/v2\/users\/8"}],"replies":[{"embeddable":true,"href":"https:\/\/imais.online\/portal\/wp-json\/wp\/v2\/comments?post=8602"}],"version-history":[{"count":1,"href":"https:\/\/imais.online\/portal\/wp-json\/wp\/v2\/posts\/8602\/revisions"}],"predecessor-version":[{"id":8604,"href":"https:\/\/imais.online\/portal\/wp-json\/wp\/v2\/posts\/8602\/revisions\/8604"}],"wp:featuredmedia":[{"embeddable":true,"href":"https:\/\/imais.online\/portal\/wp-json\/wp\/v2\/media\/8603"}],"wp:attachment":[{"href":"https:\/\/imais.online\/portal\/wp-json\/wp\/v2\/media?parent=8602"}],"wp:term":[{"taxonomy":"category","embeddable":true,"href":"https:\/\/imais.online\/portal\/wp-json\/wp\/v2\/categories?post=8602"},{"taxonomy":"post_tag","embeddable":true,"href":"https:\/\/imais.online\/portal\/wp-json\/wp\/v2\/tags?post=8602"}],"curies":[{"name":"wp","href":"https:\/\/api.w.org\/{rel}","templated":true}]}}