{"id":8626,"date":"2022-08-15T15:18:12","date_gmt":"2022-08-15T18:18:12","guid":{"rendered":"https:\/\/imais.online\/portal\/?p=8626"},"modified":"2022-08-15T15:18:13","modified_gmt":"2022-08-15T18:18:13","slug":"dia-d-da-campanha-de-vacinacao-contra-poliomielite-e-multivacinacao-acontece-em-20-de-agosto","status":"publish","type":"post","link":"https:\/\/imais.online\/portal\/dia-d-da-campanha-de-vacinacao-contra-poliomielite-e-multivacinacao-acontece-em-20-de-agosto\/","title":{"rendered":"Dia D da Campanha de Vacina\u00e7\u00e3o contra Poliomielite e Multivacina\u00e7\u00e3o acontece em 20 de agosto"},"content":{"rendered":"<div class=\"imais-before-content-placement\" id=\"imais-34632497\"><script async src=\"\/\/pagead2.googlesyndication.com\/pagead\/js\/adsbygoogle.js?client=ca-pub-8787528412751566\" crossorigin=\"anonymous\"><\/script><ins class=\"adsbygoogle\" style=\"display:block;\" data-ad-client=\"ca-pub-8787528412751566\" \ndata-ad-slot=\"\" \ndata-ad-format=\"auto\"><\/ins>\n<script> \n(adsbygoogle = window.adsbygoogle || []).push({}); \n<\/script>\n<\/div>\n<p><em><small>16 vacinas diferentes estar\u00e3o dispon\u00edveis para crian\u00e7as maiores de 6 meses a menores de 15 anos<\/small><\/em><\/p>\n\n\n\n<p>A Secretaria de Sa\u00fade de Indaiatuba definiu os locais para o Dia D da Campanha de Vacina\u00e7\u00e3o contra Poliomielite e Multivacina\u00e7\u00e3o 2022. Dia 20 de agosto, nove espa\u00e7os p\u00fablicos estar\u00e3o com equipes para a atualiza\u00e7\u00e3o da carteirinha de vacina de crian\u00e7as maiores de 6 meses a menores de 15 anos. O objetivo desta a\u00e7\u00e3o \u00e9 ampliar a cobertura vacinal da poliomielite e atualizar a caderneta de vacinas com outros imunizantes.<\/p>\n\n\n\n<p>Ser\u00e3o oferecidas para este p\u00fablico as vacinas: pentavalente; p\u00f3lio inativado; pneumo 10; sarampo, caxumba e rub\u00e9ola; rotav\u00edrus; vacina oral contra poliomielite; tr\u00edplice bacteriana (DTP); hepatite B; hepatite A; varicela; febre amarela; meningite (ACWY); gripe; hpv; difteria e t\u00e9tano (DT). Os profissionais de Sa\u00fade tamb\u00e9m poder\u00e3o receber a vacina meningoc\u00f3cica C, desde que seja comprovado o v\u00ednculo empregat\u00edcio na \u00e1rea.<\/p>\n\n\n\n<p>As equipes da Secretaria de Sa\u00fade estar\u00e3o espalhadas pela cidade em 20 de agosto, por\u00e9m na sexta-feira (19), um dia antes ao Dia D, uma equipe tamb\u00e9m estar\u00e1 vacinando as crian\u00e7as do Jardim Brasil, das 8h \u00e0s 17h, na Pra\u00e7a em frente \u00e0 UBS do Jardim Brasil.<\/p>\n\n\n\n<p><strong>S\u00e1bado, 20 de Agosto<\/strong><\/p>\n\n\n\n<p>Vila de Todos os Santos \u2013 8h \u00e0s 17h \u2013 Pra\u00e7a em frente \u00e0 UBS 9.<\/p>\n\n\n\n<p>Cecap \u2013 8h \u00e0s 17h \u2013 Pra\u00e7a em frente \u00e0 UBS da Cecap.<\/p>\n\n\n\n<p>Morada do Sol \u2013 8h \u00e0s 17h \u2013 Rua Zephiro Puccinelli s\/n\u00ba, atr\u00e1s da UPA em frente ao CEO da Morada do Sol.<\/p>\n\n\n\n<p>Centro \u2013 8h \u00e0s 17h \u2013 Pra\u00e7a Dom Pedro.<\/p>\n\n\n\n<p>Jardim Esplanada \u2013 8h \u00e0s 17h \u2013 No estacionamento em frente \u00e0 Prefeitura.<\/p>\n\n\n\n<p>Jardim Oliveira Camargo \u2013 8h \u00e0s 11h30 \u2013 Em frente \u00e0 Escola Estadual Deolinda Maneira Severo.<\/p>\n\n\n\n<p>Jardim Campo Bonito \u2013 13h \u00e0s 17h \u2013 Em frente \u00e0 Creche Francisca Nadir Ferreira Menk Chiquita.<\/p>\n\n\n\n<p>Veredas da Conquista \u2013 8h \u00e0s 11h30 \u2013 Rua Gandhi, 355 &#8211; Igreja Presbiteriana.<\/p>\n\n\n\n<p>Engenho \u2013 8h \u00e0s 11h30 \u2013 Fazenda Santa Rita.<\/p>\n\n\n\n<p>Caminho da Luz \u2013 8h \u00e0s 11h30 \u2013 Pra\u00e7a na entrada do bairro.<\/p>\n\n\n\n<p>Para a vacina\u00e7\u00e3o devem ser apresentados RG e carteira de vacina\u00e7\u00e3o, para que o profissional de sa\u00fade possa atualizar com as vacinas faltantes. \u00c9 necess\u00e1rio tamb\u00e9m que um respons\u00e1vel esteja acompanhando a crian\u00e7a.<\/p>\n","protected":false},"excerpt":{"rendered":"<p>16 vacinas diferentes estar\u00e3o dispon\u00edveis para crian\u00e7as maiores de 6 meses a menores de 15 anos A Secretaria de Sa\u00fade de Indaiatuba definiu os locais para o Dia D da Campanha de Vacina\u00e7\u00e3o contra Poliomielite e Multivacina\u00e7\u00e3o 2022. Dia 20 de agosto, nove espa\u00e7os p\u00fablicos estar\u00e3o com equipes para a atualiza\u00e7\u00e3o da carteirinha de vacina [&hellip;]<\/p>\n","protected":false},"author":8,"featured_media":8627,"comment_status":"closed","ping_status":"open","sticky":false,"template":"","format":"standard","meta":{"rop_custom_images_group":[],"rop_custom_messages_group":[],"rop_publish_now":"initial","rop_publish_now_accounts":[],"rop_publish_now_history":[],"rop_publish_now_status":"pending","footnotes":""},"categories":[188],"tags":[73],"class_list":["post-8626","post","type-post","status-publish","format-standard","has-post-thumbnail","hentry","category-indaiatuba","tag-featured"],"amp_enabled":true,"_links":{"self":[{"href":"https:\/\/imais.online\/portal\/wp-json\/wp\/v2\/posts\/8626","targetHints":{"allow":["GET"]}}],"collection":[{"href":"https:\/\/imais.online\/portal\/wp-json\/wp\/v2\/posts"}],"about":[{"href":"https:\/\/imais.online\/portal\/wp-json\/wp\/v2\/types\/post"}],"author":[{"embeddable":true,"href":"https:\/\/imais.online\/portal\/wp-json\/wp\/v2\/users\/8"}],"replies":[{"embeddable":true,"href":"https:\/\/imais.online\/portal\/wp-json\/wp\/v2\/comments?post=8626"}],"version-history":[{"count":1,"href":"https:\/\/imais.online\/portal\/wp-json\/wp\/v2\/posts\/8626\/revisions"}],"predecessor-version":[{"id":8628,"href":"https:\/\/imais.online\/portal\/wp-json\/wp\/v2\/posts\/8626\/revisions\/8628"}],"wp:featuredmedia":[{"embeddable":true,"href":"https:\/\/imais.online\/portal\/wp-json\/wp\/v2\/media\/8627"}],"wp:attachment":[{"href":"https:\/\/imais.online\/portal\/wp-json\/wp\/v2\/media?parent=8626"}],"wp:term":[{"taxonomy":"category","embeddable":true,"href":"https:\/\/imais.online\/portal\/wp-json\/wp\/v2\/categories?post=8626"},{"taxonomy":"post_tag","embeddable":true,"href":"https:\/\/imais.online\/portal\/wp-json\/wp\/v2\/tags?post=8626"}],"curies":[{"name":"wp","href":"https:\/\/api.w.org\/{rel}","templated":true}]}}